{"id":344215,"date":"2025-08-26T02:46:10","date_gmt":"2025-08-26T02:46:10","guid":{"rendered":"https:\/\/www.europesays.com\/fr\/344215\/"},"modified":"2025-08-26T02:46:10","modified_gmt":"2025-08-26T02:46:10","slug":"sergio-perez-rejoint-cadillac-en-tant-que-superstar-de-la-f1-pour-2026-dans-un-accord-revolutionnaire-pluriannuel","status":"publish","type":"post","link":"https:\/\/www.europesays.com\/fr\/344215\/","title":{"rendered":"Sergio Perez rejoint Cadillac en tant que superstar de la F1 pour 2026 dans un accord r\u00e9volutionnaire pluriannuel."},"content":{"rendered":"<p>Sergio Perez pr\u00eat pour un retour \u00e9pique avec Cadillac dans le face-\u00e0-face de Formule 1 de 2026 !<\/p>\n<p>Dans un tournant d\u2019\u00e9v\u00e9nements stup\u00e9fiant, la Formule 1 est sur le point d\u2019annoncer une nouvelle sensationnelle : Sergio Perez, le prodige de la course ador\u00e9, s\u2019appr\u00eate \u00e0 rejoindre Cadillac pour la saison 2026 ! Des sources r\u00e9v\u00e8lent qu\u2019apr\u00e8s des n\u00e9gociations intenses, le pilote de 33 ans a conclu un contrat pluriannuel avec le g\u00e9ant automobile am\u00e9ricain, marquant un moment d\u00e9cisif dans sa carri\u00e8re de pilote.<\/p>\n<p>L\u2019excitation est palpable alors que des initi\u00e9s sugg\u00e8rent qu\u2019une annonce officielle pourrait tomber d\u00e8s cette semaine. Le buzz tourne autour des sp\u00e9cificit\u00e9s du contrat de Perez, qui s\u2019\u00e9tendrait apparemment sur au moins deux saisons, avec la possibilit\u00e9 all\u00e9chante d\u2019une troisi\u00e8me ann\u00e9e. Ce mouvement strat\u00e9gique est consid\u00e9r\u00e9 comme crucial pour Cadillac, le nouvel entrant sur la grille de F1, alors qu\u2019ils se pr\u00e9parent pour ce qui promet d\u2019\u00eatre un d\u00e9but difficile.<\/p>\n<p>Avec le retour de Perez sur le circuit, il partagera la vedette avec son compatriote vainqueur de course Valtteri Bottas, cr\u00e9ant un partenariat redoutable qui pourrait \u00e9branler les fondements m\u00eames du sport. Cadillac se pr\u00e9pare \u00e0 une op\u00e9ration \u00e0 double si\u00e8ge social s\u2019\u00e9tendant entre le Royaume-Uni et les \u00c9tats-Unis, et ils tireront parti de la puissance des moteurs Ferrari pour propulser leur campagne ambitieuse.<\/p>\n<p>Ce duo, choisi pour son exp\u00e9rience, est essentiel alors que Cadillac affronte les \u00e9quipes chevronn\u00e9es qui dominent la F1 depuis des ann\u00e9es. Les changements r\u00e9glementaires \u00e0 venir en 2026 repr\u00e9sentent une opportunit\u00e9 unique pour les nouveaux entrants, et Cadillac est pr\u00eate \u00e0 capitaliser sur ce r\u00e9ajustement. Les fans sont impatients de voir comment Perez et Bottas, tous deux dot\u00e9s du m\u00eame statut au sein de l\u2019\u00e9quipe, navigueront dans cette comp\u00e9tition f\u00e9roce.<\/p>\n<p>Alors que le compte \u00e0 rebours pour la r\u00e9v\u00e9lation officielle s\u2019\u00e9coule, on s\u2019attend \u00e0 ce que Perez se plonge directement dans les pr\u00e9paratifs, collaborant \u00e9troitement avec les ing\u00e9nieurs de Cadillac \u00e0 leur base ultramoderne de Silverstone. C\u2019est un moment critique pour le pilote mexicain, qui a pr\u00e9c\u00e9demment v\u00e9cu des montagnes russes \u00e9motionnelles chez Red Bull. Apr\u00e8s une carri\u00e8re exceptionnelle de 14 ans, qui a inclus six victoires remarquables\u2014la plus notable \u00e9tant sa premi\u00e8re victoire au Grand Prix de Sakhir en 2020\u2014Perez a connu une sortie tumultueuse de Red Bull \u00e0 la fin de 2024. Ses rempla\u00e7ants, Liam Lawson et Yuki Tsunoda, ont eu du mal \u00e0 remplir ses chaussures, amplifiant l\u2019anticipation autour du retour de Perez.<\/p>\n<p>Alors que le monde tourne son regard vers le paysage \u00e9volutif de la Formule 1, une question demeure : Sergio Perez peut-il mener Cadillac vers des sommets sans pr\u00e9c\u00e9dent ? Le compte \u00e0 rebours pour l\u2019annonce officielle est lanc\u00e9, et les fans sont sur le bord de leur si\u00e8ge, attendant avec impatience ce qui promet d\u2019\u00eatre un nouveau chapitre palpitant dans la saga de course de Perez !<\/p>\n","protected":false},"excerpt":{"rendered":"Sergio Perez pr\u00eat pour un retour \u00e9pique avec Cadillac dans le face-\u00e0-face de Formule 1 de 2026 !&hellip;\n","protected":false},"author":2,"featured_media":344216,"comment_status":"","ping_status":"","sticky":false,"template":"","format":"standard","meta":{"footnotes":""},"categories":[1412],"tags":[47015,48050,48051,1451,1452,1453,1454,1455,1011,27,13450,60,44454],"class_list":{"0":"post-344215","1":"post","2":"type-post","3":"status-publish","4":"format-standard","5":"has-post-thumbnail","7":"category-f1","8":"tag-1958-formula-1-season","9":"tag-2026-formula-1-season","10":"tag-cadillac-crushes","11":"tag-f1","12":"tag-formula-1","13":"tag-formula1","14":"tag-formule-1","15":"tag-formule1","16":"tag-fr","17":"tag-france","18":"tag-sergio-perez","19":"tag-sports","20":"tag-valtteri-bottas"},"share_on_mastodon":{"url":"https:\/\/pubeurope.com\/@fr\/115092782046557108","error":""},"_links":{"self":[{"href":"https:\/\/www.europesays.com\/fr\/wp-json\/wp\/v2\/posts\/344215","targetHints":{"allow":["GET"]}}],"collection":[{"href":"https:\/\/www.europesays.com\/fr\/wp-json\/wp\/v2\/posts"}],"about":[{"href":"https:\/\/www.europesays.com\/fr\/wp-json\/wp\/v2\/types\/post"}],"author":[{"embeddable":true,"href":"https:\/\/www.europesays.com\/fr\/wp-json\/wp\/v2\/users\/2"}],"replies":[{"embeddable":true,"href":"https:\/\/www.europesays.com\/fr\/wp-json\/wp\/v2\/comments?post=344215"}],"version-history":[{"count":0,"href":"https:\/\/www.europesays.com\/fr\/wp-json\/wp\/v2\/posts\/344215\/revisions"}],"wp:featuredmedia":[{"embeddable":true,"href":"https:\/\/www.europesays.com\/fr\/wp-json\/wp\/v2\/media\/344216"}],"wp:attachment":[{"href":"https:\/\/www.europesays.com\/fr\/wp-json\/wp\/v2\/media?parent=344215"}],"wp:term":[{"taxonomy":"category","embeddable":true,"href":"https:\/\/www.europesays.com\/fr\/wp-json\/wp\/v2\/categories?post=344215"},{"taxonomy":"post_tag","embeddable":true,"href":"https:\/\/www.europesays.com\/fr\/wp-json\/wp\/v2\/tags?post=344215"}],"curies":[{"name":"wp","href":"https:\/\/api.w.org\/{rel}","templated":true}]}}