{"id":344217,"date":"2025-08-26T02:47:10","date_gmt":"2025-08-26T02:47:10","guid":{"rendered":"https:\/\/www.europesays.com\/fr\/344217\/"},"modified":"2025-08-26T02:47:10","modified_gmt":"2025-08-26T02:47:10","slug":"leandre-lozouet-16eme-arkea-bb-hotels","status":"publish","type":"post","link":"https:\/\/www.europesays.com\/fr\/344217\/","title":{"rendered":"L\u00e9andre Lozouet 16\u00e8me | ARKEA-B&#038;B HOTELS"},"content":{"rendered":"<p>Alessandro est parvenu \u00e0 prendre l\u2019\u00e9chapp\u00e9e, et il a fait les points de la montagne, ce qui lui permet de reprendre le maillot de meilleur grimpeur de la Vuelta. Il va quitter son pays demain avec l\u2019un des maillots de leader de la Vuelta. Les Lild Trek ont fait un gros tempo dans le final, ce qui a \u00e9limin\u00e9 pas mal de sprinteurs dont Jenthe Biermans. L\u00e9andre Lozouet qui d\u00e9couvre un Grand Tour fait un beau sprint, et se classe 16\u00e8me. Ce qui est encourageant. Il est en condition, se d\u00e9couvre et r\u00e9alise un bon d\u00e9but de Vuelta. Nos deux leaders sont dans le match ce qui est \u00e9galement une satisfaction.<\/p>\n","protected":false},"excerpt":{"rendered":"Alessandro est parvenu \u00e0 prendre l\u2019\u00e9chapp\u00e9e, et il a fait les points de la montagne, ce qui lui&hellip;\n","protected":false},"author":2,"featured_media":344218,"comment_status":"","ping_status":"","sticky":false,"template":"","format":"standard","meta":{"footnotes":""},"categories":[1411],"tags":[1154,207,1011,27,60],"class_list":{"0":"post-344217","1":"post","2":"type-post","3":"status-publish","4":"format-standard","5":"has-post-thumbnail","7":"category-cyclisme","8":"tag-cycling","9":"tag-cyclisme","10":"tag-fr","11":"tag-france","12":"tag-sports"},"share_on_mastodon":{"url":"https:\/\/pubeurope.com\/@fr\/115092786030636242","error":""},"_links":{"self":[{"href":"https:\/\/www.europesays.com\/fr\/wp-json\/wp\/v2\/posts\/344217","targetHints":{"allow":["GET"]}}],"collection":[{"href":"https:\/\/www.europesays.com\/fr\/wp-json\/wp\/v2\/posts"}],"about":[{"href":"https:\/\/www.europesays.com\/fr\/wp-json\/wp\/v2\/types\/post"}],"author":[{"embeddable":true,"href":"https:\/\/www.europesays.com\/fr\/wp-json\/wp\/v2\/users\/2"}],"replies":[{"embeddable":true,"href":"https:\/\/www.europesays.com\/fr\/wp-json\/wp\/v2\/comments?post=344217"}],"version-history":[{"count":0,"href":"https:\/\/www.europesays.com\/fr\/wp-json\/wp\/v2\/posts\/344217\/revisions"}],"wp:featuredmedia":[{"embeddable":true,"href":"https:\/\/www.europesays.com\/fr\/wp-json\/wp\/v2\/media\/344218"}],"wp:attachment":[{"href":"https:\/\/www.europesays.com\/fr\/wp-json\/wp\/v2\/media?parent=344217"}],"wp:term":[{"taxonomy":"category","embeddable":true,"href":"https:\/\/www.europesays.com\/fr\/wp-json\/wp\/v2\/categories?post=344217"},{"taxonomy":"post_tag","embeddable":true,"href":"https:\/\/www.europesays.com\/fr\/wp-json\/wp\/v2\/tags?post=344217"}],"curies":[{"name":"wp","href":"https:\/\/api.w.org\/{rel}","templated":true}]}}