{"id":344219,"date":"2025-08-26T02:48:15","date_gmt":"2025-08-26T02:48:15","guid":{"rendered":"https:\/\/www.europesays.com\/fr\/344219\/"},"modified":"2025-08-26T02:48:15","modified_gmt":"2025-08-26T02:48:15","slug":"plusieurs-dossiers-chauds-avant-la-fin-du-mercato","status":"publish","type":"post","link":"https:\/\/www.europesays.com\/fr\/344219\/","title":{"rendered":"Plusieurs dossiers chauds avant la fin du mercato"},"content":{"rendered":"<p><img width=\"700\" height=\"350\" src=\"https:\/\/www.europesays.com\/fr\/wp-content\/uploads\/2025\/08\/Luis-Enrique-Luis-Campos.jpg\" class=\"attachment-jannah-image-post size-jannah-image-post wp-post-image\" alt=\"Luis enrique luis campos\" is_main_img=\"1\" decoding=\"async\" fetchpriority=\"high\"  \/><\/p>\n<p>Il reste une semaine de mercato. Si du c\u00f4t\u00e9 des arriv\u00e9es, il<br \/>\nne devrait rien y avoir, le PSG a encore plusieurs dossiers sur la<br \/>\ntable du c\u00f4t\u00e9 des d\u00e9parts.<\/p>\n<p>Avec les arriv\u00e9es de <strong>Lucas Chevalier<\/strong>,<br \/>\n<strong>Renato Marin<\/strong> et <strong>Illia Zabarnyi,<\/strong><br \/>\nle mercato du <strong>PSG<\/strong> dans le sens des arriv\u00e9es semble<br \/>\ntermin\u00e9, m\u00eame si <strong>Luis Enrique<\/strong> n\u2019a pas ferm\u00e9 la<br \/>\nporte \u00e0 de possibles arriv\u00e9es. Selon les derni\u00e8res rumeurs, une<br \/>\narriv\u00e9e serait uniquement \u00e9tudi\u00e9e en cas de d\u00e9part d\u2019un joueur qui<br \/>\nn\u2019\u00e9tait pas sur la liste des transferts. La fin du mercato du<br \/>\n<strong>PSG<\/strong> devrait \u00eatre anim\u00e9e du c\u00f4t\u00e9 des d\u00e9parts.<br \/>\n<a href=\"https:\/\/www.leparisien.fr\/sports\/football\/psg\/mercato-psg-donnarumma-tenas-kolo-muani-paris-a-une-semaine-pour-conclure-les-derniers-dossiers-25-08-2025-BPQEKVTZPJFZHJO7MQBI4VD6GU.php\" target=\"_blank\" rel=\"noopener\" title=\"\">Le Parisien<\/a> fait<br \/>\nun point sur les dossiers chauds dans ce sens.\u00a0<\/p>\n<p>A voir aussi : <a href=\"https:\/\/canal-supporters.com\/mercato-letau-se-resserre-pour-gianluigi-donnarumma-sur-le-marche\/\" title=\"\" target=\"_blank\" rel=\"noopener\">Mercato : L\u2019\u00e9tau se resserre pour Gianluigi Donnarumma sur<br \/>\nle march\u00e9<\/a><\/p>\n<p><a href=\"https:\/\/x.com\/CanalSupporters\" target=\"_blank\" rel=\"noopener\" title=\"\">canalsupporters.com<\/a><\/p>\n<p>Donnarumma,<br \/>\nTenas, Kolo Muani\u2026<\/p>\n<p>Le dossier le plus symbolique concerne <strong>Gianluigi<br \/>\nDonnarumma<\/strong>, avance le quotidien francilien. \u00ab\u00a0La<br \/>\npiste la plus chaude m\u00e8ne toujours \u00e0 <strong>Manchester<br \/>\nCity<\/strong> avec qui <strong>Donnarumma<\/strong> a trouv\u00e9 un<br \/>\naccord contractuel, alors que les n\u00e9gociations entre le<br \/>\n<strong>PSG<\/strong> et le club anglais, qui n\u2019ont jamais r\u00e9alis\u00e9<br \/>\nde transfert ensemble depuis leur rachat par des investisseurs<br \/>\n\u00e9miratis et qatariens, se poursuivent.\u00a0\u00bb Les discussions<br \/>\nportent sur l\u2019indemnit\u00e9 de transfert vers\u00e9e par les<br \/>\n<strong>Citizens<\/strong> pour s\u2019attacher les services\u00a0du<br \/>\ngardien. La direction sportive ne veut pas mettre des b\u00e2tons dans<br \/>\nles roues de <strong>Donnarumma<\/strong> mais elle n\u2019entend pas non<br \/>\nplus brader une des r\u00e9f\u00e9rences mondiales \u00e0 ce poste. Son d\u00e9part<br \/>\npourrait se finaliser autour d\u2019une quarantaine de millions d\u2019euros,<br \/>\navance Le Parisien. L\u2019autre mouvement attendu du c\u00f4t\u00e9 des<br \/>\ngardiens est le d\u00e9part d\u2019<strong><a href=\"https:\/\/canal-supporters.com\/mercato-arnau-tenas-est-tombe-daccord-avec-villareal-qui-finalise-avec-le-psg\/\" title=\"\" target=\"_blank\" rel=\"noopener\">Arnau Tenas<\/a><\/strong> qui a \u00e9galement dit au revoir aux<br \/>\nsupporters. Sachant qu\u2019il aurait tr\u00e8s peu de chance de jouer cette<br \/>\nsaison, il a fait part \u00e0 ses proches de ses envies d\u2019ailleurs<br \/>\nmalgr\u00e9 son fort attachement au club. \u00ab\u00a0Il se rapproche \u00e0<br \/>\ngrands pas d\u2019un retour en <strong>Espagne<\/strong>, \u00e0<br \/>\n<strong>Villarreal,<\/strong> alors qu\u2019il \u00e9tait \u00e9galement dans le<br \/>\nviseur de plusieurs formations anglaises. Tomb\u00e9 d\u2019accord avec le<br \/>\nsous-marin jaune, le champion olympique a bon espoir de voir sa<br \/>\nsituation se r\u00e9gler dans le courant de la semaine.\u00a0\u00bb En<br \/>\nce qui concerne <strong>Presnel Kimpembe<\/strong>, le<br \/>\n<strong>PSG<\/strong> a ouvert la porte. Ce dossier pourrait<br \/>\ns\u2019acc\u00e9l\u00e9rer dans les prochains jours avec un potentiel rebond au<br \/>\n<strong>Qatar<\/strong>, o\u00f9 les dirigeants du <strong>PSG<\/strong><br \/>\nposs\u00e8dent les connexions n\u00e9cessaires pour faciliter d\u2019\u00e9ventuelles<br \/>\nsorties. Le march\u00e9 local ferme ses portes le 16 septembre. Pour<br \/>\n<strong>Randal Kolo Muani<\/strong>, \u00ab\u00a0il s\u2019est mis<br \/>\nd\u2019accord avec la Juventus sur les bases d\u2019un contrat de cinq ans,<br \/>\nmais les discussions entre les Italiens et le <strong>PSG<\/strong><br \/>\ns\u2019\u00e9ternisent.\u00a0\u00bb Concernant les cas des Espagnols<br \/>\n<strong>Asensio<\/strong> et <strong>Soler<\/strong>, le premier est<br \/>\ntoujours pist\u00e9 par <strong><a href=\"https:\/\/canal-supporters.com\/mercato-lavenir-de-marco-asensio-seclaircit\/\" title=\"\" target=\"_blank\" rel=\"noopener\">Aston Villa<\/a><\/strong>, o\u00f9 il avait \u00e9t\u00e9 pr\u00eat\u00e9 en<br \/>\ndeuxi\u00e8me partie de saison, et le second poss\u00e8de des touches en<br \/>\n<strong>Espagne<\/strong> et en <strong>Premier League<\/strong>.<br \/>\nDans ce genre de dossier, chaque partie est souvent persuad\u00e9e, \u00e0<br \/>\ntort, que le temps joue en sa faveur. Le compte \u00e0 rebours est<br \/>\nlanc\u00e9, conclut Le Parisien.\u00a0<\/p><\/p>\n","protected":false},"excerpt":{"rendered":"Il reste une semaine de mercato. Si du c\u00f4t\u00e9 des arriv\u00e9es, il ne devrait rien y avoir, le&hellip;\n","protected":false},"author":2,"featured_media":344220,"comment_status":"","ping_status":"","sticky":false,"template":"","format":"standard","meta":{"footnotes":""},"categories":[1410],"tags":[4134,48052,28743,787,13121,63,1011,27,10528,14414,7155,4136,1434,1435,626,91,92,14418,93,7157,48053,60,96],"class_list":{"0":"post-344219","1":"post","2":"type-post","3":"status-publish","4":"format-standard","5":"has-post-thumbnail","7":"category-football","8":"tag-asensio","9":"tag-canal-suppoters","10":"tag-carlos-soler","11":"tag-cs","12":"tag-donnarumma","13":"tag-football","14":"tag-fr","15":"tag-france","16":"tag-gianluigi-donnarumma","17":"tag-kimpembe","18":"tag-kolo-muani","19":"tag-marco-asensio","20":"tag-mercato","21":"tag-mercato-psg","22":"tag-paris","23":"tag-paris-saint-germain","24":"tag-paris-sg","25":"tag-presnel-kimpembe","26":"tag-psg","27":"tag-randal-kolo-muani","28":"tag-soler","29":"tag-sports","30":"tag-une"},"share_on_mastodon":{"url":"https:\/\/pubeurope.com\/@fr\/115092790016899689","error":""},"_links":{"self":[{"href":"https:\/\/www.europesays.com\/fr\/wp-json\/wp\/v2\/posts\/344219","targetHints":{"allow":["GET"]}}],"collection":[{"href":"https:\/\/www.europesays.com\/fr\/wp-json\/wp\/v2\/posts"}],"about":[{"href":"https:\/\/www.europesays.com\/fr\/wp-json\/wp\/v2\/types\/post"}],"author":[{"embeddable":true,"href":"https:\/\/www.europesays.com\/fr\/wp-json\/wp\/v2\/users\/2"}],"replies":[{"embeddable":true,"href":"https:\/\/www.europesays.com\/fr\/wp-json\/wp\/v2\/comments?post=344219"}],"version-history":[{"count":0,"href":"https:\/\/www.europesays.com\/fr\/wp-json\/wp\/v2\/posts\/344219\/revisions"}],"wp:featuredmedia":[{"embeddable":true,"href":"https:\/\/www.europesays.com\/fr\/wp-json\/wp\/v2\/media\/344220"}],"wp:attachment":[{"href":"https:\/\/www.europesays.com\/fr\/wp-json\/wp\/v2\/media?parent=344219"}],"wp:term":[{"taxonomy":"category","embeddable":true,"href":"https:\/\/www.europesays.com\/fr\/wp-json\/wp\/v2\/categories?post=344219"},{"taxonomy":"post_tag","embeddable":true,"href":"https:\/\/www.europesays.com\/fr\/wp-json\/wp\/v2\/tags?post=344219"}],"curies":[{"name":"wp","href":"https:\/\/api.w.org\/{rel}","templated":true}]}}