{"id":344223,"date":"2025-08-26T02:50:16","date_gmt":"2025-08-26T02:50:16","guid":{"rendered":"https:\/\/www.europesays.com\/fr\/344223\/"},"modified":"2025-08-26T02:50:16","modified_gmt":"2025-08-26T02:50:16","slug":"gauguin-titien-rubens-rembrandt-des-tresors-californiens-a-la-fondation-gianadda-en-suisse","status":"publish","type":"post","link":"https:\/\/www.europesays.com\/fr\/344223\/","title":{"rendered":"Gauguin, Titien, Rubens, Rembrandt\u2026 Des tr\u00e9sors californiens \u00e0 la Fondation Gianadda, en Suisse"},"content":{"rendered":"<p><strong>EXPOSITION &#8211;<\/strong> Le Mus\u00e9e Hammer, \u00e0 Los\u00a0Angeles, pr\u00eate une s\u00e9lection de ses \u0153uvres modernes \u00e0 l\u2019institution qui perp\u00e9tue sa mission, deux ans apr\u00e8s la mort de son fondateur.<\/p>\n<p class=\"fig-paragraph\">Bonne nouvelle\u00a0: la fondation d\u2019art cr\u00e9\u00e9e dans sa ville natale par le collectionneur, m\u00e9c\u00e8ne et acad\u00e9micien helv\u00e8te\u00a0<a href=\"https:\/\/www.lefigaro.fr\/arts-expositions\/disparition-de-leonard-gianadda-entrepreneur-et-mecene-culturel-20231204\" data-fig-type=\"Article\" data-gtm-custom-categorie=\"navigation\" data-gtm-custom-action=\"crossclick\" data-gtm-custom-label=\"Contextuel\" data-gtm-event=\"customEventSPE\" data-fig-domain=\"LEFIGARO\" target=\"_blank\" rel=\"noopener\">L\u00e9onard Gianadda<\/a>, au c\u0153ur du Valais suisse, \u00e0 Martigny, se perp\u00e9tue. Cela par-del\u00e0 le d\u00e9c\u00e8s de ce dernier, survenu fin 2023. L\u2019un de ses fils, Fran\u00e7ois, assure la rel\u00e8ve, fid\u00e8le ici \u00e0 un dynamisme culturel remarquable.<\/p>\n<p class=\"fig-paragraph\">En effet, depuis son ouverture, en 1979, le b\u00e2timent, con\u00e7u par son p\u00e8re ing\u00e9nieur &#8211;\u00a0un cube de b\u00e9ton aust\u00e8re mais agr\u00e9ment\u00e9 d\u2019un riche jardin de sculptures ainsi que d\u2019une collection de voitures anciennes log\u00e9e au sous-sol\u00a0-, a accueilli des dizaines d\u2019expositions temporaires, souvent de rang international. Avec, toujours en harmonie, des concerts symphoniques et des r\u00e9citals prestigieux, comme ceux de\u00a0<a href=\"https:\/\/www.lefigaro.fr\/musique\/cecilia-bartoli-les-grandes-voix-ont-toujours-ete-chez-elles-a-monte-carlo-20220922\" data-fig-type=\"Article\" data-gtm-custom-categorie=\"navigation\" data-gtm-custom-action=\"crossclick\" data-gtm-custom-label=\"Contextuel\" data-gtm-event=\"customEventSPE\" data-fig-domain=\"LEFIGARO\" target=\"_blank\" rel=\"noopener\">Cecilia Bartoli<\/a>\u00a0ces derniers jours.<\/p>\n<p class=\"fig-body-link\">\n            \u00c0 lire aussi<br \/>\n        <a class=\"fig-body-link__link\" href=\"https:\/\/www.lefigaro.fr\/2007\/08\/02\/03004-20070802ARTFIG90107-_martigny_chagall_demeure_une_valeur_sure.php\" data-fig-type=\"Article\" data-gtm-custom-categorie=\"navigation\" data-gtm-custom-action=\"crossclick\" data-gtm-custom-label=\"Contextuel\" data-gtm-event=\"customEventSPE\" data-fig-domain=\"LEFIGARO\" target=\"_blank\" rel=\"noopener\">A Martigny, Chagall demeure une valeur s\u00fbre<br \/>\n    <\/a>\n<\/p>\n<p>Un ultime v\u0153u concr\u00e9tis\u00e9<\/p>\n<p class=\"fig-paragraph\">Martigny, commune ne comptant gu\u00e8re plus de 22.000\u00a0\u00e2mes, s\u2019enorgueillit ainsi d\u2019avoir vu passer quantit\u00e9 de tr\u00e9sors, de ceux de L\u00e9onard de Vinci \u00e0 ceux d\u2019un\u00a0<a href=\"http:\/\/www.lefigaro.fr\/culture\/emmanuel-macron-rend-hommage-a-pierre-soulages-au-coeur-du-louvre-20221102\" data-fig-type=\"NewsFlash\" data-gtm-custom-categorie=\"navigation\" data-gtm-custom-action=\"crossclick\" data-gtm-custom-label=\"Contextuel\" data-gtm-event=\"customEventSPE\" data-fig-domain=\"LEFIGARO\" target=\"_blank\" rel=\"noopener\">Soulages\u00a0<\/a>ou d\u2019un Zao Wou-Ki. Au fil des saisons, Turner, Manet\u2026<\/p>\n<p class=\"fig-premium-paywall__infos\">\n        Cet article est r\u00e9serv\u00e9 aux abonn\u00e9s.        Il vous reste 79% \u00e0 d\u00e9couvrir.\n    <\/p>\n<p>                <img  data- alt=\"Le Figaro\" class=\"fig-img--complete fig-img\"\/><\/p>\n<p class=\"fig-premium-paywall__title\">Vente Flash<\/p>\n<p class=\"fig-premium-paywall__subtitle\">4,99\u20ac par mois pendant 12 mois. Sans engagement<\/p>\n<p class=\"fig-premium-paywall__connect\">\n                D\u00e9j\u00e0 abonn\u00e9\u00a0?                <a class=\"fig-premium-paywall__connect-link\" href=\"https:\/\/connect.lefigaro.fr\/login?client=horizon_web&amp;type=main&amp;redirect_uri=https%3A%2F%2Fwww.lefigaro.fr%2Farts-expositions%2Fgauguin-titien-rubens-rembrandt-des-tresors-californiens-a-la-fondation-gianadda-en-suisse-20250825\" data-js-gtm=\"{&quot;customCategorie&quot;: &quot;conversion&quot;, &quot;customAction&quot;: &quot;before_Landing_Connexion_paywall_auto&quot;, &quot;customLabel&quot;: &quot;bGVmaWdhcm8uZnJfXzFmMDYwOGI1LTQ1Y2ItNmI1Ni1hNjVkLWFiOTg0MWQxMTRiZF9fQXJ0aWNsZQ==_Gauguin, Titien, Rubens, Rembrandt\u2026 Des tr\u00e9sors californiens \u00e0 la Fondation Gianadda, en Suisse_219&quot;, &quot;customIDSPE&quot;: &quot;bGVmaWdhcm8uZnJfXzFmMDYwOGI1LTQ1Y2ItNmI1Ni1hNjVkLWFiOTg0MWQxMTRiZF9fQXJ0aWNsZQ==&quot;, &quot;event&quot;: &quot;customEventSPE&quot;}\" target=\"_blank\" rel=\"noopener\"><br \/>\n                    Connectez-vous<br \/>\n                <\/a>\n            <\/p>\n","protected":false},"excerpt":{"rendered":"EXPOSITION &#8211; Le Mus\u00e9e Hammer, \u00e0 Los\u00a0Angeles, pr\u00eate une s\u00e9lection de ses \u0153uvres modernes \u00e0 l\u2019institution qui perp\u00e9tue&hellip;\n","protected":false},"author":2,"featured_media":344224,"comment_status":"","ping_status":"","sticky":false,"template":"","format":"standard","meta":{"footnotes":""},"categories":[1358],"tags":[1348,1384,1385,1386,58,59,1011,27,35041,35793,12960,3067,12573],"class_list":{"0":"post-344223","1":"post","2":"type-post","3":"status-publish","4":"format-standard","5":"has-post-thumbnail","7":"category-arts-et-design","8":"tag-arts","9":"tag-arts-and-design","10":"tag-arts-et-design","11":"tag-design","12":"tag-divertissement","13":"tag-entertainment","14":"tag-fr","15":"tag-france","16":"tag-gauguin","17":"tag-paul-cezanne","18":"tag-rembrandt","19":"tag-suisse","20":"tag-vincent-van-gogh"},"share_on_mastodon":{"url":"https:\/\/pubeurope.com\/@fr\/115092797897129675","error":""},"_links":{"self":[{"href":"https:\/\/www.europesays.com\/fr\/wp-json\/wp\/v2\/posts\/344223","targetHints":{"allow":["GET"]}}],"collection":[{"href":"https:\/\/www.europesays.com\/fr\/wp-json\/wp\/v2\/posts"}],"about":[{"href":"https:\/\/www.europesays.com\/fr\/wp-json\/wp\/v2\/types\/post"}],"author":[{"embeddable":true,"href":"https:\/\/www.europesays.com\/fr\/wp-json\/wp\/v2\/users\/2"}],"replies":[{"embeddable":true,"href":"https:\/\/www.europesays.com\/fr\/wp-json\/wp\/v2\/comments?post=344223"}],"version-history":[{"count":0,"href":"https:\/\/www.europesays.com\/fr\/wp-json\/wp\/v2\/posts\/344223\/revisions"}],"wp:featuredmedia":[{"embeddable":true,"href":"https:\/\/www.europesays.com\/fr\/wp-json\/wp\/v2\/media\/344224"}],"wp:attachment":[{"href":"https:\/\/www.europesays.com\/fr\/wp-json\/wp\/v2\/media?parent=344223"}],"wp:term":[{"taxonomy":"category","embeddable":true,"href":"https:\/\/www.europesays.com\/fr\/wp-json\/wp\/v2\/categories?post=344223"},{"taxonomy":"post_tag","embeddable":true,"href":"https:\/\/www.europesays.com\/fr\/wp-json\/wp\/v2\/tags?post=344223"}],"curies":[{"name":"wp","href":"https:\/\/api.w.org\/{rel}","templated":true}]}}