{"id":344225,"date":"2025-08-26T02:51:19","date_gmt":"2025-08-26T02:51:19","guid":{"rendered":"https:\/\/www.europesays.com\/fr\/344225\/"},"modified":"2025-08-26T02:51:19","modified_gmt":"2025-08-26T02:51:19","slug":"invite-ou-non-hier-est-toujours-la-sur-blackouts-de-justin-torres","status":"publish","type":"post","link":"https:\/\/www.europesays.com\/fr\/344225\/","title":{"rendered":"\u00ab\u00a0Invit\u00e9 ou non, hier est toujours l\u00e0\u00a0\u00bb\u00a0\u2013\u00a0sur Blackouts de Justin Torres"},"content":{"rendered":"<p>                        \u00ab\u00a0Invit\u00e9 ou non, hier est toujours l\u00e0\u00a0\u00bb\u00a0\u2013\u00a0sur Blackouts de Justin Torres<\/p>\n<p class=\"byline author vcard\">Par    <a href=\"https:\/\/aoc.media\/auteur\/helene-giannecchiniaoc-media\/\" title=\"Articles par H\u00e9l\u00e8ne Giannecchini\" class=\"author url fn\" rel=\"author nofollow noopener\" target=\"_blank\">H\u00e9l\u00e8ne Giannecchini<\/a><\/p>\n<p>\u00c0 la recherche d\u2019un dispositif pour \u00e9crire la m\u00e9moire queer, Justin Torres plonge dans les archives, non pas pour y trouver des documents historiques porteurs d\u2019une scientificit\u00e9 indiscutable, mais plut\u00f4t un mat\u00e9riau plastique \u00e0 modeler, trouer et monter autrement, un lieu d\u2019exercice de la litt\u00e9rature. L\u2019occasion de rendre \u00e0 Jan Gay, pionni\u00e8re des \u00e9tudes queers, le travail que George\u00a0W. Henry lui a vol\u00e9, l\u2019instrumentalisant \u00e0 son insu. Rediffusion d\u2019un article du 17 f\u00e9vrier 2025.<\/p>\n<p class=\"first-paragraph\">Douze ans s\u00e9parent Vie animale, le premier livre de l\u2019auteur am\u00e9ricain Justin Torres, paru en\u00a02012, et son second ouvrage, Blackouts, sorti en ao\u00fbt dernier. Rares sont les \u00e9crivain\u00b7es qui s\u2019accordent un tel temps pour \u00e9crire et, malgr\u00e9 les ann\u00e9es qui ont pass\u00e9, ces deux textes sont immens\u00e9ment proches, voisins m\u00eame, comme deux pi\u00e8ces d\u2019un m\u00eame appartement. On referme l\u2019un pour entrer dans l\u2019autre avec un sentiment d\u2019\u00e9vidence et de continuit\u00e9. Seule preuve du temps \u00e9coul\u00e9 : le narrateur de Blackouts n\u2019est plus un adolescent comme dans Vie animale, mais un homme de vingt-sept ans. Une m\u00eame voix, seulement vieillie de quelques ann\u00e9es, r\u00e9sonne d\u2019un texte \u00e0 l\u2019autre.<\/p>\n<p><a href=\"https:\/\/www.albin-michel.fr\/un-amour-infini-9782226498687\" target=\"_blank\" rel=\"noopener nofollow\"><img fetchpriority=\"high\" decoding=\"async\" class=\"wp-image-255208 size-full\" src=\"https:\/\/www.europesays.com\/fr\/wp-content\/uploads\/2025\/08\/UnAmour-infini.jpeg\" alt=\"\" width=\"300\" height=\"250\"\/><\/a>publicit\u00e9<\/p>\n<p>Nene, le narrateur de Blackouts, a quitt\u00e9 la grande ville et son tumulte. Il y a tout perdu, un d\u00e9g\u00e2t des eaux a emport\u00e9 son appartement et ses affaires. Il a d\u00e9cid\u00e9 de partir vers un lieu singulier en plein d\u00e9sert : le Palais. Libre \u00e0 nous d\u2019imaginer l\u2019endroit qui reste plut\u00f4t fantomatique et indistinct dans le texte, \u00e0 la fois h\u00f4tel et asile, il est bri\u00e8vement d\u00e9crit par Torres comme une b\u00e2tisse monumentale dont \u00ab le stuc autrefois blanc [est] maintenant ivoire sale \u00bb. Le Palais est divis\u00e9 en petites chambres individuelles, on y croise peu de monde, si ce n\u2019est parfois un homme en serviette qui sort de la douche et que Nene d\u00e9sire intens\u00e9ment. On y perd la notion du temps, le jour et la nuit se m\u00ealent et deviennent indistincts, les heures ralentissent et le monde semble en suspens.<\/p>\n<p>Ce qui conduit Nene au Palais est avant tout sa volont\u00e9 d\u2019y retrouver un ami, ou plut\u00f4t un a\u00een\u00e9\u00a0: Juan, un vieil homme portoricain, r\u00e9sident permanent de cet endroit dans lequel il s\u2019appr\u00eate \u00e0 mourir.<\/p>\n<p>Nene et Juan se sont rencontr\u00e9s il y a longtemps, \u00e0 l\u2019h\u00f4pital. L\u2019adolescent venu \u00ab\u00a0du trou du cul du monde\u00a0\u00bb \u00e9tait alors terrifi\u00e9 et en col\u00e8re et Juan, lui, parlait peu, si ce n\u2019est pour \u00e9voquer Rimbaud ou des bribes de son histoire queer\u00a0; cette \u00ab\u00a0culture de la subversion et de la d\u00e9viance\u00a0\u2013 un h\u00e9ritage\u00a0\u00bb. Ils ont donc en<\/p>\n<p class=\"author_name\">\n                <a href=\"https:\/\/aoc.media\/auteur\/helene-giannecchiniaoc-media\/\" rel=\"nofollow noopener\" target=\"_blank\">H\u00e9l\u00e8ne Giannecchini<\/a>\n            <\/p>\n<p class=\"author_func\">\n                \u00c9crivaine            <\/p>\n","protected":false},"excerpt":{"rendered":"\u00ab\u00a0Invit\u00e9 ou non, hier est toujours l\u00e0\u00a0\u00bb\u00a0\u2013\u00a0sur Blackouts de Justin Torres Par H\u00e9l\u00e8ne Giannecchini \u00c0 la recherche d\u2019un&hellip;\n","protected":false},"author":2,"featured_media":344226,"comment_status":"","ping_status":"","sticky":false,"template":"","format":"standard","meta":{"footnotes":""},"categories":[1357],"tags":[1379,58,59,1011,27,1380,47384],"class_list":{"0":"post-344225","1":"post","2":"type-post","3":"status-publish","4":"format-standard","5":"has-post-thumbnail","7":"category-livres","8":"tag-books","9":"tag-divertissement","10":"tag-entertainment","11":"tag-fr","12":"tag-france","13":"tag-livres","14":"tag-rediffusion"},"share_on_mastodon":{"url":"https:\/\/pubeurope.com\/@fr\/115092801715778046","error":""},"_links":{"self":[{"href":"https:\/\/www.europesays.com\/fr\/wp-json\/wp\/v2\/posts\/344225","targetHints":{"allow":["GET"]}}],"collection":[{"href":"https:\/\/www.europesays.com\/fr\/wp-json\/wp\/v2\/posts"}],"about":[{"href":"https:\/\/www.europesays.com\/fr\/wp-json\/wp\/v2\/types\/post"}],"author":[{"embeddable":true,"href":"https:\/\/www.europesays.com\/fr\/wp-json\/wp\/v2\/users\/2"}],"replies":[{"embeddable":true,"href":"https:\/\/www.europesays.com\/fr\/wp-json\/wp\/v2\/comments?post=344225"}],"version-history":[{"count":0,"href":"https:\/\/www.europesays.com\/fr\/wp-json\/wp\/v2\/posts\/344225\/revisions"}],"wp:featuredmedia":[{"embeddable":true,"href":"https:\/\/www.europesays.com\/fr\/wp-json\/wp\/v2\/media\/344226"}],"wp:attachment":[{"href":"https:\/\/www.europesays.com\/fr\/wp-json\/wp\/v2\/media?parent=344225"}],"wp:term":[{"taxonomy":"category","embeddable":true,"href":"https:\/\/www.europesays.com\/fr\/wp-json\/wp\/v2\/categories?post=344225"},{"taxonomy":"post_tag","embeddable":true,"href":"https:\/\/www.europesays.com\/fr\/wp-json\/wp\/v2\/tags?post=344225"}],"curies":[{"name":"wp","href":"https:\/\/api.w.org\/{rel}","templated":true}]}}