{"id":344227,"date":"2025-08-26T02:52:12","date_gmt":"2025-08-26T02:52:12","guid":{"rendered":"https:\/\/www.europesays.com\/fr\/344227\/"},"modified":"2025-08-26T02:52:12","modified_gmt":"2025-08-26T02:52:12","slug":"pourquoi-teles-et-radios-entament-une-rentree-sous-haute-tension","status":"publish","type":"post","link":"https:\/\/www.europesays.com\/fr\/344227\/","title":{"rendered":"pourquoi t\u00e9l\u00e9s et radios entament une rentr\u00e9e sous haute tension"},"content":{"rendered":"<p><strong>D\u00c9CRYPTAGE <\/strong>&#8211; Apr\u00e8s un mercato des plus agit\u00e9s et un chass\u00e9-crois\u00e9 endiabl\u00e9 d\u2019animateurs, l\u2019\u00e9t\u00e9 pour certains programmes a d\u00e9j\u00e0 \u00e9t\u00e9 meurtrier.<\/p>\n<p class=\"fig-paragraph\">Une playlist musicale diffus\u00e9e durant trois quarts d\u2019heure en lieu et place de la matinale pr\u00e9sent\u00e9e par Nicolas Demorand, d\u00e9sormais accompagn\u00e9 par Benjamin Duhamel apr\u00e8s le d\u00e9part de L\u00e9a Salam\u00e9. Sur France Inter, l\u2019appel \u00e0 une gr\u00e8ve illimit\u00e9e \u00ab\u00a0contre la strat\u00e9gie \u00e9ditoriale et contre les r\u00e9formes men\u00e9es par la direction\u00a0\u00bb de\u00a0<a href=\"http:\/\/www.lefigaro.fr\/social\/la-direction-refuse-la-moindre-concession-a-radio-france-les-syndicats-lancent-une-greve-illimitee-pour-la-rentree-lundi-20250823\" data-fig-type=\"NewsFlash\" data-gtm-custom-categorie=\"navigation\" data-gtm-custom-action=\"crossclick\" data-gtm-custom-label=\"Contextuel\" data-gtm-event=\"customEventSPE\" data-fig-domain=\"LEFIGARO\" target=\"_blank\" rel=\"noopener\">Radio France<\/a>, selon les explications donn\u00e9es \u00e0 l\u2019antenne par\u00a0<a href=\"http:\/\/www.lefigaro.fr\/livres\/frederic-beigbeder-plus-que-le-courage-de-nicolas-demorand-il-faut-saluer-son-exemplarite-20250411\" data-fig-type=\"Article\" data-gtm-custom-categorie=\"navigation\" data-gtm-custom-action=\"crossclick\" data-gtm-custom-label=\"Contextuel\" data-gtm-event=\"customEventSPE\" data-fig-domain=\"LEFIGARO\" target=\"_blank\" rel=\"noopener\">Nicolas Demorand<\/a>, a fait l\u00e9g\u00e8rement d\u00e9raper la partition bien huil\u00e9e de la premi\u00e8re matinale radiophonique de France, au sortir des vacances. Un peu plus tard, c\u2019est un bug technique qui a plong\u00e9 dans le noir le plateau de \u00ab\u00a0Bonjour\u00a0!\u00a0\u00bb, la matinale de TF1 durant pr\u00e8s d\u2019une vingtaine de minutes. \u00ab\u00a0Je ne sais m\u00eame pas si nous sommes encore \u00e0 l\u2019antenne. Nous n\u2019avons plus de lumi\u00e8re et mon oreillette ne fonctionne plus\u00a0\u00bb, signalait son pr\u00e9sentateur Bruce Toussaint, pris au d\u00e9pourvu, alors qu\u2019une interview de Laurent Saint-Martin, le ministre d\u00e9l\u00e9gu\u00e9 charg\u00e9 du Commerce ext\u00e9rieur et des Fran\u00e7ais\u2026<\/p>\n<p class=\"fig-premium-paywall__infos\">\n        Cet article est r\u00e9serv\u00e9 aux abonn\u00e9s.        Il vous reste 84% \u00e0 d\u00e9couvrir.\n    <\/p>\n<p>                <img  data- alt=\"Le Figaro\" class=\"fig-img--complete fig-img\"\/><\/p>\n<p class=\"fig-premium-paywall__title\">Vente Flash<\/p>\n<p class=\"fig-premium-paywall__subtitle\">4,99\u20ac par mois pendant 12 mois. Sans engagement<\/p>\n<p class=\"fig-premium-paywall__connect\">\n                D\u00e9j\u00e0 abonn\u00e9\u00a0?                <a class=\"fig-premium-paywall__connect-link\" href=\"https:\/\/connect.lefigaro.fr\/login?client=horizon_web&amp;type=main&amp;redirect_uri=https%3A%2F%2Fwww.lefigaro.fr%2Fmedias%2Fl-incertitude-plane-sur-l-audiovisuel-francais-pourquoi-teles-et-radios-entament-une-rentree-sous-haute-tension-20250825\" data-js-gtm=\"{&quot;customCategorie&quot;: &quot;conversion&quot;, &quot;customAction&quot;: &quot;before_Landing_Connexion_paywall_auto&quot;, &quot;customLabel&quot;: &quot;bGVmaWdhcm8uZnJfXzFmMDgxYmMyLTdiMmQtNjM0YS1iNTJhLTM3NzE0YjMyNmZhYV9fQXJ0aWNsZQ==_\u00abL\u2019incertitude plane sur l\u2019audiovisuel fran\u00e7ais\u00bb\u00a0: pourquoi t\u00e9l\u00e9s et radios entament une rentr\u00e9e sous haute tension_1000&quot;, &quot;customIDSPE&quot;: &quot;bGVmaWdhcm8uZnJfXzFmMDgxYmMyLTdiMmQtNjM0YS1iNTJhLTM3NzE0YjMyNmZhYV9fQXJ0aWNsZQ==&quot;, &quot;event&quot;: &quot;customEventSPE&quot;}\" target=\"_blank\" rel=\"noopener\"><br \/>\n                    Connectez-vous<br \/>\n                <\/a>\n            <\/p>\n","protected":false},"excerpt":{"rendered":"D\u00c9CRYPTAGE &#8211; Apr\u00e8s un mercato des plus agit\u00e9s et un chass\u00e9-crois\u00e9 endiabl\u00e9 d\u2019animateurs, l\u2019\u00e9t\u00e9 pour certains programmes a&hellip;\n","protected":false},"author":2,"featured_media":344228,"comment_status":"","ping_status":"","sticky":false,"template":"","format":"standard","meta":{"footnotes":""},"categories":[1356],"tags":[9646,6586,58,59,1011,27,494,252,199,1364],"class_list":{"0":"post-344227","1":"post","2":"type-post","3":"status-publish","4":"format-standard","5":"has-post-thumbnail","7":"category-television","8":"tag-audiovisuel","9":"tag-audiovisuel-public","10":"tag-divertissement","11":"tag-entertainment","12":"tag-fr","13":"tag-france","14":"tag-m6","15":"tag-television","16":"tag-tf1","17":"tag-tv"},"share_on_mastodon":{"url":"https:\/\/pubeurope.com\/@fr\/115092805630055217","error":""},"_links":{"self":[{"href":"https:\/\/www.europesays.com\/fr\/wp-json\/wp\/v2\/posts\/344227","targetHints":{"allow":["GET"]}}],"collection":[{"href":"https:\/\/www.europesays.com\/fr\/wp-json\/wp\/v2\/posts"}],"about":[{"href":"https:\/\/www.europesays.com\/fr\/wp-json\/wp\/v2\/types\/post"}],"author":[{"embeddable":true,"href":"https:\/\/www.europesays.com\/fr\/wp-json\/wp\/v2\/users\/2"}],"replies":[{"embeddable":true,"href":"https:\/\/www.europesays.com\/fr\/wp-json\/wp\/v2\/comments?post=344227"}],"version-history":[{"count":0,"href":"https:\/\/www.europesays.com\/fr\/wp-json\/wp\/v2\/posts\/344227\/revisions"}],"wp:featuredmedia":[{"embeddable":true,"href":"https:\/\/www.europesays.com\/fr\/wp-json\/wp\/v2\/media\/344228"}],"wp:attachment":[{"href":"https:\/\/www.europesays.com\/fr\/wp-json\/wp\/v2\/media?parent=344227"}],"wp:term":[{"taxonomy":"category","embeddable":true,"href":"https:\/\/www.europesays.com\/fr\/wp-json\/wp\/v2\/categories?post=344227"},{"taxonomy":"post_tag","embeddable":true,"href":"https:\/\/www.europesays.com\/fr\/wp-json\/wp\/v2\/tags?post=344227"}],"curies":[{"name":"wp","href":"https:\/\/api.w.org\/{rel}","templated":true}]}}