{"id":344229,"date":"2025-08-26T02:53:11","date_gmt":"2025-08-26T02:53:11","guid":{"rendered":"https:\/\/www.europesays.com\/fr\/344229\/"},"modified":"2025-08-26T02:53:11","modified_gmt":"2025-08-26T02:53:11","slug":"le-rappeur-lil-nas-x-inculpe-apres-avoir-deambule-nu-dans-los-angeles-actualites","status":"publish","type":"post","link":"https:\/\/www.europesays.com\/fr\/344229\/","title":{"rendered":"Le rappeur Lil Nas X inculp\u00e9 apr\u00e8s avoir d\u00e9ambul\u00e9 nu dans Los Angeles : Actualit\u00e9s"},"content":{"rendered":"<p class=\"lead \">Le rappeur Lil Nas X a \u00e9t\u00e9 inculp\u00e9 lundi pour avoir agress\u00e9 les policiers venus l&rsquo;arr\u00eater la semaine derni\u00e8re, alors qu&rsquo;il se promenait nu en plein Los Angeles.<\/p>\n<p class=\"lead \">L&rsquo;interpr\u00e8te de \u00ab\u00a0Old Town Road\u00a0\u00bb est reparti libre du tribunal, apr\u00e8s avoir plaid\u00e9 non coupable, lors de sa premi\u00e8re comparution devant un tribunal, ont constat\u00e9 des journalistes de l&rsquo;AFP. <\/p>\n<p class=\"lead \">La caution du rappeur a \u00e9t\u00e9 fix\u00e9e \u00e0 75.000 dollars et sa prochaine comparution aura lieu le 15 septembre. Il a pass\u00e9 le week-end en cellule, apr\u00e8s avoir \u00e9t\u00e9 interpell\u00e9 jeudi dans le quartier de Studio City.<\/p>\n<p class=\"lead \">Une vid\u00e9o diffus\u00e9e la semaine derni\u00e8re montrait initialement l&rsquo;artiste de 26 ans d\u00e9ambulant v\u00eatu d&rsquo;un simple slip blanc et de bottes de cow-boy.<\/p>\n<p class=\"lead \">Mais de nouvelles images obtenues par le site TMZ montrent le rappeur, de son vrai nom Montero Hill, compl\u00e8tement nu.<\/p>\n<p class=\"lead \">La semaine derni\u00e8re, un porte-parole de la police de Los Angeles avait expliqu\u00e9 \u00e0 l&rsquo;AFP qu'\u00a0\u00bbun homme nu marchait dans la rue\u00a0\u00bb aux alentours de 6 heures du matin, et que des agents l&rsquo;avaient interpell\u00e9, sans confirmer son identit\u00e9.<\/p>\n<p class=\"lead \">\u00ab\u00a0A leur arriv\u00e9e, le suspect s&rsquo;est ru\u00e9 sur les agents. Il a \u00e9t\u00e9 plac\u00e9 en garde \u00e0 vue et emmen\u00e9 \u00e0 l&rsquo;h\u00f4pital pour une possible overdose, puis arr\u00eat\u00e9 pour avoir agress\u00e9 un agent de police\u00a0\u00bb, avait-il ajout\u00e9.<\/p>\n<p class=\"lead \">La vid\u00e9o de la semaine derni\u00e8re est devenue virale en ligne. On y voit Lil Nas X, se d\u00e9hancher lascivement en lan\u00e7ant \u00ab\u00a0Vas-y b\u00e9b\u00e9 !\u00a0\u00bb \u00e0 l&rsquo;automobiliste qui le filme. <\/p>\n<p class=\"lead \">\u00ab\u00a0Ne sois pas en retard \u00e0 la soir\u00e9e ce soir!\u00a0\u00bb, ajoute-t-il.<\/p>\n<p class=\"lead \">Ouvertement homosexuel et toujours en tenues flamboyantes, Lil Nas X a rapidement d\u00e9tonn\u00e9 dans le monde du rap. <\/p>\n<p class=\"lead \">Son duo avec le chanteur de country Billy Ray Cyrus, \u00ab\u00a0Old Town Road\u00a0\u00bb, a \u00e9t\u00e9 un carton plan\u00e9taire. Aux Etats-Unis, le single a \u00e9t\u00e9 15 fois disque de platine, ce qui en faisait jusqu&rsquo;\u00e0 r\u00e9cemment la chanson la plus certifi\u00e9e de tous les temps par la Recording Industry Association of America (RIAA).<\/p>\n<p class=\"small font-weight-bold text-gray3 \"> publi\u00e9 le 26 ao\u00fbt \u00e0 00h34, AFP<\/p>\n<p>                             Partager<\/p>\n","protected":false},"excerpt":{"rendered":"Le rappeur Lil Nas X a \u00e9t\u00e9 inculp\u00e9 lundi pour avoir agress\u00e9 les policiers venus l&rsquo;arr\u00eater la semaine&hellip;\n","protected":false},"author":2,"featured_media":344230,"comment_status":"","ping_status":"","sticky":false,"template":"","format":"standard","meta":{"footnotes":""},"categories":[1355],"tags":[1971,58,59,1011,27,1361,873,1072,308],"class_list":{"0":"post-344229","1":"post","2":"type-post","3":"status-publish","4":"format-standard","5":"has-post-thumbnail","7":"category-musique","8":"tag-clbrits","9":"tag-divertissement","10":"tag-entertainment","11":"tag-fr","12":"tag-france","13":"tag-music","14":"tag-musique","15":"tag-police","16":"tag-usa"},"share_on_mastodon":{"url":"https:\/\/pubeurope.com\/@fr\/115092809655620514","error":""},"_links":{"self":[{"href":"https:\/\/www.europesays.com\/fr\/wp-json\/wp\/v2\/posts\/344229","targetHints":{"allow":["GET"]}}],"collection":[{"href":"https:\/\/www.europesays.com\/fr\/wp-json\/wp\/v2\/posts"}],"about":[{"href":"https:\/\/www.europesays.com\/fr\/wp-json\/wp\/v2\/types\/post"}],"author":[{"embeddable":true,"href":"https:\/\/www.europesays.com\/fr\/wp-json\/wp\/v2\/users\/2"}],"replies":[{"embeddable":true,"href":"https:\/\/www.europesays.com\/fr\/wp-json\/wp\/v2\/comments?post=344229"}],"version-history":[{"count":0,"href":"https:\/\/www.europesays.com\/fr\/wp-json\/wp\/v2\/posts\/344229\/revisions"}],"wp:featuredmedia":[{"embeddable":true,"href":"https:\/\/www.europesays.com\/fr\/wp-json\/wp\/v2\/media\/344230"}],"wp:attachment":[{"href":"https:\/\/www.europesays.com\/fr\/wp-json\/wp\/v2\/media?parent=344229"}],"wp:term":[{"taxonomy":"category","embeddable":true,"href":"https:\/\/www.europesays.com\/fr\/wp-json\/wp\/v2\/categories?post=344229"},{"taxonomy":"post_tag","embeddable":true,"href":"https:\/\/www.europesays.com\/fr\/wp-json\/wp\/v2\/tags?post=344229"}],"curies":[{"name":"wp","href":"https:\/\/api.w.org\/{rel}","templated":true}]}}