{"id":344231,"date":"2025-08-26T02:54:21","date_gmt":"2025-08-26T02:54:21","guid":{"rendered":"https:\/\/www.europesays.com\/fr\/344231\/"},"modified":"2025-08-26T02:54:21","modified_gmt":"2025-08-26T02:54:21","slug":"the-batman-a-force-un-gros-changement-dans-birds-of-prey-mais-ca-naurait-rien-change","status":"publish","type":"post","link":"https:\/\/www.europesays.com\/fr\/344231\/","title":{"rendered":"The Batman a forc\u00e9 un gros changement dans Birds of Prey, mais \u00e7a n&rsquo;aurait rien chang\u00e9"},"content":{"rendered":"<p><strong>Le sc\u00e9nario de <a href=\"https:\/\/www.ecranlarge.com\/films\/1024607-birds-of-prey\" data-type=\"films\" data-id=\"687070\" rel=\"nofollow noopener\" target=\"_blank\">Birds of Prey<\/a> avec <a href=\"https:\/\/www.ecranlarge.com\/personnalite\/807415-margot-robbie\" data-type=\"people\" data-id=\"442274\" rel=\"nofollow noopener\" target=\"_blank\">Margot Robbie<\/a> a \u00e9t\u00e9 modifi\u00e9 pour arranger les affaires de <a href=\"https:\/\/www.ecranlarge.com\/films\/964671-the-batman\" data-type=\"films\" data-id=\"685419\" rel=\"nofollow noopener\" target=\"_blank\">The Batman<\/a>. Mais \u00e7a n\u2019aurait probablement rien chang\u00e9 au bide du film.<\/strong><\/p>\n<p>C\u2019est finalement \u00e0 partir de l\u00e0 que le DCEU a commenc\u00e9 \u00e0 d\u00e9railler et sentir le sapin. Sorti en 2020, <strong>Birds of Prey (et la fantabuleuse histoire de Harley Quinn)<\/strong> a \u00e9t\u00e9 <strong>le premier d\u2019une longue s\u00e9rie de bides<\/strong>, avant <strong>Wonder Woman 1984<\/strong>, <strong>The Suicide Squad<\/strong>, <strong>Black Adam<\/strong>, <strong>Shazam 2<\/strong>, <strong>The Flash<\/strong>, <strong>Blue Beetle<\/strong> et <strong>Aquaman 2<\/strong>, qui se sont encha\u00een\u00e9s comme des corbillards. Et apr\u00e8s le succ\u00e8s affolant en 2018 du premier <strong>Aquaman<\/strong>, le seul film de cet univers partag\u00e9 \u00e0 avoir d\u00e9pass\u00e9 le milliard au box-office, c\u2019\u00e9tait une premi\u00e8re baffe de taille.<\/p>\n<p>                    <img decoding=\"async\" alt=\"\" class=\"wp-image-518375\" style=\"object-fit:cover;width:25px;height:25px\" src=\"https:\/\/www.ecranlarge.com\/content\/uploads\/2023\/09\/arrow-right-circle.svg\"\/><\/p>\n<p>Con\u00e7u comme <strong>un spin-off de<\/strong> <strong><a href=\"https:\/\/www.ecranlarge.com\/films\/933156-suicide-squad\" data-type=\"films\" data-id=\"906871\" rel=\"nofollow noopener\" target=\"_blank\">Suicide Squad<\/a><\/strong> surfant sur la vague f\u00e9minine de <strong><a href=\"https:\/\/www.ecranlarge.com\/films\/931392-wonder-woman\" data-type=\"films\" data-id=\"906850\" rel=\"nofollow noopener\" target=\"_blank\">Wonder Woman<\/a><\/strong>, qui avait d\u00e9pass\u00e9 tous les pronostics \u00e0 tous les niveaux, le film centr\u00e9 sur la Harley Quinn de Margot Robbie a \u00e9t\u00e9 <strong>un \u00e9chec cuisant au cin\u00e9ma<\/strong> : 205 millions au box-office pour un budget inf\u00e9rieur \u00e0 100 millions. Le pire l\u00e0-dedans ? Le pire \u00e9tait \u00e0 r\u00e9ellement venir pour le service compta de Warner Bros.<\/p>\n<p>Des ann\u00e9es apr\u00e8s, alors que l\u2019univers DC a \u00e9t\u00e9 relanc\u00e9 avec un <a href=\"https:\/\/www.ecranlarge.com\/films\/news\/marvel-superman-4-fantastiques-triste-record-2025-box-office\" data-type=\"link\" data-id=\"https:\/\/www.ecranlarge.com\/films\/news\/marvel-superman-4-fantastiques-triste-record-2025-box-office\" rel=\"nofollow noopener\" target=\"_blank\"><strong>Superman<\/strong> qui a un peu gal\u00e9r\u00e9 au box-office en 2025<\/a>, le \u00ab\u00a0vieux\u00a0\u00bb souvenir de <strong>Birds of Prey<\/strong> est revenu lors d\u2019une interview o\u00f9 Margot Robbie a r\u00e9v\u00e9l\u00e9 comment le sc\u00e9nario avait \u00e9t\u00e9 <strong>chang\u00e9 \u00e0 la demande de <a href=\"https:\/\/www.ecranlarge.com\/personnalite\/701699-matt-reeves\" data-type=\"people\" data-id=\"349256\" rel=\"nofollow noopener\" target=\"_blank\">Matt Reeves<\/a>, r\u00e9alisateur de The Batman.<\/strong><\/p>\n<p><a href=\"https:\/\/www.ecranlarge.com\/content\/uploads\/2020\/01\/birds-of-prey-et-la-fantabuleuse-histoire-de-harley-quinn-photo-margot-robbie-1160561.jpeg\" rel=\"nofollow noopener\" target=\"_blank\"><img loading=\"lazy\" decoding=\"async\" alt=\"Birds of Prey et la fantabuleuse histoire de Harley Quinn : photo, Margot Robbie\" class=\"wp-image-137112\" src=\"https:\/\/www.europesays.com\/fr\/wp-content\/uploads\/2025\/08\/birds-of-prey-et-la-fantabuleuse-histoire-de-harley-quinn-photo-margot-robbie-1160561-630x420.jpeg\" width=\"630\" height=\"420\"  \/><\/a>Allez \u00e0 la case prison sans passer par le succ\u00e8sTHE BATMAN OF PREY<\/p>\n<p>Au moment o\u00f9 <strong>Birds of Prey<\/strong> \u00e9tait tourn\u00e9, en 2019, Matt Reeves s\u2019affairait d\u00e9j\u00e0 sur sa version de Batman, qui arrivera au cin\u00e9ma en 2022. Et la route a \u00e9t\u00e9 longue pour le cin\u00e9aste engag\u00e9 en f\u00e9vrier 2017 puisqu\u2019il avait au d\u00e9part rejoint <strong>le projet post-Batman v Superman construit autour de Ben Affleck<\/strong>. Celui-ci devait le r\u00e9aliser et le co-\u00e9crire, mais il avait finalement d\u00e9cid\u00e9 de simplement jouer dans le film\u2026 avant de quitter le r\u00f4le, officiellement, en janvier 2019. En mai, Robert Pattison \u00e9tait embauch\u00e9, et <strong>ce Batman prenait alors une nouvelle direction<\/strong>, loin du DCEU.<\/p>\n<p>                    <img decoding=\"async\" alt=\"\" class=\"wp-image-518375\" style=\"object-fit:cover;width:25px;height:25px\" src=\"https:\/\/www.ecranlarge.com\/content\/uploads\/2023\/09\/arrow-right-circle.svg\"\/><\/p>\n<p>Mais <strong>The Batman<\/strong> avait beau exister dans son propre monde, il restait attach\u00e9, malgr\u00e9 lui, \u00e0 l\u2019univers partag\u00e9 de Superman, Wonder Woman, Aquaman et compagnie, <strong>tous d\u00e9velopp\u00e9s par le m\u00eame studio<\/strong>. Les \u00e9quipes communiquaient entre elles pour ne pas se marcher dessus, et ne pas trop compliquer la lecture des films par le grand public. <\/p>\n<p><a href=\"https:\/\/www.ecranlarge.com\/content\/uploads\/2025\/06\/iyud7raixzbm91tt3z5filus7n.jpg\" rel=\"nofollow noopener\" target=\"_blank\"><\/p>\n<p><img loading=\"lazy\" decoding=\"async\" alt=\"the batman\" src=\"https:\/\/www.europesays.com\/fr\/wp-content\/uploads\/2025\/06\/iyud7raixzbm91tt3z5filus7n-1260x706.jpg\" width=\"1260\" height=\"706\"  \/><\/p>\n<p><\/a>Quand tu d\u00e9barques dans le DCEU<\/p>\n<p>Ce n\u2019\u00e9tait apparemment pas si simple, comme le confirme une discussion entre Margot Robbie et <a href=\"https:\/\/www.ecranlarge.com\/personnalite\/651939-colin-farrell\" data-type=\"people\" data-id=\"23060\" rel=\"nofollow noopener\" target=\"_blank\">Colin Farrell<\/a> chez Entertainement Weekly, o\u00f9 la Harley Quinn du DCEU apprend au Pingouin de <strong>The Batman<\/strong> qu\u2019il y a presque eu un conflit avec <strong>Birds of Prey<\/strong>. Attendu dans <strong>A Big Bold Beautiful Journey<\/strong>, en salles le 1er octobre, le duo a ainsi rouvert les dossiers DC :<\/p>\n<blockquote class=\"wp-block-quote is-layout-flow wp-block-quote-is-layout-flow\">\n<p>\u2013 Margot Robbie : <strong>Est-ce qu\u2019on a d\u00e9j\u00e0 parl\u00e9 de Harley et du Pingouin ? <\/strong><\/p>\n<p>\u2013 Colin Farrell : <strong>Je crois pas. Je pense pas que ce soit arriv\u00e9 une seule fois. Non, on l\u2019a jamais \u00e9voqu\u00e9. Ces personnages existent dans tellement d\u2019univers diff\u00e9rents\u2026<\/strong><\/p>\n<p>\u2013 Margot Robbie : <strong>On a discut\u00e9 de tellement de choses, et je pense qu\u2019on n\u2019a jamais parl\u00e9 de \u00e7a. C\u2019est tellement bizarre. La premi\u00e8re version que Christina Hodson a \u00e9crit pour Birds of Prey, le m\u00e9chant \u00e9tait le Pingouin. <\/strong><\/p>\n<p>\u2013 Colin Farrell : <strong>Mais non ! Vraiment ? <\/strong><\/p>\n<p>\u2013 Margot Robbie : <strong>Et puis Matt Reeves a appel\u00e9, et a dit, \u2018N\u2019utilisez pas le Pingouin. Je vais l\u2019utiliser de mon c\u00f4t\u00e9\u2019. Donc on a chang\u00e9 avec Black Mask.<\/strong><\/p>\n<p>\u2013 Colin Farrell : <strong>Waouh !<\/strong> <strong>Et comment \u00e9tait son Pingouin ?<\/strong><\/p>\n<p>\u2013 Margot Robbie :<strong> Incroyable.<\/strong><\/p>\n<p>\u2013 Colin Farrell : <strong>T\u2019as encore une copie du sc\u00e9nario ?<\/strong><\/p>\n<p>\u2013 Margot Robbie :<strong> Je l\u2019ai probablement sur mon ordinateur. Tu pourrais le lire.\u00a0\u00bb<\/strong><\/p>\n<\/blockquote>\n<p><a href=\"https:\/\/www.ecranlarge.com\/content\/uploads\/2022\/02\/the-batman-photo-1418874.jpg\" rel=\"nofollow noopener\" target=\"_blank\"><img loading=\"lazy\" decoding=\"async\" alt=\"The Batman : photo, Colin Farrell\" class=\"wp-image-253518\" src=\"https:\/\/www.europesays.com\/fr\/wp-content\/uploads\/2025\/08\/the-batman-photo-1418874-630x264.jpg\" width=\"630\" height=\"264\"  \/><\/a>Oz d\u00e9sob\u00e9ir \u00e0 Matt Reeves<\/p>\n<p>Priv\u00e9e de Pingouin, l\u2019\u00e9quipe de <strong>Birds of Prey<\/strong> a jet\u00e9 son d\u00e9volu sur <strong>Black Mask, un vilain nettement moins connu<\/strong>, qui est ici un gangster narcissique poss\u00e9dant un club dans Gotham. Mais ils se sont quand m\u00eame pay\u00e9s un com\u00e9dien de renom puisque c\u2019est Ewan McGregor qui l\u2019a incarn\u00e9. Colin Farrell, de son c\u00f4t\u00e9, a trouv\u00e9 le jackpot avec Oswald Cobblepot puisqu\u2019il a repris <strong>ce r\u00f4le dans la s\u00e9rie<\/strong> <strong><a href=\"https:\/\/www.ecranlarge.com\/series\/1452737-the-penguin\" data-type=\"series\" data-id=\"697013\" rel=\"nofollow noopener\" target=\"_blank\">The Penguin<\/a><\/strong>, grand succ\u00e8s critique pour lequel il a \u00e9t\u00e9 nomm\u00e9 aux Emmy (r\u00e9ponse lors de la c\u00e9r\u00e9monie, le 14 septembre). Il reviendra aussi dans <strong>The Batman 2<\/strong>.<\/p>\n<p>                    <img decoding=\"async\" alt=\"\" class=\"wp-image-518375\" style=\"object-fit:cover;width:25px;height:25px\" src=\"https:\/\/www.ecranlarge.com\/content\/uploads\/2023\/09\/arrow-right-circle.svg\"\/><\/p>\n<p>Margot Robbie en a vraisemblablement fini avec Harley Quinn apr\u00e8s <strong>Suicide Squad<\/strong>, <strong>Birds of Prey<\/strong> et <strong>The Suicide Squad<\/strong>. Interrog\u00e9 sur son potentiel retour dans le nouvel univers DC, o\u00f9 certains de ses coll\u00e8gues comme John Cena sont pr\u00e9sents, <strong>James Gunn avait bott\u00e9 en touche avec une r\u00e9ponse vague et polie.<\/strong><\/p>\n","protected":false},"excerpt":{"rendered":"Le sc\u00e9nario de Birds of Prey avec Margot Robbie a \u00e9t\u00e9 modifi\u00e9 pour arranger les affaires de The&hellip;\n","protected":false},"author":2,"featured_media":344232,"comment_status":"","ping_status":"","sticky":false,"template":"","format":"standard","meta":{"footnotes":""},"categories":[1354],"tags":[58,59,1346,1011,27,1360],"class_list":{"0":"post-344231","1":"post","2":"type-post","3":"status-publish","4":"format-standard","5":"has-post-thumbnail","7":"category-films","8":"tag-divertissement","9":"tag-entertainment","10":"tag-films","11":"tag-fr","12":"tag-france","13":"tag-movies"},"share_on_mastodon":{"url":"https:\/\/pubeurope.com\/@fr\/115092813665914643","error":""},"_links":{"self":[{"href":"https:\/\/www.europesays.com\/fr\/wp-json\/wp\/v2\/posts\/344231","targetHints":{"allow":["GET"]}}],"collection":[{"href":"https:\/\/www.europesays.com\/fr\/wp-json\/wp\/v2\/posts"}],"about":[{"href":"https:\/\/www.europesays.com\/fr\/wp-json\/wp\/v2\/types\/post"}],"author":[{"embeddable":true,"href":"https:\/\/www.europesays.com\/fr\/wp-json\/wp\/v2\/users\/2"}],"replies":[{"embeddable":true,"href":"https:\/\/www.europesays.com\/fr\/wp-json\/wp\/v2\/comments?post=344231"}],"version-history":[{"count":0,"href":"https:\/\/www.europesays.com\/fr\/wp-json\/wp\/v2\/posts\/344231\/revisions"}],"wp:featuredmedia":[{"embeddable":true,"href":"https:\/\/www.europesays.com\/fr\/wp-json\/wp\/v2\/media\/344232"}],"wp:attachment":[{"href":"https:\/\/www.europesays.com\/fr\/wp-json\/wp\/v2\/media?parent=344231"}],"wp:term":[{"taxonomy":"category","embeddable":true,"href":"https:\/\/www.europesays.com\/fr\/wp-json\/wp\/v2\/categories?post=344231"},{"taxonomy":"post_tag","embeddable":true,"href":"https:\/\/www.europesays.com\/fr\/wp-json\/wp\/v2\/tags?post=344231"}],"curies":[{"name":"wp","href":"https:\/\/api.w.org\/{rel}","templated":true}]}}