{"id":344233,"date":"2025-08-26T02:55:09","date_gmt":"2025-08-26T02:55:09","guid":{"rendered":"https:\/\/www.europesays.com\/fr\/344233\/"},"modified":"2025-08-26T02:55:09","modified_gmt":"2025-08-26T02:55:09","slug":"dans-le-domaine-de-la-publication-scientifique-leurope-doit-cesser-detre-un-ventre-mou-sans-vision-le-monde-fr","status":"publish","type":"post","link":"https:\/\/www.europesays.com\/fr\/344233\/","title":{"rendered":"\u00ab Dans le domaine de la publication scientifique, l\u2019Europe doit cesser d\u2019\u00eatre un ventre mou sans vision \u00bb &#8211; Le Monde.fr"},"content":{"rendered":"<ol>\n<li><a href=\"https:\/\/news.google.com\/rss\/articles\/CBMi-gFBVV95cUxQcmdKd1NWT050ay1leE1IZ0gwNTRzMTRQdDQwSFNOQkRUbUplNHFWRGlMOThCOEJudjRuVlEtOHNHMHZfMFVUMlRpMWtZT2FEMHJER21SLWpQa0kzNmJaWDRKRktxYU5pMTdUMW1rVzJ0dWV1dVNacVpsX05hVmtlbGNVMjk0b3ZCWkdLNmJHenJlajlOWEJHa0E2TTFBZlBmSi0wZXBiT3doejU2R0Rrano5MkV0RVNGc1VOVDFHRzF4NGxzTlVOVTVyYUl0U2M0UnlzUUswc0JhQXZZaHIwenY0cmw0czZ5elNxeGFyczRmSGpfWUJDNEhn?oc=5\" target=\"_blank\" rel=\"nofollow noopener\">\u00ab Dans le domaine de la publication scientifique, l\u2019Europe doit cesser d\u2019\u00eatre un ventre mou sans vision \u00bb<\/a>&nbsp;&nbsp;Le Monde.fr<\/li>\n<li><a href=\"https:\/\/news.google.com\/rss\/articles\/CBMi8AFBVV95cUxPSmJ6a3I0S3lydjlBbkVEb25CZXNudk9OME16R1o5NHpLZHJuMUtYN1BGUFRoRi16d3hWa05Jajk5aHdZb0g4TnlSQTdPck8zNEJsLUMtSzZIREdjUldia1ZrRV9sN3ZCa1FkelpUbF9qNGgzTzcwNFVlUEpVcXRaNEF1TVk1S1dxcXNMNjFKbko4bDFENGFYdjhCeHhDdW0tMjRjeGhPV0NrSnl1bXVMWFpjWmw3eVRpM3A0T1Z1WW5rcm91eGJEVVZZc0p4V3VfT2xHZnhiZFVuQ005WWVVa1JJYms0cGh4MmlfVTFWTUs?oc=5\" target=\"_blank\" rel=\"nofollow noopener\">Lonni Besan\u00e7on, le d\u00e9tective de la science qui traque les d\u00e9rives : \u00ab\u00a0Le syst\u00e8me pousse \u00e0 tricher\u00a0\u00bb<\/a>&nbsp;&nbsp;L&rsquo;Express<\/li>\n<li><a href=\"https:\/\/news.google.com\/rss\/articles\/CBMikgFBVV95cUxPTkN5NjBZMDM1aERROVhIZ3pXYUVYalo4OHNpcmwtSks1MlQ4TjVfY2JpOXJ5ckx1TExndmd4bW5KLS15YVBnbm1FbGIzQl9fWWszMXo4bE9ZT0NSUThkbUpfQUJLV0FGQk9lcGllTGpzcDJwdzlsZ3ZoVXdLNC1TVlRpS2NGRm5kMm9mUGc3aldUQQ?oc=5\" target=\"_blank\" rel=\"nofollow noopener\">Comment la fraude scientifique gagne du terrain<\/a>&nbsp;&nbsp;JIM.fr<\/li>\n<li><a href=\"https:\/\/news.google.com\/rss\/articles\/CBMib0FVX3lxTE9FalNBbEwxS21EcmJYTVZoM2drcmw2RVN2WTg2WUo4bm1IeFhlUEZKNUZVRlUzQ0JmV0ZxU09uLTI3VzZzV3JUOEhYN0R0b19UYTVZUG1MWlJGVGZBdDItSV9tNlFVWTl1RFZJclV4aw?oc=5\" target=\"_blank\" rel=\"nofollow noopener\">D\u00e9contaminer la science<\/a>&nbsp;&nbsp;Qu\u00e9bec Science<\/li>\n<li><a href=\"https:\/\/news.google.com\/rss\/articles\/CBMitwFBVV95cUxNYi1pbHpYY1lzZE1yTUd6eE51ME9ySGVkUFBvME5mTEY3c0U3c3BFVktIWUFiQU9yOHlkTHJZQS1JWkx5dmZRWW9ZWE5WN1RBMlF1a3EwNVFrNm4xd01BbTBtMGFBQUszQVhBeGctUkdCbTZrQUpMcXp0bGt0SVRGemZKdV9HN2ZjSDZUM0ctZENvSWh4YUNoaGo1Q2Y4ZnhTcS1NRC12N2lRbmRLczdtYk00WnFXZ00?oc=5\" target=\"_blank\" rel=\"nofollow noopener\">La fraude aux publications scientifiques s\u2019industrialise, alerte une \u00e9tude am\u00e9ricaine<\/a>&nbsp;&nbsp;Le Temps<\/li>\n<\/ol>\n","protected":false},"excerpt":{"rendered":"\u00ab Dans le domaine de la publication scientifique, l\u2019Europe doit cesser d\u2019\u00eatre un ventre mou sans vision \u00bb&nbsp;&nbsp;Le&hellip;\n","protected":false},"author":2,"featured_media":1445,"comment_status":"","ping_status":"","sticky":false,"template":"","format":"standard","meta":{"footnotes":""},"categories":[10],"tags":[1011,27,72,71],"class_list":{"0":"post-344233","1":"post","2":"type-post","3":"status-publish","4":"format-standard","5":"has-post-thumbnail","7":"category-sante","8":"tag-fr","9":"tag-france","10":"tag-health","11":"tag-sante"},"share_on_mastodon":{"url":"https:\/\/pubeurope.com\/@fr\/115092817575657113","error":""},"_links":{"self":[{"href":"https:\/\/www.europesays.com\/fr\/wp-json\/wp\/v2\/posts\/344233","targetHints":{"allow":["GET"]}}],"collection":[{"href":"https:\/\/www.europesays.com\/fr\/wp-json\/wp\/v2\/posts"}],"about":[{"href":"https:\/\/www.europesays.com\/fr\/wp-json\/wp\/v2\/types\/post"}],"author":[{"embeddable":true,"href":"https:\/\/www.europesays.com\/fr\/wp-json\/wp\/v2\/users\/2"}],"replies":[{"embeddable":true,"href":"https:\/\/www.europesays.com\/fr\/wp-json\/wp\/v2\/comments?post=344233"}],"version-history":[{"count":0,"href":"https:\/\/www.europesays.com\/fr\/wp-json\/wp\/v2\/posts\/344233\/revisions"}],"wp:featuredmedia":[{"embeddable":true,"href":"https:\/\/www.europesays.com\/fr\/wp-json\/wp\/v2\/media\/1445"}],"wp:attachment":[{"href":"https:\/\/www.europesays.com\/fr\/wp-json\/wp\/v2\/media?parent=344233"}],"wp:term":[{"taxonomy":"category","embeddable":true,"href":"https:\/\/www.europesays.com\/fr\/wp-json\/wp\/v2\/categories?post=344233"},{"taxonomy":"post_tag","embeddable":true,"href":"https:\/\/www.europesays.com\/fr\/wp-json\/wp\/v2\/tags?post=344233"}],"curies":[{"name":"wp","href":"https:\/\/api.w.org\/{rel}","templated":true}]}}