{"id":344237,"date":"2025-08-26T02:58:19","date_gmt":"2025-08-26T02:58:19","guid":{"rendered":"https:\/\/www.europesays.com\/fr\/344237\/"},"modified":"2025-08-26T02:58:19","modified_gmt":"2025-08-26T02:58:19","slug":"les-baleines-des-profondeurs-pourraient-un-jour-sauver-des-vies-humaines-selon-les-scientifiques","status":"publish","type":"post","link":"https:\/\/www.europesays.com\/fr\/344237\/","title":{"rendered":"les baleines des profondeurs pourraient un jour sauver des vies humaines selon les scientifiques"},"content":{"rendered":"<p><img fetchpriority=\"high\" decoding=\"async\" width=\"1024\" height=\"578\" src=\"https:\/\/www.europesays.com\/fr\/wp-content\/uploads\/2025\/08\/baleine-sauver-vie-humaines-1024x578.webp.webp\" alt=\"Baleine de Cuvier nageant dans les profondeurs, \u00e9tudi\u00e9e par les scientifiques pour ses capacit\u00e9s hors normes de plong\u00e9e.\" class=\"wp-image-987918\"  \/>Les baleines de Cuvier intriguent les scientifiques par leur capacit\u00e9 \u00e0 plonger plus de 3 000 m\u00e8tres et \u00e0 survivre sans oxyg\u00e8ne durant plusieurs heures \u2013 DailyGeekShow.com<\/p>\n<p>Leurs plong\u00e9es sont vertigineuses. Leurs corps d\u00e9fient la biologie humaine. Et pourtant, on les conna\u00eet si peu. Les <strong><a href=\"https:\/\/dailygeekshow.com\/une-decouverte-scientifique-bouleversante-les-baleines-et-les-dauphins-noueraient-des-liens-sociaux-insoupconnes\/\" target=\"_blank\" rel=\"noopener\">baleines<\/a> de Cuvier<\/strong>, championnes de l\u2019immersion extr\u00eame, pourraient inspirer de <strong>nouveaux traitements contre les AVC, le cancer et m\u00eame Alzheimer<\/strong>. Voici comment ces myst\u00e9rieux c\u00e9tac\u00e9s des profondeurs bouleversent la recherche m\u00e9dicale.<\/p>\n<p>Ces c\u00e9tac\u00e9s survivent sans oxyg\u00e8ne gr\u00e2ce \u00e0 un m\u00e9tabolisme radicalement diff\u00e9rent<\/p>\n<p>Elles plongent \u00e0 plus de <strong>3\u202f000\u202fm\u00e8tres<\/strong> de profondeur. Elles restent parfois <strong>plus de trois heures<\/strong> sans respirer. Les <strong>baleines de Cuvier<\/strong> (Ziphius cavirostris), que certains surnomment les \u00ab\u00a0<strong>bulldogs de l\u2019oc\u00e9an<\/strong>\u00ab\u00a0, poss\u00e8dent un ensemble d\u2019adaptations physiques et g\u00e9n\u00e9tiques. <\/p>\n<p>Lire aussi <a href=\"https:\/\/dailygeekshow.com\/un-mystere-enfoui-sous-lantarctique-la-boue-revele-le-role-oublie-des-baleines-dans-la-lutte-contre-le-climat\/\" target=\"_blank\" rel=\"noopener\">Un myst\u00e8re enfoui sous l\u2019Antarctique : la boue r\u00e9v\u00e8le le r\u00f4le oubli\u00e9 des baleines dans la lutte contre le climat<\/a><\/p>\n<p>Ces derni\u00e8res les rendent presque invuln\u00e9rables \u00e0 l\u2019<strong>hypoxie<\/strong>, cette privation d\u2019oxyg\u00e8ne si dangereuse pour nous.<\/p>\n<p>Pendant que nous perdrions connaissance, elles continuent de chasser calmement dans les abysses. Leur secret ? Un <strong>m\u00e9tabolisme r\u00e9gl\u00e9 comme une horloge<\/strong>, un <strong>volume sanguin doubl\u00e9<\/strong> par rapport au n\u00f4tre, une <strong>h\u00e9moglobine surpuissante<\/strong>, et une <strong>capacit\u00e9 \u00e0 ralentir leur rythme cardiaque<\/strong> jusqu\u2019\u00e0 10 battements par minute.<\/p>\n<p>Ainsi, les chercheurs de l\u2019Universit\u00e9 Duke, men\u00e9s par <strong>Jillian Wisse<\/strong> et <strong>Nicola Quick<\/strong>, esp\u00e8rent percer ces secrets pour les appliquer \u00e0 la <strong>m\u00e9decine humaine<\/strong>. <\/p>\n<p>Lire aussi <a href=\"https:\/\/dailygeekshow.com\/race-chat-highlander\/\" target=\"_blank\" rel=\"noopener\">Il ne pourra en rester qu\u2019un : \u00e0 la d\u00e9couverte de l\u2019adorable chat \u00ab Highlander \u00bb<\/a><\/p>\n<p>En effet, les m\u00eames m\u00e9canismes cellulaires sont impliqu\u00e9s dans les <strong>AVC<\/strong>, les <strong><a href=\"https:\/\/dailygeekshow.com\/microbiote-bacterie-cancer\/\" target=\"_blank\" rel=\"noopener\">cancers<\/a><\/strong>, ou encore les <strong>d\u00e9g\u00e9n\u00e9rescences neuronales<\/strong> : maintien de l\u2019\u00e9nergie sans oxyg\u00e8ne, r\u00e9duction du stress oxydatif, contr\u00f4le de l\u2019inflammation.<\/p>\n<p>Des \u00e9chantillons de peau et de cerveau r\u00e9v\u00e8lent des m\u00e9canismes in\u00e9dits de survie cellulaire<\/p>\n<p>Pour comprendre ces adaptations, il faut pr\u00e9lever des <strong>\u00e9chantillons vivants<\/strong>. Cependant, approcher ces baleines insaisissables rel\u00e8ve de l\u2019exploit. En effet, elles passent <strong>90\u202f% de leur temps en immersion<\/strong>. Lorsque l\u2019\u00e9quipe de Wisse parvient \u00e0 en localiser une, ils ont <strong>moins de deux minutes<\/strong> pour tirer une fl\u00e9chette et r\u00e9cup\u00e9rer un fragment de peau.<\/p>\n<p>Ensuite, une fois en laboratoire, les cellules \u00e9pidermiques sont expos\u00e9es \u00e0 des <strong>conditions d\u2019hypoxie extr\u00eame<\/strong>. Et l\u00e0, surprise : elles continuent de consommer de l\u2019oxyg\u00e8ne \u00e0 haut niveau. <\/p>\n<p>Lire aussi <a href=\"https:\/\/dailygeekshow.com\/vie-canyon-sous-marin\/\" target=\"_blank\" rel=\"noopener\">Fascinant : un monde peupl\u00e9 de cr\u00e9atures \u00e9tranges d\u00e9couvert dans les profondeurs de l\u2019Atlantique<\/a><\/p>\n<p>C\u2019est tout l\u2019inverse des cellules humaines ou bovines. Par ailleurs, les chercheurs ont aussi d\u00e9couvert des <strong>g\u00e8nes mitochondriaux uniques<\/strong>. Ces g\u00e8nes maintiennent la production d\u2019\u00e9nergie m\u00eame en atmosph\u00e8re pauvre en oxyg\u00e8ne.<\/p>\n<p>Le plus fascinant reste sans doute le <strong><a href=\"https:\/\/dailygeekshow.com\/un-docteur-dans-lespace-devient-realite-google-et-la-nasa-testent-une-ia-medicale-indispensable-pour-les-missions-lointaines\/\" target=\"_blank\" rel=\"noopener\">cerveau<\/a><\/strong>. Les \u00e9quipes norv\u00e9giennes de <strong>Lars Folkow<\/strong> ont identifi\u00e9 chez les baleines un taux de <strong>neuroglobine 15 fois sup\u00e9rieur<\/strong> \u00e0 celui du b\u0153uf. Cette prot\u00e9ine prot\u00e8ge les neurones du stress oxydatif. Elle agit comme un <strong>antidote cellulaire contre les AVC<\/strong>.<\/p>\n<p>Vers des traitements contre l\u2019AVC et le cancer inspir\u00e9s des m\u00e9canismes de plong\u00e9e extr\u00eame<\/p>\n<p>Ce que les baleines de Cuvier accomplissent naturellement, les m\u00e9decins r\u00eavent de l\u2019imiter. Ainsi, selon <strong>Jason Somarelli<\/strong>, oncologue \u00e0 Duke, les mammif\u00e8res marins auraient s\u00e9par\u00e9 leur r\u00e9action inflammatoire de leur sensibilit\u00e9 \u00e0 l\u2019oxyg\u00e8ne. C\u2019est une prouesse biologique. Elle pourrait permettre des traitements plus fins et plus s\u00fbrs.<\/p>\n<p>Lire aussi <a href=\"https:\/\/dailygeekshow.com\/scarabee-bousier-voie-lactee\/\" target=\"_blank\" rel=\"noopener\">T\u00eate dans les \u00e9toiles et pattes dans la bouse : ce scarab\u00e9e bousier s\u2019oriente gr\u00e2ce \u00e0 la Voie lact\u00e9e<\/a><\/p>\n<p>De ce fait, on imagine d\u00e9j\u00e0 des <strong>m\u00e9dicaments bio-inspir\u00e9s<\/strong>. Ils pourraient prot\u00e9ger le cerveau lors d\u2019interventions chirurgicales. Ou encore r\u00e9duire les d\u00e9g\u00e2ts des AVC. <\/p>\n<p>Ou bien ralentir certaines tumeurs. D\u2019ailleurs, d\u2019autres \u00e9quipes travaillent sur les <strong>syst\u00e8mes de r\u00e9paration de <a href=\"https:\/\/dailygeekshow.com\/les-scientifiques-sont-perdus-ladn-du-grand-requin-blanc-revele-un-paradoxe-que-rien-ne-peut-expliquer\/\" target=\"_blank\" rel=\"noopener\">l\u2019ADN<\/a><\/strong> des baleines bor\u00e9ales. Certaines explorent leur <strong>r\u00e9sistance \u00e0 Alzheimer<\/strong>.<\/p>\n<p>Bien s\u00fbr, tout reste \u00e0 d\u00e9couvrir. Cependant, la mer, une fois encore, pourrait \u00eatre <strong>le plus vaste des laboratoires naturels<\/strong>. <\/p>\n<p>Lire aussi <a href=\"https:\/\/dailygeekshow.com\/une-decouverte-scientifique-bouleversante-les-baleines-et-les-dauphins-noueraient-des-liens-sociaux-insoupconnes\/\" target=\"_blank\" rel=\"noopener\">Une d\u00e9couverte scientifique bouleversante : les baleines et les dauphins noueraient des liens sociaux insoup\u00e7onn\u00e9s<\/a><\/p>\n<p><strong>Et peut-\u00eatre qu\u2019un jour, quand une patiente r\u00e9chappera d\u2019un AVC gr\u00e2ce \u00e0 un traitement inspir\u00e9 d\u2019une baleine, on repensera \u00e0 cette minute et demie. Ce moment suspendu, o\u00f9 une cr\u00e9ature abyssale a crois\u00e9 le regard d\u2019une scientifique, en silence, au large de la Caroline du Nord.<\/strong><\/p>\n","protected":false},"excerpt":{"rendered":"Les baleines de Cuvier intriguent les scientifiques par leur capacit\u00e9 \u00e0 plonger plus de 3 000 m\u00e8tres et&hellip;\n","protected":false},"author":2,"featured_media":344238,"comment_status":"","ping_status":"","sticky":false,"template":"","format":"standard","meta":{"footnotes":""},"categories":[7],"tags":[23662,1011,27,43,40,41,39,42,44],"class_list":{"0":"post-344237","1":"post","2":"type-post","3":"status-publish","4":"format-standard","5":"has-post-thumbnail","7":"category-sciences-et-technologies","8":"tag-baleine","9":"tag-fr","10":"tag-france","11":"tag-science","12":"tag-science-and-technology","13":"tag-sciences","14":"tag-sciences-et-technologies","15":"tag-technologies","16":"tag-technology"},"share_on_mastodon":{"url":"https:\/\/pubeurope.com\/@fr\/115092829254065620","error":""},"_links":{"self":[{"href":"https:\/\/www.europesays.com\/fr\/wp-json\/wp\/v2\/posts\/344237","targetHints":{"allow":["GET"]}}],"collection":[{"href":"https:\/\/www.europesays.com\/fr\/wp-json\/wp\/v2\/posts"}],"about":[{"href":"https:\/\/www.europesays.com\/fr\/wp-json\/wp\/v2\/types\/post"}],"author":[{"embeddable":true,"href":"https:\/\/www.europesays.com\/fr\/wp-json\/wp\/v2\/users\/2"}],"replies":[{"embeddable":true,"href":"https:\/\/www.europesays.com\/fr\/wp-json\/wp\/v2\/comments?post=344237"}],"version-history":[{"count":0,"href":"https:\/\/www.europesays.com\/fr\/wp-json\/wp\/v2\/posts\/344237\/revisions"}],"wp:featuredmedia":[{"embeddable":true,"href":"https:\/\/www.europesays.com\/fr\/wp-json\/wp\/v2\/media\/344238"}],"wp:attachment":[{"href":"https:\/\/www.europesays.com\/fr\/wp-json\/wp\/v2\/media?parent=344237"}],"wp:term":[{"taxonomy":"category","embeddable":true,"href":"https:\/\/www.europesays.com\/fr\/wp-json\/wp\/v2\/categories?post=344237"},{"taxonomy":"post_tag","embeddable":true,"href":"https:\/\/www.europesays.com\/fr\/wp-json\/wp\/v2\/tags?post=344237"}],"curies":[{"name":"wp","href":"https:\/\/api.w.org\/{rel}","templated":true}]}}