{"id":344241,"date":"2025-08-26T03:00:22","date_gmt":"2025-08-26T03:00:22","guid":{"rendered":"https:\/\/www.europesays.com\/fr\/344241\/"},"modified":"2025-08-26T03:00:22","modified_gmt":"2025-08-26T03:00:22","slug":"preter-sa-voiture-pourrait-desormais-vous-couter-tres-cher-dapres-un-influenceur","status":"publish","type":"post","link":"https:\/\/www.europesays.com\/fr\/344241\/","title":{"rendered":"Pr\u00eater sa voiture pourrait d\u00e9sormais vous co\u00fbter tr\u00e8s cher d\u2019apr\u00e8s un influenceur"},"content":{"rendered":"<p itemprop=\"description\">Une vid\u00e9o virale a affirm\u00e9 qu\u2019un pr\u00eat de voiture co\u00fbterait 750 \u20ac d\u2019amende d\u00e8s septembre 2025. Une annonce qui a enflamm\u00e9 la toile.<\/p>\n<p class=\"p1\">Depuis quelques jours, une vid\u00e9o diffus\u00e9e sur TikTok affole les automobilistes. Elle annonce qu\u2019\u00e0 partir du 1\u1d49\u02b3 septembre 2025, pr\u00eater sa voiture \u00e0 un proche <strong>exposerait \u00e0 une amende imm\u00e9diate<\/strong> de 750 euros. De quoi faire fr\u00e9mir une grande majorit\u00e9 des internautes.<\/p>\n<p class=\"p1\">Ce chiffre circule partout sur les r\u00e9seaux, repris dans des publications qui pr\u00e9tendent s\u2019appuyer sur un nouvel article du Code de la route. Avec, d<strong>eux millions de vues en quelques jours<\/strong>, les commentaires s\u2019encha\u00eenent dans un m\u00e9lange de panique et de col\u00e8re.<\/p>\n<p> <strong>Une rumeur virale sur le pr\u00eat de voiture<\/strong> <\/p>\n<p class=\"p1\">Dans ladite vid\u00e9o, le ton est alarmiste et inqui\u00e9tant. \u00ab C\u2019est officiel : pr\u00eater ta voiture pourra te co\u00fbter 750 \u20ac d\u00e8s le 1\u1d49\u02b3 septembre 2025 \u00bb, assure l\u2019auteur, en parlant d\u2019une nouvelle loi soi-disant vot\u00e9e. Le texte \u00e9voque m\u00eame l\u2019obligation de d\u00e9clarer en ligne toute mise \u00e0 disposition d\u2019un v\u00e9hicule \u00e0 un proche. On parle d\u2019un contr\u00f4le transmis \u00e0 la DGFiP et au minist\u00e8re de l\u2019Int\u00e9rieur. Un discours<strong> savamment construit pour convaincre son public.<\/strong> L\u2019objectif affich\u00e9 derri\u00e8re cette fausse mesure : lutter contre la fraude aux radars. Toujours selon cette version, chaque fois que <a href=\"https:\/\/www.autoplus.fr\/actualite\/insolite\/perdent-cles-de-voiture-maree-prend-piege-1393856.html\" rel=\"nofollow noopener\" target=\"_blank\">vous donneriez vos cl\u00e9s \u00e0 un proche<\/a>, vous seriez cens\u00e9 remplir un formulaire sur le site de l\u2019ANTS. Sans \u00e7a, l\u2019amende tomberait.<\/p>\n<blockquote class=\"tiktok-embed\" cite=\"https:\/\/www.tiktok.com\/@infofrance.tv\/video\/7539492883674615062\" data-video-id=\"7539492883674615062\" style=\"max-width: 605px;min-width: 325px;\">\n<p>\t            <a target=\"_blank\" href=\"https:\/\/www.tiktok.com\/@infofrance.tv\/video\/7539492883674615062\" rel=\"nofollow noopener\"><br \/>\n\t                <img decoding=\"async\" src=\"https:\/\/www.tiktok.com\/img\/logo.png\" alt=\"TikTok Logo\"\/><br \/>\n\t            <\/a><\/p>\n<\/blockquote>\n<p class=\"p1\">Mais en r\u00e9alit\u00e9, aucune trace d\u2019une telle disposition n\u2019a \u00e9t\u00e9 retrouv\u00e9e. Rien n\u2019a \u00e9t\u00e9 vot\u00e9, ni m\u00eame envisag\u00e9. L\u2019avocat Jean-Baptiste Le Dall a d\u2019ailleurs \u00e9t\u00e9 tr\u00e8s clair \u00e0 ce sujet. \u00ab Cette vid\u00e9o, qui tourne depuis fin juillet, est \u00e9videmment totalement fausse \u00bb. <a href=\"https:\/\/www.autoplus.fr\/actualite\/societe-economie\/emploi-le-ministere-de-linterieur-recrute-469915.html\" rel=\"nofollow noopener\" target=\"_blank\">Le minist\u00e8re de l\u2019Int\u00e9rieur l\u2019a confirm\u00e9<\/a> dans un message transmis \u00e0 l\u2019AFP le 7 ao\u00fbt dernier. L\u2019affirmation qui circule sur les r\u00e9seaux sociaux<strong> a \u00e9t\u00e9 purement et simplement invent\u00e9e.<\/strong> Pourtant, l\u2019histoire a continu\u00e9 de circuler, reprise par des milliers de comptes. Preuve qu\u2019une information, m\u00eame fausse, peut avoir un v\u00e9ritable impact d\u00e8s qu\u2019elle touche \u00e0 un sujet sensible comme la voiture.<\/p>\n<p> <strong>Ce que dit vraiment la loi sur le pr\u00eat de voiture<\/strong> <\/p>\n<p class=\"p1\">Si vous pr\u00eatez votre voiture, vous n\u2019\u00eates donc pas expos\u00e9 \u00e0 une amende de 750 \u20ac. En revanche, le risque existe ailleurs. Jean-Baptiste Le Dall l\u2019explique tr\u00e8s simplement. \u00ab On peut en profiter pour rappeler que si on pr\u00eate sa voiture \u00e0 n\u2019importe qui, <strong>on s\u2019expose \u00e0 une franchise plus importante<\/strong> si le contrat d\u2019assurance n\u2019autorise pas ce pr\u00eat \u00bb. Le danger n\u2019est donc pas juridique, mais bien contractuel. Il faut garder en t\u00eate que <a href=\"https:\/\/www.autoplus.fr\/actualite\/insolite\/invente-16-accidents-45-vehicules-arnaquer-assurances-1393449.html\" rel=\"nofollow noopener\" target=\"_blank\">c\u2019est l\u2019assurance qui d\u00e9finit les r\u00e8gles<\/a>. Certaines compagnies excluent le pr\u00eat, d\u2019autres acceptent, mais avec des conditions. Et si un accident survient, la note peut grimper tr\u00e8s vite, tr\u00e8s haut.<\/p>\n<p class=\"p1\">Idem pour les exc\u00e8s de vitesse comme l\u2019explique l\u2019avocat. \u00ab Si vous pr\u00eatez votre v\u00e9hicule \u00e0 un ami, et qu\u2019il fait un exc\u00e8s de vitesse, attention. Vous pouvez le d\u00e9noncer et \u00e9viter la perte de points, vous pouvez aussi ne pas le d\u00e9noncer, mais quoi qu\u2019il arrive, vous \u00eates redevable du montant de l\u2019amende, en tant que propri\u00e9taire \u00bb. <strong>Pas de 750 \u20ac donc pour un pr\u00eat de voiture<\/strong> non d\u00e9clar\u00e9 et donc pas de nouvelle proc\u00e9dure obligatoire \u00e0 suivre. Mais une responsabilit\u00e9 qui reste pleine et enti\u00e8re pour le d\u00e9tenteur de la carte grise du v\u00e9hicule. Le reste n\u2019est qu\u2019intox, comme le confirme <a href=\"https:\/\/www.leprogres.fr\/magazine-automobile\/2025\/08\/25\/devrez-vous-payer-750-d-amende-si-vous-pretez-votre-voiture-des-septembre-2025\" rel=\"nofollow noopener\" target=\"_blank\">Le Progr\u00e8s<\/a>. Il n\u2019existe aucun texte imposant de d\u00e9claration pour pr\u00eater sa voiture.<\/p>\n<p>                <script async src=\"\/\/www.tiktok.com\/embed.js\"><\/script><\/p>\n","protected":false},"excerpt":{"rendered":"Une vid\u00e9o virale a affirm\u00e9 qu\u2019un pr\u00eat de voiture co\u00fbterait 750 \u20ac d\u2019amende d\u00e8s septembre 2025. Une annonce&hellip;\n","protected":false},"author":2,"featured_media":344242,"comment_status":"","ping_status":"","sticky":false,"template":"","format":"standard","meta":{"footnotes":""},"categories":[5],"tags":[11,10281,1011,27,14,12,28],"class_list":{"0":"post-344241","1":"post","2":"type-post","3":"status-publish","4":"format-standard","5":"has-post-thumbnail","7":"category-international","8":"tag-actualites","9":"tag-buzz-nonli","10":"tag-fr","11":"tag-france","12":"tag-international","13":"tag-news","14":"tag-world"},"share_on_mastodon":{"url":"https:\/\/pubeurope.com\/@fr\/115092837070550421","error":""},"_links":{"self":[{"href":"https:\/\/www.europesays.com\/fr\/wp-json\/wp\/v2\/posts\/344241","targetHints":{"allow":["GET"]}}],"collection":[{"href":"https:\/\/www.europesays.com\/fr\/wp-json\/wp\/v2\/posts"}],"about":[{"href":"https:\/\/www.europesays.com\/fr\/wp-json\/wp\/v2\/types\/post"}],"author":[{"embeddable":true,"href":"https:\/\/www.europesays.com\/fr\/wp-json\/wp\/v2\/users\/2"}],"replies":[{"embeddable":true,"href":"https:\/\/www.europesays.com\/fr\/wp-json\/wp\/v2\/comments?post=344241"}],"version-history":[{"count":0,"href":"https:\/\/www.europesays.com\/fr\/wp-json\/wp\/v2\/posts\/344241\/revisions"}],"wp:featuredmedia":[{"embeddable":true,"href":"https:\/\/www.europesays.com\/fr\/wp-json\/wp\/v2\/media\/344242"}],"wp:attachment":[{"href":"https:\/\/www.europesays.com\/fr\/wp-json\/wp\/v2\/media?parent=344241"}],"wp:term":[{"taxonomy":"category","embeddable":true,"href":"https:\/\/www.europesays.com\/fr\/wp-json\/wp\/v2\/categories?post=344241"},{"taxonomy":"post_tag","embeddable":true,"href":"https:\/\/www.europesays.com\/fr\/wp-json\/wp\/v2\/tags?post=344241"}],"curies":[{"name":"wp","href":"https:\/\/api.w.org\/{rel}","templated":true}]}}