{"id":344247,"date":"2025-08-26T03:07:13","date_gmt":"2025-08-26T03:07:13","guid":{"rendered":"https:\/\/www.europesays.com\/fr\/344247\/"},"modified":"2025-08-26T03:07:13","modified_gmt":"2025-08-26T03:07:13","slug":"un-premier-match-amical-pour-lancer-la-machine","status":"publish","type":"post","link":"https:\/\/www.europesays.com\/fr\/344247\/","title":{"rendered":"un premier match amical pour lancer la machine"},"content":{"rendered":"<p>SLUC Nancy &#8211; Champagne Basket<\/p>\n<p>Ce mardi \u00e0 19 h 30 \u00e0 Champigneulles<\/p>\n<p>\u00ab\u00a0La gagne n\u2019est pas l\u2019objectif du tout.\u00a0\u00bb Sylvain Lauti\u00e9 le sait et ne cesse de le r\u00e9p\u00e9ter, la v\u00e9rit\u00e9 des matchs amicaux n\u2019est pas celle du championnat. Voil\u00e0 pourquoi, \u00e0 l\u2019aube de cette premi\u00e8re partie amicale face au Champagne Basket (Pro B), le SLUC Nancy n\u2019aura pas comme objectif premier de gagner, mais surtout de consolider tout le travail effectu\u00e9 depuis la reprise <a href=\"https:\/\/www.estrepublicain.fr\/sport\/2025\/08\/18\/tours-de-terrains-petite-seance-de-shooting-bonne-ambiance-le-sluc-nancy-a-repris-le-chemin-de-l-entrainement\" target=\"_blank\" rel=\"noopener\">il y a maintenant une petite dizaine de jours<\/a>. Mais, comme le travail paie toujours\u2026 pourquoi ne pas aller chercher une victoire dans le m\u00eame temps\u00a0?<\/p>\n<p>\u00ab\u00a0Notre groupe a vraiment travaill\u00e9 tr\u00e8s dur cette semaine, explique Sylvain Lauti\u00e9. \u00c7a ne sert \u00e0 rien de comparer les saisons, mais une chose est s\u00fbre, notre densit\u00e9 physique va nous permettre de d\u00e9fendre plus dur et plus haut. Notre but sera d\u2019avoir plus de possessions que l\u2019adversaire et de voler des ballons aussi.\u00a0\u00bb<\/p>\n<p>Ce contenu est bloqu\u00e9 car vous n&rsquo;avez pas accept\u00e9 les cookies et autres traceurs.<\/p>\n<p>En cliquant sur \u00ab J\u2019accepte \u00bb, les cookies et autres traceurs seront d\u00e9pos\u00e9s et vous pourrez visualiser les contenus  (<a href=\"\" class=\"consentModule_policy\" target=\"_blank\" title=\"Consulter la politique de protection des donn\u00e9es du fournisseur\">plus d&rsquo;informations<\/a>).<\/p>\n<p>En cliquant sur \u00ab J\u2019accepte tous les cookies \u00bb, vous autorisez des d\u00e9p\u00f4ts de cookies et autres traceurs pour le stockage de vos donn\u00e9es sur nos sites et applications \u00e0 des fins de personnalisation et de ciblage publicitaire.<\/p>\n<p class=\"consentModule_secondaryText\">Vous gardez la possibilit\u00e9 de retirer votre consentement \u00e0 tout moment en consultant notre <a href=\"https:\/\/www.estrepublicain.fr\/protection-des-donnees\" target=\"_blank\" title=\"Consulter notre politique de protection des donn\u00e9es\" rel=\"noopener\">politique de protection des donn\u00e9es<\/a>. <br \/>&#13;<br \/>\n            <a href=\"https:\/\/www.estrepublicain.fr\/sport\/2025\/08\/26\/javascript:Didomi.notice.show()\" class=\"consentModule_cmp\" target=\"_blank\" rel=\"noopener\">G\u00e9rer mes choix<\/a>&#13;\n        <\/p>\n<p>&#13;<br \/>\n                        J&rsquo;accepte&#13;<br \/>\n            J&rsquo;accepte tous les cookies&#13;\n        <\/p>\n<p>Pire d\u00e9fense du championnat la saison derni\u00e8re, Nancy n\u2019a vraiment plus envie de ce titre peu glorieux. Faire le n\u00e9cessaire pendant cette campagne de matchs amicaux devrait permettre au collectif de se construire de la confiance aussi. Et ce, gr\u00e2ce \u00e9galement \u00e0 de nombreux leaders qui commencent \u00e0 prendre leurs marques dans ce groupe. \u00ab\u00a0Il y a en beaucoup cette ann\u00e9e. Des leaders vocaux, mais aussi par l\u2019exemple. Tous les joueurs sont de bonne volont\u00e9 et s\u2019arrachent aux entra\u00eenements\u2026 C\u2019est vraiment un bon groupe et c\u2019est de bon augure.\u00a0\u00bb<\/p>\n<p>  Grotzinger, le retour<\/p>\n<p>Tous les signaux sont en effet au vert pour la r\u00e9ception de l\u2019\u00e9curie r\u00e9moise de Pro B, entra\u00een\u00e9e par Vincent Dumestre, et qui compte dans ses rangs un certain <a href=\"https:\/\/www.estrepublicain.fr\/sport\/2024\/06\/01\/sluc-nancy-guillaume-grotzinger-prete-a-chalons-reims-(pro-b)\" target=\"_blank\" rel=\"noopener\">Guillaume Grotzinger<\/a>. Champion de France espoirs avec le SLUC Nancy en 2024, le joueur de 21 ans a r\u00e9alis\u00e9 une belle premi\u00e8re saison en deuxi\u00e8me division avec 33 feuilles de matchs pour pr\u00e8s de 20 minutes de jeu en moyenne. Les Champenois ne seront cependant pas sur un match de reprise, puisque ce dernier \u00e9tait effectu\u00e9 ce vendredi du c\u00f4t\u00e9 de Charleville-M\u00e9zi\u00e8res pour eux, avec une victoire de Guillaume Grotzinger et ses co\u00e9quipiers \u00e0 la cl\u00e9 (92-82).<\/p>\n<p>\u00c0 noter que, dans les rangs lorrains, si tout le monde devrait r\u00e9pondre pr\u00e9sent, m\u00eame <a href=\"https:\/\/www.estrepublicain.fr\/sport\/2025\/07\/15\/sluc-nancy-basket-qui-est-l-ailier-americain-landers-nolley-ii\" target=\"_blank\" rel=\"noopener\">Landers Nolley II<\/a> qui a eu une petite alerte cette semaine, <a href=\"https:\/\/www.estrepublicain.fr\/sport\/2025\/08\/17\/mohammad-amini-(sluc-nancy)-cartonne-a-l-asia-cup-avec-l-iran-mais-revient-blesse\" target=\"_blank\" rel=\"noopener\">Mohammad Amini<\/a> ne sera pas apte pour cette rencontre. Comme pour vraisemblablement une grande partie de la pr\u00e9paration.<\/p>\n","protected":false},"excerpt":{"rendered":"SLUC Nancy &#8211; Champagne Basket Ce mardi \u00e0 19 h 30 \u00e0 Champigneulles \u00ab\u00a0La gagne n\u2019est pas l\u2019objectif&hellip;\n","protected":false},"author":2,"featured_media":344248,"comment_status":"","ping_status":"","sticky":false,"template":"","format":"standard","meta":{"footnotes":""},"categories":[9635],"tags":[1111,11,1791,1704,1777,674,107,1701,1795,1011,27,775,1702,1703,12,25,11567,517,1700],"class_list":{"0":"post-344247","1":"post","2":"type-post","3":"status-publish","4":"format-standard","5":"has-post-thumbnail","7":"category-nancy","8":"tag-actu","9":"tag-actualites","10":"tag-basket-ball","11":"tag-edition-nancy-et-agglomeration","12":"tag-eu","13":"tag-europe","14":"tag-fil-info","15":"tag-fil-info-sport","16":"tag-fil-web","17":"tag-fr","18":"tag-france","19":"tag-grand-est","20":"tag-nancy","21":"tag-nancy-ville-54b","22":"tag-news","23":"tag-republique-francaise","24":"tag-sluc","25":"tag-sport","26":"tag-sport-lorrain"},"share_on_mastodon":{"url":"https:\/\/pubeurope.com\/@fr\/115092864588751754","error":""},"_links":{"self":[{"href":"https:\/\/www.europesays.com\/fr\/wp-json\/wp\/v2\/posts\/344247","targetHints":{"allow":["GET"]}}],"collection":[{"href":"https:\/\/www.europesays.com\/fr\/wp-json\/wp\/v2\/posts"}],"about":[{"href":"https:\/\/www.europesays.com\/fr\/wp-json\/wp\/v2\/types\/post"}],"author":[{"embeddable":true,"href":"https:\/\/www.europesays.com\/fr\/wp-json\/wp\/v2\/users\/2"}],"replies":[{"embeddable":true,"href":"https:\/\/www.europesays.com\/fr\/wp-json\/wp\/v2\/comments?post=344247"}],"version-history":[{"count":0,"href":"https:\/\/www.europesays.com\/fr\/wp-json\/wp\/v2\/posts\/344247\/revisions"}],"wp:featuredmedia":[{"embeddable":true,"href":"https:\/\/www.europesays.com\/fr\/wp-json\/wp\/v2\/media\/344248"}],"wp:attachment":[{"href":"https:\/\/www.europesays.com\/fr\/wp-json\/wp\/v2\/media?parent=344247"}],"wp:term":[{"taxonomy":"category","embeddable":true,"href":"https:\/\/www.europesays.com\/fr\/wp-json\/wp\/v2\/categories?post=344247"},{"taxonomy":"post_tag","embeddable":true,"href":"https:\/\/www.europesays.com\/fr\/wp-json\/wp\/v2\/tags?post=344247"}],"curies":[{"name":"wp","href":"https:\/\/api.w.org\/{rel}","templated":true}]}}