{"id":344249,"date":"2025-08-26T03:09:12","date_gmt":"2025-08-26T03:09:12","guid":{"rendered":"https:\/\/www.europesays.com\/fr\/344249\/"},"modified":"2025-08-26T03:09:12","modified_gmt":"2025-08-26T03:09:12","slug":"le-25e-conseil-des-ministres-franco-allemand-qui-se-tient-a-toulon-ce-vendredi-visera-a-faire-converger-nos-approches","status":"publish","type":"post","link":"https:\/\/www.europesays.com\/fr\/344249\/","title":{"rendered":"Le 25e conseil des ministres franco-allemand, qui se tient \u00e0 Toulon ce vendredi, visera \u00e0 \u00ab\u00a0faire converger nos approches\u00a0\u00bb"},"content":{"rendered":"<p>La relation franco-allemande \u00e0 \u00ab\u00a0l\u2019heure d\u2019une relance tr\u00e8s significative \u00ab\u00a0. C\u2019est le message de l\u2019\u00c9lys\u00e9e, \u00e0 quelques jours du 25e conseil des ministres franco-allemand (CMFA), le premier depuis l\u2019investiture de Friedrich Merz par le Bundestag. Celui-ci doit se tenir ce vendredi 29 ao\u00fbt \u00e0 la pr\u00e9fecture maritime de la M\u00e9diterran\u00e9e.<\/p>\n<p>\u00c0 Toulon donc. Parce que le pr\u00e9sident de la R\u00e9publique souhaitait, la veille, pouvoir faire l\u2019honneur au chancelier allemand de le recevoir au fort de Br\u00e9gan\u00e7on (lire par ailleurs). C\u2019est dire si \u00ab\u00a0l\u2019intimit\u00e9 franco-allemande est un fait majeur de notre politique \u00e9trang\u00e8re et un pilier de notre strat\u00e9gie \u00e0 la fois europ\u00e9enne et internationale\u00a0\u00bb. Dixit l\u2019\u00c9lys\u00e9e.<\/p>\n<p>Efficacit\u00e9 et comp\u00e9titivit\u00e9<\/p>\n<p>Objectif: une Europe plus efficace et en comp\u00e9tition avec l\u2019international. En tout cas pour le premier volet du CMFA, qui se tiendra en matin\u00e9e en pr\u00e9sence de dix ministres de chaque pays. Il sera notamment question de synchronisation des mesures et des points sur lesquels \u00ab\u00a0nous avons \u00e0 agir ensemble pour que, \u00e0 Bruxelles, nous disposions de tous les outils, notamment budg\u00e9taires, permettant d\u2019assurer la souverainet\u00e9 de l\u2019Europe et lui donner la puissance\u00a0\u00bb.<\/p>\n<p>Simplification \u00e9conomique et de la l\u00e9gislation, commerce, strat\u00e9gie industrielle et d\u2019\u00e9nergie\u2026 Et puis bien s\u00fbr le num\u00e9rique et l\u2019intelligence artificielle ou encore l\u2019espace, comme autant de sujets sur lesquels le couple franco-allemand veut disposer d\u2019un agenda de comp\u00e9titivit\u00e9.<\/p>\n<p>Copieux d\u00e9jeuner<\/p>\n<p>Le ma\u00eetre-mot de la rencontre devrait ainsi \u00eatre \u00ab\u00a0convergence\u00a0\u00bb. En effet, le programme de travail visera \u00e0 \u00ab\u00a0faire converger nos approches\u00a0\u00bb. Dans ce but, une deuxi\u00e8me partie de la rencontre, sans doute \u00e0 l\u2019heure du d\u00e9jeuner, abordera des sujets de productivit\u00e9, de march\u00e9 du travail, d\u2019emploi des jeunes et des seniors. \u00ab\u00a0On essaye de se coordonner sur les r\u00e9formes respectives qu\u2019on m\u00e8ne dans les champs \u00e9conomiques et sociaux\u00a0\u00bb, explique l\u2019\u00c9lys\u00e9e.<\/p>\n<p>Une coop\u00e9ration bilat\u00e9rale \u00e0 articuler aussi autour des enjeux migratoires, frontaliers et de protection civile, ou encore en mati\u00e8re de culture. Copieux menu au repas de midi!<\/p>\n<p>Les questions de d\u00e9fense et de s\u00e9curit\u00e9 seront, elles, abord\u00e9es dans l\u2019apr\u00e8s-midi au cours d\u2019un troisi\u00e8me volet sous forme d\u2019un conseil d\u00e9di\u00e9. En pr\u00e9sence des ministres des Arm\u00e9es (S\u00e9bastien Lecornu et Boris Pistorius) et des ministres des Affaires \u00e9trang\u00e8res (Jean-No\u00ebl Barrot et Johann Wadephul), Emmanuel Macron et Friedrich Merz devraient s\u2019entretenir de leur \u00ab\u00a0vision partag\u00e9e de ce qui est n\u00e9cessaire pour l\u2019Europe\u00a0\u00bb.<\/p>\n<p>Se pr\u00e9parer aux confrontations de demain<\/p>\n<p>Ils parleront \u00e0 la fois de projets industriels \u2013 l\u2019avion de combat ou le char du futur \u2013 et de strat\u00e9gie, afin que \u00ab\u00a0les Europ\u00e9ens soient pr\u00eats aux confrontations de demain\u00a0\u00bb.<\/p>\n<p>Les \u00e9changes devraient ainsi \u00eatre soutenus sur les grands dossiers du moment, l\u2019Ukraine en t\u00eate, le Moyen-Orient et la crise nucl\u00e9aire iranienne juste derri\u00e8re.<\/p>\n<p>L\u2019\u00c9lys\u00e9e insiste: \u00ab\u00a0Il ne s\u2019agit pas d\u2019une grand-messe, mais bien d\u2019un moment d\u2019action.\u00a0\u00bb La journ\u00e9e ne devrait ainsi pas se conclure par une d\u00e9claration formelle. Plut\u00f4t par une s\u00e9rie de feuilles de route et de projets concrets, secteur par secteur. C\u2019est de cette mani\u00e8re, les deux pays en sont convaincus, que le r\u00e9flexe franco-allemand sera remis au go\u00fbt du jour.<\/p>\n<p>            Des chanceliers \u00e0 Br\u00e9gan\u00e7on<\/p>\n<p>La tradition est \u00e0 l\u2019alternance lorsqu\u2019il s\u2019agit du conseil des ministres franco-allemand. Et puisque le pr\u00e9c\u00e9dent, en mai 2024, s\u2019\u00e9tait tenu au ch\u00e2teau de Meseberg, non loin de Berlin, c\u2019est au tour de la France d\u2019accueillir la rencontre bilat\u00e9rale, qui se tient une fois par an, parfois deux, depuis 2003. Elle le fait g\u00e9n\u00e9ralement en dehors de la capitale.<\/p>\n<p>Si c\u2019est Toulon qui a \u00e9t\u00e9 choisie, c\u2019est en raison de sa proximit\u00e9 avec le fort de Br\u00e9gan\u00e7on. Emmanuel Macron souhaitait faire l\u2019honneur \u00e0 <strong>Friedrich Merz<\/strong> d\u2019\u00a0\u00bbune marque d\u2019attention particuli\u00e8re\u00a0\u00bb en le recevant dans la r\u00e9sidence d\u2019\u00e9t\u00e9 des pr\u00e9sidents de la R\u00e9publique. Le chancelier allemand d\u00eenera donc avec le chef de l\u2019\u00c9tat fran\u00e7ais ce jeudi 28 ao\u00fbt.<\/p>\n<p>D\u00e9j\u00e0 il y a tout juste cinq ans, le 20 ao\u00fbt 2020, le Pr\u00e9sident fran\u00e7ais recevait la chanceli\u00e8re allemande <strong>Angela Merkel<\/strong> \u00e0 Br\u00e9gan\u00e7on. Trente-cinq ans plus t\u00f4t, c\u2019est Fran\u00e7ois Mitterrand qui, le 24 ao\u00fbt 1985, conviait <strong>Helmut Kohl.<\/strong><\/p>\n","protected":false},"excerpt":{"rendered":"La relation franco-allemande \u00e0 \u00ab\u00a0l\u2019heure d\u2019une relance tr\u00e8s significative \u00ab\u00a0. C\u2019est le message de l\u2019\u00c9lys\u00e9e, \u00e0 quelques jours&hellip;\n","protected":false},"author":2,"featured_media":344250,"comment_status":"","ping_status":"","sticky":false,"template":"","format":"standard","meta":{"footnotes":""},"categories":[9619],"tags":[1111,11,1777,674,1011,27,12,316,882,25,2310],"class_list":{"0":"post-344249","1":"post","2":"type-post","3":"status-publish","4":"format-standard","5":"has-post-thumbnail","7":"category-toulon","8":"tag-actu","9":"tag-actualites","10":"tag-eu","11":"tag-europe","12":"tag-fr","13":"tag-france","14":"tag-news","15":"tag-politique","16":"tag-provence-alpes-cote-dazur","17":"tag-republique-francaise","18":"tag-toulon"},"share_on_mastodon":{"url":"https:\/\/pubeurope.com\/@fr\/115092872510567219","error":""},"_links":{"self":[{"href":"https:\/\/www.europesays.com\/fr\/wp-json\/wp\/v2\/posts\/344249","targetHints":{"allow":["GET"]}}],"collection":[{"href":"https:\/\/www.europesays.com\/fr\/wp-json\/wp\/v2\/posts"}],"about":[{"href":"https:\/\/www.europesays.com\/fr\/wp-json\/wp\/v2\/types\/post"}],"author":[{"embeddable":true,"href":"https:\/\/www.europesays.com\/fr\/wp-json\/wp\/v2\/users\/2"}],"replies":[{"embeddable":true,"href":"https:\/\/www.europesays.com\/fr\/wp-json\/wp\/v2\/comments?post=344249"}],"version-history":[{"count":0,"href":"https:\/\/www.europesays.com\/fr\/wp-json\/wp\/v2\/posts\/344249\/revisions"}],"wp:featuredmedia":[{"embeddable":true,"href":"https:\/\/www.europesays.com\/fr\/wp-json\/wp\/v2\/media\/344250"}],"wp:attachment":[{"href":"https:\/\/www.europesays.com\/fr\/wp-json\/wp\/v2\/media?parent=344249"}],"wp:term":[{"taxonomy":"category","embeddable":true,"href":"https:\/\/www.europesays.com\/fr\/wp-json\/wp\/v2\/categories?post=344249"},{"taxonomy":"post_tag","embeddable":true,"href":"https:\/\/www.europesays.com\/fr\/wp-json\/wp\/v2\/tags?post=344249"}],"curies":[{"name":"wp","href":"https:\/\/api.w.org\/{rel}","templated":true}]}}