{"id":344251,"date":"2025-08-26T03:10:16","date_gmt":"2025-08-26T03:10:16","guid":{"rendered":"https:\/\/www.europesays.com\/fr\/344251\/"},"modified":"2025-08-26T03:10:16","modified_gmt":"2025-08-26T03:10:16","slug":"deux-pietonnes-violemment-agressees-et-blessees-pour-leurs-bijoux-de-valeur","status":"publish","type":"post","link":"https:\/\/www.europesays.com\/fr\/344251\/","title":{"rendered":"deux pi\u00e9tonnes violemment agress\u00e9es et bless\u00e9es pour leurs bijoux de valeur"},"content":{"rendered":"<p>            Par<br \/>\n        <strong><br \/>\n            <a href=\"https:\/\/actu.fr\/auteur\/jm-aubert\" title=\"Consulter tous les articles de Jean-Marc Aubert\" rel=\"nofollow noopener\" target=\"_blank\">Jean-Marc Aubert<\/a><br \/>\n        <\/strong><\/p>\n<p>        Publi\u00e9 le<\/p>\n<p>            25 ao\u00fbt 2025 \u00e0 10h32        <\/p>\n<p>Les <strong>vols \u00e0 l\u2019arrach\u00e9<\/strong> d\u00e9fraient de nouveau la chronique \u00e0 <strong>Montpellier<\/strong> : ainsi, ce samedi 23 ao\u00fbt 2025 en soir\u00e9e, deux pi\u00e9tonnes ont \u00e9t\u00e9 violemment agress\u00e9s par des individus circulant \u00e0 scooter. Ils sont en fuite avec des bijoux de valeur.<\/p>\n<p>    <a href=\"https:\/\/www.google.com\/maps\/embed?pb=!1m18!1m12!1m3!1d6597.6585248572555!2d3.8971305211866007!3d43.6183410443628!2m3!1f0!2f0!3f0!3m2!1i1024!2i768!4f13.1!3m3!1m2!1s0x12b6af7b2e859471%3A0x244c26a35552b218!2sAv.%20Alphonse%20Juin%2C%2034000%20Montpellier!5e0!3m2!1sfr!2sfr!4v1756101800437!5m2!1sfr!2sfr\" title=\"Ouvrie le lien\" rel=\"nofollow noopener\" target=\"_blank\">Cliquez ici pour visualiser le contenu<\/a><\/p>\n<p class=\" wall-content\">Samedi \u00e0 20h15, une r\u00e9sidante du quartier de la Pompignane \u00e2g\u00e9e de 53 ans regagne \u00e0 pied regagne son domicile tout proche, quand sur l\u2019avenue Alphonse Juin, au niveau du stade de football, elle entend du bruit suspect derri\u00e8re elle. En se retournant, elle aper\u00e7oit non loin deux individus qui s\u2019approchent, l\u2019un \u00e0 scooter, l\u2019autre \u00e0 pied.<\/p>\n<p class=\" wall-content\">Le temps qu\u2019elle r\u00e9alise, il est trop tard, l\u2019inconnu \u00e0 pied lui saute dessus en lui arrachant un diamant et deux pendentifs, avant de grimper sur le scooter pilot\u00e9 par son complice et de s\u2019enfuir.\u00a0La victime chute lourdement sur la chauss\u00e9e, tandis que des t\u00e9moins viennent \u00e0 son secours pour la r\u00e9conforter jusqu\u2019\u00e0 l\u2019arriv\u00e9e des sapeurs-pompiers du <strong>Sdis 34<\/strong>.<\/p>\n<p class=\" wall-content\">La quinquag\u00e9naire l\u00e9g\u00e8rement bless\u00e9e et en \u00e9tat de choc est transport\u00e9e aux urgences de l\u2019h\u00f4pital Lapeyronie pour y recevoir des soins. Police secours intervient sur les lieux, mais les agresseurs sont d\u00e9j\u00e0 loin avec leur butin.<\/p>\n<p>Vid\u00e9os : en ce moment sur ActuUne demi-heure plus tard\u2026<\/p>\n<p class=\" wall-content\">Une agression similaire s\u2019est produite, toujours ce samedi, vers 20h45 cette fois, dans la rue Saint-Cl\u00e9ophas, dans le quartier de Lemasson. Alors qu\u2019elle prom\u00e8ne tranquillement son chien, non loin de la r\u00e9sidence o\u00f9 elle habite avec son mari, deux individus juch\u00e9s sur un scooter la d\u00e9passent, puis stoppent brusquement. La sc\u00e8ne se d\u00e9roule tr\u00e8s vite : le passager descend et agresse violemment la victime \u00e2g\u00e9e de 73 ans en lui arrachant un collier avec un diamant et un pendentif, avant de quitter les lieux.<\/p>\n<p>    <a href=\"https:\/\/www.google.com\/maps\/embed?pb=!1m18!1m12!1m3!1d2771.684325352161!2d3.8677218553521495!3d43.598507435646795!2m3!1f0!2f0!3f0!3m2!1i1024!2i768!4f13.1!3m3!1m2!1s0x12b6afb3d4a1ec5f%3A0xf35f67a86e5acee8!2sRue%20Saint-Cl%C3%A9ophas%2C%2034070%20Montpellier!5e0!3m2!1sfr!2sfr!4v1756102067802!5m2!1sfr!2sfr\" title=\"Ouvrie le lien\" rel=\"nofollow noopener\" target=\"_blank\">Cliquez ici pour visualiser le contenu<\/a><\/p>\n<p>Votre r\u00e9gion, votre actu !<\/p>\n<p>Recevez chaque jour les infos qui comptent pour vous.<\/p>\n<p>\t<a href=\"https:\/\/actu.fr\/newsletter\" class=\"ac-btn ac-btn--corner ac-btn--medium ac-btn--blue800\" rel=\"nofollow noopener\" target=\"_blank\">S&rsquo;incrire<\/a><\/p>\n<p class=\" wall-content\">Lors de l\u2019agression, la septuag\u00e9naire est tomb\u00e9e, se blessant l\u00e9g\u00e8rement, mais a refus\u00e9 d\u2019\u00eatre secourue par les sapeurs-pompiers, tandis que <strong>police secours<\/strong> \u00e9tait sur place. Elle a pr\u00e9f\u00e9r\u00e9 regagner son domicile et retrouver son mari pour se soigner, avant de se rendre au commissariat central pour d\u00e9poser plainte.<\/p>\n<p class=\" wall-content\">Ces faits font l\u2019objet d\u2019enqu\u00eates au <strong>Service local de police judiciaire<\/strong> -Slpj- o\u00f9 les policiers tentent d\u2019\u00e9tablir si les deux m\u00eame auteurs sur des deux roues ont op\u00e9r\u00e9 aux deux endroits, en l\u2019espace d\u2019une demi-heure, selon un mode op\u00a0\u00bboratoire identique ou s\u2019il s\u2019agit de deux vols \u00e0 l\u2019arrach\u00e9 diff\u00e9rents. Reste que dans les deux cas, selon les victimes, il s\u2019agit de tr\u00e8s jeunes individus, sans savoir, pour l\u2019heure si ce sont des mineurs non accompagn\u00e9s -MNA- signal\u00e9s dans les rues de Montpellier depuis le d\u00e9but de l\u2019\u00e9t\u00e9.<\/p>\n<p class=\" wall-content\">Personnalisez votre actualit\u00e9 en ajoutant vos villes et m\u00e9dias en favori avec <a href=\"https:\/\/moncompte.actu.fr\" title=\"D\u00e9couvez Mon Actu\" rel=\"nofollow noopener\" data-trk=\"{&quot;cta&quot;:{&quot;action&quot;:&quot;https:\\\/\\\/moncompte.actu.fr&quot;,&quot;category&quot;:&quot;mon compte&quot;,&quot;from&quot;:&quot;article footer&quot;,&quot;name&quot;:&quot;Mon actu&quot;,&quot;type&quot;:&quot;cta&quot;}}\" target=\"_blank\">Mon Actu<\/a>.<\/p>\n","protected":false},"excerpt":{"rendered":"Par Jean-Marc Aubert Publi\u00e9 le 25 ao\u00fbt 2025 \u00e0 10h32 Les vols \u00e0 l\u2019arrach\u00e9 d\u00e9fraient de nouveau la&hellip;\n","protected":false},"author":2,"featured_media":344252,"comment_status":"","ping_status":"","sticky":false,"template":"","format":"standard","meta":{"footnotes":""},"categories":[9599],"tags":[1111,11,1777,674,118,1011,27,303,2208,12,2680,1072,25],"class_list":{"0":"post-344251","1":"post","2":"type-post","3":"status-publish","4":"format-standard","5":"has-post-thumbnail","7":"category-montpellier","8":"tag-actu","9":"tag-actualites","10":"tag-eu","11":"tag-europe","12":"tag-faits-divers","13":"tag-fr","14":"tag-france","15":"tag-justice","16":"tag-montpellier","17":"tag-news","18":"tag-occitanie","19":"tag-police","20":"tag-republique-francaise"},"share_on_mastodon":{"url":"https:\/\/pubeurope.com\/@fr\/115092877011432319","error":""},"_links":{"self":[{"href":"https:\/\/www.europesays.com\/fr\/wp-json\/wp\/v2\/posts\/344251","targetHints":{"allow":["GET"]}}],"collection":[{"href":"https:\/\/www.europesays.com\/fr\/wp-json\/wp\/v2\/posts"}],"about":[{"href":"https:\/\/www.europesays.com\/fr\/wp-json\/wp\/v2\/types\/post"}],"author":[{"embeddable":true,"href":"https:\/\/www.europesays.com\/fr\/wp-json\/wp\/v2\/users\/2"}],"replies":[{"embeddable":true,"href":"https:\/\/www.europesays.com\/fr\/wp-json\/wp\/v2\/comments?post=344251"}],"version-history":[{"count":0,"href":"https:\/\/www.europesays.com\/fr\/wp-json\/wp\/v2\/posts\/344251\/revisions"}],"wp:featuredmedia":[{"embeddable":true,"href":"https:\/\/www.europesays.com\/fr\/wp-json\/wp\/v2\/media\/344252"}],"wp:attachment":[{"href":"https:\/\/www.europesays.com\/fr\/wp-json\/wp\/v2\/media?parent=344251"}],"wp:term":[{"taxonomy":"category","embeddable":true,"href":"https:\/\/www.europesays.com\/fr\/wp-json\/wp\/v2\/categories?post=344251"},{"taxonomy":"post_tag","embeddable":true,"href":"https:\/\/www.europesays.com\/fr\/wp-json\/wp\/v2\/tags?post=344251"}],"curies":[{"name":"wp","href":"https:\/\/api.w.org\/{rel}","templated":true}]}}