{"id":344255,"date":"2025-08-26T03:16:23","date_gmt":"2025-08-26T03:16:23","guid":{"rendered":"https:\/\/www.europesays.com\/fr\/344255\/"},"modified":"2025-08-26T03:16:23","modified_gmt":"2025-08-26T03:16:23","slug":"lautoroute-rouvre-sur-une-seule-voie-dans-le-sens-valence-grenoble","status":"publish","type":"post","link":"https:\/\/www.europesays.com\/fr\/344255\/","title":{"rendered":"l&rsquo;autoroute rouvre sur une seule voie dans le sens Valence-Grenoble"},"content":{"rendered":"<p>Un accident de poids lourd qui s&rsquo;est produit vers 7 h 45 ce lundi a provoqu\u00e9 la coupure de l&rsquo;A 49 au nord de la sortie Vinay, dans le sens Valence Grenoble.<\/p>\n<p>Ce contenu est bloqu\u00e9 car vous n&rsquo;avez pas accept\u00e9 les cookies et autres traceurs.<\/p>\n<p>En cliquant sur \u00ab J\u2019accepte \u00bb, les cookies et autres traceurs seront d\u00e9pos\u00e9s et vous pourrez visualiser les contenus  (<a href=\"\" class=\"consentModule_policy\" target=\"_blank\" title=\"Consulter la politique de protection des donn\u00e9es du fournisseur\">plus d&rsquo;informations<\/a>).<\/p>\n<p>En cliquant sur \u00ab J\u2019accepte tous les cookies \u00bb, vous autorisez des d\u00e9p\u00f4ts de cookies et autres traceurs pour le stockage de vos donn\u00e9es sur nos sites et applications \u00e0 des fins de personnalisation et de ciblage publicitaire.<\/p>\n<p class=\"consentModule_secondaryText\">Vous gardez la possibilit\u00e9 de retirer votre consentement \u00e0 tout moment en consultant notre <a href=\"https:\/\/www.ledauphine.com\/protection-des-donnees\" target=\"_blank\" title=\"Consulter notre politique de protection des donn\u00e9es\" rel=\"noopener\">politique de protection des donn\u00e9es<\/a>. <br \/>&#13;<br \/>\n            <a href=\"https:\/\/www.ledauphine.com\/faits-divers-justice\/2025\/08\/25\/javascript:Didomi.notice.show()\" class=\"consentModule_cmp\" target=\"_blank\" rel=\"noopener\">G\u00e9rer mes choix<\/a>&#13;\n        <\/p>\n<p>&#13;<br \/>\n                        J&rsquo;accepte&#13;<br \/>\n            J&rsquo;accepte tous les cookies&#13;\n        <\/p>\n<p>Le conducteur du camion, bless\u00e9, est actuellement pris en charge par les secours. Selon les \u00e9l\u00e9ments recueillis sur place par Le Dauphin\u00e9 Lib\u00e9r\u00e9, le conducteur de ce camion de chantier transportant du gravier se dirigeait vers Valence lorsqu&rsquo;il a perdu le contr\u00f4le de son v\u00e9hicule.<\/p>\n<p>Le poids lourd a alors travers\u00e9 le terre-plein central avant de se coucher sur les voies oppos\u00e9es. Par miracle, aucun v\u00e9hicule n&rsquo;arrivait en sens inverse \u00e0 cet instant.<\/p>\n<p>L\u00e9g\u00e8rement bless\u00e9, le chauffeur a \u00e9t\u00e9 conduit \u00e0 l&rsquo;h\u00f4pital par les sapeurs-pompiers.<\/p>\n<p>A 10 h 15, le camion \u00e9tait en cours d&rsquo;\u00e9vacuation et le nettoyage de la chauss\u00e9e se poursuivait. L&rsquo;A49 est d\u00e9sormais rouverte dans le sens Valence-Grenoble. Les automobilistes peuvent d\u00e9sormais circuler sur une voie apr\u00e8s l&rsquo;\u00e9vacuation du camion accident\u00e9.<\/p>\n","protected":false},"excerpt":{"rendered":"Un accident de poids lourd qui s&rsquo;est produit vers 7 h 45 ce lundi a provoqu\u00e9 la coupure&hellip;\n","protected":false},"author":2,"featured_media":344256,"comment_status":"","ping_status":"","sticky":false,"template":"","format":"standard","meta":{"footnotes":""},"categories":[9566],"tags":[119,1111,11,2430,2730,112,2735,114,1777,674,274,107,1011,27,2731,2732,108,12,25,2733,2734,17658],"class_list":{"0":"post-344255","1":"post","2":"type-post","3":"status-publish","4":"format-standard","5":"has-post-thumbnail","7":"category-grenoble","8":"tag-accident","9":"tag-actu","10":"tag-actualites","11":"tag-auvergne-rhone-alpes","12":"tag-drome","13":"tag-edition-grenoble-agglomeration","14":"tag-edition-valence-rhone-crussol-vallee-de-la-drome","15":"tag-edition-voiron-saint-marcellin","16":"tag-eu","17":"tag-europe","18":"tag-faits-divers-justice","19":"tag-fil-info","20":"tag-fr","21":"tag-france","22":"tag-grenoble","23":"tag-grenoble-bassin","24":"tag-isere","25":"tag-news","26":"tag-republique-francaise","27":"tag-valence","28":"tag-valence-bassin","29":"tag-vinay"},"share_on_mastodon":{"url":"https:\/\/pubeurope.com\/@fr\/115092900268594817","error":""},"_links":{"self":[{"href":"https:\/\/www.europesays.com\/fr\/wp-json\/wp\/v2\/posts\/344255","targetHints":{"allow":["GET"]}}],"collection":[{"href":"https:\/\/www.europesays.com\/fr\/wp-json\/wp\/v2\/posts"}],"about":[{"href":"https:\/\/www.europesays.com\/fr\/wp-json\/wp\/v2\/types\/post"}],"author":[{"embeddable":true,"href":"https:\/\/www.europesays.com\/fr\/wp-json\/wp\/v2\/users\/2"}],"replies":[{"embeddable":true,"href":"https:\/\/www.europesays.com\/fr\/wp-json\/wp\/v2\/comments?post=344255"}],"version-history":[{"count":0,"href":"https:\/\/www.europesays.com\/fr\/wp-json\/wp\/v2\/posts\/344255\/revisions"}],"wp:featuredmedia":[{"embeddable":true,"href":"https:\/\/www.europesays.com\/fr\/wp-json\/wp\/v2\/media\/344256"}],"wp:attachment":[{"href":"https:\/\/www.europesays.com\/fr\/wp-json\/wp\/v2\/media?parent=344255"}],"wp:term":[{"taxonomy":"category","embeddable":true,"href":"https:\/\/www.europesays.com\/fr\/wp-json\/wp\/v2\/categories?post=344255"},{"taxonomy":"post_tag","embeddable":true,"href":"https:\/\/www.europesays.com\/fr\/wp-json\/wp\/v2\/tags?post=344255"}],"curies":[{"name":"wp","href":"https:\/\/api.w.org\/{rel}","templated":true}]}}