{"id":344257,"date":"2025-08-26T03:17:09","date_gmt":"2025-08-26T03:17:09","guid":{"rendered":"https:\/\/www.europesays.com\/fr\/344257\/"},"modified":"2025-08-26T03:17:09","modified_gmt":"2025-08-26T03:17:09","slug":"au-sud-de-rennes-ils-etaient-pres-de-600-teufeurs-ce-week-end","status":"publish","type":"post","link":"https:\/\/www.europesays.com\/fr\/344257\/","title":{"rendered":"Au sud de Rennes, ils \u00e9taient pr\u00e8s de 600\u00a0teufeurs ce week-end"},"content":{"rendered":"<p>Dans la nuit du vendredi\u00a022 au samedi 23\u00a0ao\u00fbt 2025, pr\u00e8s de 600\u00a0teufeurs se sont rassembl\u00e9s au lieu-dit La Bigotais, \u00e0 Bovel (Ille-et-Vilaine). Install\u00e9s sur un terrain priv\u00e9 en jach\u00e8re, ils sont rest\u00e9s jusqu\u2019au dimanche avant de couper la musique en fin d\u2019apr\u00e8s-midi. Sur place, les forces de l\u2019ordre avaient mis en place un dispositif pour r\u00e9guler l\u2019afflux des participants. Au moment du d\u00e9part, environ 200\u00a0verbalisations ont \u00e9t\u00e9 dress\u00e9es, notamment pour la simple pr\u00e9sence sur le site. Le mat\u00e9riel a quant \u00e0 lui \u00e9t\u00e9 saisi \u00e0 la fin du week-end.<\/p>\n<p><strong>Lire aussi<\/strong>\u00a0: <a href=\"https:\/\/rennes.maville.com\/actu\/actudet_-au-sud-de-rennes-une-nouvelle-free-party-reunit-plusieurs-centaines-de-teufeurs-_7-6944662_actu.Htm\" rel=\"nofollow noopener\" target=\"_blank\">Au sud de Rennes, une nouvelle free party r\u00e9unit plusieurs centaines de teufeurs<\/a><\/p>\n<p>Les rave-parties interdites en ao\u00fbt<\/p>\n<p>Pour rappel, le pr\u00e9fet d\u2019Ille-et-Vilaine <a href=\"https:\/\/saint-malo.maville.com\/actu\/actudet_-les-rave-parties-non-declarees-sont-interdites-durant-le-mois-d-aout-en-ille-et-vilaine-_7-6920221_actu.Htm\" rel=\"nofollow noopener\" target=\"_blank\">a pris fin juillet un arr\u00eat\u00e9 interdisant les rave-parties<\/a> non d\u00e9clar\u00e9es jusqu\u2019au 1er\u00a0septembre 2025 dans le d\u00e9partement. Tout rassemblement de ce type est passible de sanctions, de m\u00eame que le transport de mat\u00e9riel pouvant \u00eatre utilis\u00e9 (enceintes, groupes \u00e9lectrog\u00e8nes,\u00a0etc.). En cas d\u2019infraction, ce mat\u00e9riel peut \u00eatre saisi pour une dur\u00e9e maximale de six mois, en vue d\u2019une confiscation judiciaire.<\/p>\n<p>\u00a0<\/p>\n","protected":false},"excerpt":{"rendered":"Dans la nuit du vendredi\u00a022 au samedi 23\u00a0ao\u00fbt 2025, pr\u00e8s de 600\u00a0teufeurs se sont rassembl\u00e9s au lieu-dit La&hellip;\n","protected":false},"author":2,"featured_media":344258,"comment_status":"","ping_status":"","sticky":false,"template":"","format":"standard","meta":{"footnotes":""},"categories":[2821],"tags":[13709,1111,11,829,1777,674,1011,27,12,3762,3086,584,25,7053,10236,4064],"class_list":{"0":"post-344257","1":"post","2":"type-post","3":"status-publish","4":"format-standard","5":"has-post-thumbnail","7":"category-rennes","8":"tag-13709","9":"tag-actu","10":"tag-actualites","11":"tag-bretagne","12":"tag-eu","13":"tag-europe","14":"tag-fr","15":"tag-france","16":"tag-news","17":"tag-pres","18":"tag-redon","19":"tag-rennes","20":"tag-republique-francaise","21":"tag-sud","22":"tag-teufeurs","23":"tag-week-end"},"share_on_mastodon":{"url":"https:\/\/pubeurope.com\/@fr\/115092903895731478","error":""},"_links":{"self":[{"href":"https:\/\/www.europesays.com\/fr\/wp-json\/wp\/v2\/posts\/344257","targetHints":{"allow":["GET"]}}],"collection":[{"href":"https:\/\/www.europesays.com\/fr\/wp-json\/wp\/v2\/posts"}],"about":[{"href":"https:\/\/www.europesays.com\/fr\/wp-json\/wp\/v2\/types\/post"}],"author":[{"embeddable":true,"href":"https:\/\/www.europesays.com\/fr\/wp-json\/wp\/v2\/users\/2"}],"replies":[{"embeddable":true,"href":"https:\/\/www.europesays.com\/fr\/wp-json\/wp\/v2\/comments?post=344257"}],"version-history":[{"count":0,"href":"https:\/\/www.europesays.com\/fr\/wp-json\/wp\/v2\/posts\/344257\/revisions"}],"wp:featuredmedia":[{"embeddable":true,"href":"https:\/\/www.europesays.com\/fr\/wp-json\/wp\/v2\/media\/344258"}],"wp:attachment":[{"href":"https:\/\/www.europesays.com\/fr\/wp-json\/wp\/v2\/media?parent=344257"}],"wp:term":[{"taxonomy":"category","embeddable":true,"href":"https:\/\/www.europesays.com\/fr\/wp-json\/wp\/v2\/categories?post=344257"},{"taxonomy":"post_tag","embeddable":true,"href":"https:\/\/www.europesays.com\/fr\/wp-json\/wp\/v2\/tags?post=344257"}],"curies":[{"name":"wp","href":"https:\/\/api.w.org\/{rel}","templated":true}]}}