{"id":344261,"date":"2025-08-26T03:19:10","date_gmt":"2025-08-26T03:19:10","guid":{"rendered":"https:\/\/www.europesays.com\/fr\/344261\/"},"modified":"2025-08-26T03:19:10","modified_gmt":"2025-08-26T03:19:10","slug":"a-la-decouverte-des-engages-dalsace-collectivite-europeenne-dalsace","status":"publish","type":"post","link":"https:\/\/www.europesays.com\/fr\/344261\/","title":{"rendered":"\u00c0 la d\u00e9couverte des \u00ab\u00a0engag\u00e9s d&rsquo;Alsace \u00a0\u00bb &#8211; Collectivit\u00e9 europ\u00e9enne d&rsquo;Alsace"},"content":{"rendered":"<p>                    &#13;<br \/>\n                        &#13;<br \/>\n                            &#13;<br \/>\n                            &#13;<br \/>\n                            &#13;<br \/>\n                            &#13;<br \/>\n                            &#13;<br \/>\n                            &#13;<br \/>\n                            <img decoding=\"async\" itemprop=\"image\" src=\"https:\/\/www.europesays.com\/fr\/wp-content\/uploads\/2025\/08\/cea-engages-alsace-zakia.jpg\" alt=\"Expo engag\u00e9s d'Alsace\" class=\"lazyload\" loading=\"lazy\"\/>&#13;<br \/>\n                        &#13;<br \/>\n                            &#13;<br \/>\n                                Expo engag\u00e9s d&rsquo;Alsace&#13;<br \/>\n                                \u00a9CeA&#13;<br \/>\n                            &#13;<\/p>\n<p>Qu&rsquo;ils soient simples citoyens, b\u00e9n\u00e9voles associatifs, entrepreneurs solidaires ou \u00e9lus locaux,\u00a0ils agissent partout en Alsace au b\u00e9n\u00e9fice des autres\u00a0: ce sont les engag\u00e9s d\u2019Alsace. Venez les rencontrer au travers d&rsquo;une exposition photo, \u00e0 partir du 25 ao\u00fbt, dans les H\u00f4tels d&rsquo;Alsace de Strasbourg et Colmar.<\/p>\n<p>Ils organisent leurs plannings autour de leurs missions, ne comptent pas leurs heures et multiplient, dans l\u2019ombre, les petits sacrifices. Leur seule volont\u00e9 est claire : <strong>aider<\/strong>, encore et toujours, sans attendre en retour. Parce que leur humilit\u00e9 tend souvent \u00e0 les rendre invisibles, nous avons souhait\u00e9 leur consacrer une exposition.<\/p>\n<p>Cette mise en lumi\u00e8re souligne la <strong>diversit\u00e9 des parcours<\/strong>, la <strong>constance des engagements<\/strong> et la <strong>force paisible<\/strong> qui anime chacun d\u2019eux. Cette galerie de portraits se pr\u00e9sente comme une mosa\u00efque vivante : un kal\u00e9idoscope d\u2019initiatives et de visages qui, ensemble, racontent une m\u00eame histoire.<\/p>\n<p>Elle met en \u00e9vidence les <strong>motivations profondes<\/strong> de ces femmes et de ces hommes, mais aussi les contraintes, les obstacles et les doutes qui jalonnent leur chemin. Avec \u00e9motion, elle rappelle que l\u2019action d\u00e9sint\u00e9ress\u00e9e a besoin de soutien et de relais pour durer.<\/p>\n<p>Incitative, elle cherche \u00e0 transmettre le flambeau, \u00e0 \u00e9veiller de <strong>nouvelles vocations<\/strong>, notamment aupr\u00e8s des jeunes g\u00e9n\u00e9rations. Car plus que jamais, le besoin d\u2019entraide, de solidarit\u00e9 et de confiance r\u00e9ciproque se fait sentir.<\/p>\n<p>Mis bout \u00e0 bout, ces portraits dessinent une <strong>Alsace g\u00e9n\u00e9reuse<\/strong>, <strong>attentive aux autres et confiante en son avenir<\/strong> \u2013 une r\u00e9gion o\u00f9 l\u2019engagement n\u2019est pas une exception, mais une mani\u00e8re de vivre et de faire soci\u00e9t\u00e9.<\/p>\n<p><b>1 place du Quartier Blanc 67000 Strasbourg<\/b><\/p>\n","protected":false},"excerpt":{"rendered":"&#13; &#13; &#13; &#13; &#13; &#13; &#13; &#13; &#13; &#13; &#13; Expo engag\u00e9s d&rsquo;Alsace&#13; \u00a9CeA&#13; &#13; Qu&rsquo;ils soient&hellip;\n","protected":false},"author":2,"featured_media":344262,"comment_status":"","ping_status":"","sticky":false,"template":"","format":"standard","meta":{"footnotes":""},"categories":[2820],"tags":[1111,11,2389,5204,48056,5938,48054,24794,1777,674,40446,3293,1011,27,775,48055,12,2189,25,640],"class_list":{"0":"post-344261","1":"post","2":"type-post","3":"status-publish","4":"format-standard","5":"has-post-thumbnail","7":"category-strasbourg","8":"tag-actu","9":"tag-actualites","10":"tag-alsace","11":"tag-cea","12":"tag-citoyen","13":"tag-collectivit-europenne-dalsace","14":"tag-engags-alsace","15":"tag-engagement","16":"tag-eu","17":"tag-europe","18":"tag-expo-photo","19":"tag-exposition","20":"tag-fr","21":"tag-france","22":"tag-grand-est","23":"tag-htel-dalsace","24":"tag-news","25":"tag-photos","26":"tag-republique-francaise","27":"tag-strasbourg"},"share_on_mastodon":{"url":"https:\/\/pubeurope.com\/@fr\/115092912756546740","error":""},"_links":{"self":[{"href":"https:\/\/www.europesays.com\/fr\/wp-json\/wp\/v2\/posts\/344261","targetHints":{"allow":["GET"]}}],"collection":[{"href":"https:\/\/www.europesays.com\/fr\/wp-json\/wp\/v2\/posts"}],"about":[{"href":"https:\/\/www.europesays.com\/fr\/wp-json\/wp\/v2\/types\/post"}],"author":[{"embeddable":true,"href":"https:\/\/www.europesays.com\/fr\/wp-json\/wp\/v2\/users\/2"}],"replies":[{"embeddable":true,"href":"https:\/\/www.europesays.com\/fr\/wp-json\/wp\/v2\/comments?post=344261"}],"version-history":[{"count":0,"href":"https:\/\/www.europesays.com\/fr\/wp-json\/wp\/v2\/posts\/344261\/revisions"}],"wp:featuredmedia":[{"embeddable":true,"href":"https:\/\/www.europesays.com\/fr\/wp-json\/wp\/v2\/media\/344262"}],"wp:attachment":[{"href":"https:\/\/www.europesays.com\/fr\/wp-json\/wp\/v2\/media?parent=344261"}],"wp:term":[{"taxonomy":"category","embeddable":true,"href":"https:\/\/www.europesays.com\/fr\/wp-json\/wp\/v2\/categories?post=344261"},{"taxonomy":"post_tag","embeddable":true,"href":"https:\/\/www.europesays.com\/fr\/wp-json\/wp\/v2\/tags?post=344261"}],"curies":[{"name":"wp","href":"https:\/\/api.w.org\/{rel}","templated":true}]}}