{"id":344263,"date":"2025-08-26T03:20:14","date_gmt":"2025-08-26T03:20:14","guid":{"rendered":"https:\/\/www.europesays.com\/fr\/344263\/"},"modified":"2025-08-26T03:20:14","modified_gmt":"2025-08-26T03:20:14","slug":"strasbourg-bakwa-nottingham-propose-35-m%c2%80-football-2","status":"publish","type":"post","link":"https:\/\/www.europesays.com\/fr\/344263\/","title":{"rendered":"Strasbourg : Bakwa, Nottingham propose 35 M\u0080 &#8211; Football"},"content":{"rendered":"<tr id=\"tr1\" align=\"left\" valign=\"top\">\n<td nowrap=\"nowrap\"> <b>25\/08<\/b>&#8211;<a onclick=\"go(this);\" href=\"https:\/\/www.maxifoot.fr\/angleterre\/liverpool-gagne-grace-a-ngumoha-16-ans-foot-439591.htm\" target=\"_blank\" rel=\"noopener\">Ang. : 90e+10, un gamin fait gagner Liverpool !<\/a><\/td>\n<\/tr>\n<tr id=\"tr2\" align=\"left\" valign=\"top\">\n<td nowrap=\"nowrap\"> <b>25\/08<\/b>&#8211;<a onclick=\"go(this);\" href=\"https:\/\/www.maxifoot.fr\/ligue-2\/le-classement-complet-foot-439590.htm\" target=\"_blank\" rel=\"noopener\">L2 : le classement complet<\/a><\/td>\n<\/tr>\n<tr id=\"tr3\" align=\"left\" valign=\"top\">\n<td nowrap=\"nowrap\"> <b>25\/08<\/b>&#8211;<a onclick=\"go(this);\" href=\"https:\/\/www.maxifoot.fr\/ligue-2\/premiere-defaite-pour-reims-foot-439589.htm\" target=\"_blank\" rel=\"noopener\">L2 : premi\u00e8re d\u00e9faite pour Reims<\/a><\/td>\n<\/tr>\n<tr id=\"tr4\" align=\"left\" valign=\"top\">\n<td nowrap=\"nowrap\"> <b>25\/08<\/b>&#8211;<a onclick=\"go(this);\" href=\"https:\/\/www.maxifoot.fr\/italie\/carton-de-l-inter-les-francais-brillent-foot-439588.htm\" target=\"_blank\" rel=\"noopener\">Ita : carton de l&rsquo;Inter, les Fran\u00e7ais brillent<\/a><\/td>\n<\/tr>\n<tr id=\"tr5\" align=\"left\" valign=\"top\">\n<td nowrap=\"nowrap\"> <b>25\/08<\/b>&#8211;<a onclick=\"go(this);\" href=\"https:\/\/www.maxifoot.fr\/strasbourg\/auxerre-vise-mara-foot-439580.htm\" target=\"_blank\" rel=\"noopener\">Strasbourg : Auxerre vise Mara<\/a><\/td>\n<\/tr>\n<tr id=\"tr6\" align=\"left\" valign=\"top\">\n<td nowrap=\"nowrap\"> <b>25\/08<\/b>&#8211;<a onclick=\"go(this);\" href=\"https:\/\/www.maxifoot.fr\/auxerre\/sinayoko-rennes-est-aussi-interesse-foot-439581.htm\" target=\"_blank\" rel=\"noopener\">Auxerre : Sinayoko, Rennes est aussi int\u00e9ress\u00e9<\/a><\/td>\n<\/tr>\n<tr id=\"tr7\" align=\"left\" valign=\"top\">\n<td nowrap=\"nowrap\"> <b>25\/08<\/b>&#8211;<a onclick=\"go(this);\" href=\"https:\/\/www.maxifoot.fr\/barca\/elche-va-recuperer-pena-en-pret-foot-439583.htm\" target=\"_blank\" rel=\"noopener\">Bar\u00e7a : Elche va r\u00e9cup\u00e9rer Pe\u00f1a en pr\u00eat<\/a><\/td>\n<\/tr>\n<tr id=\"tr8\" align=\"left\" valign=\"top\">\n<td nowrap=\"nowrap\"> <b>25\/08<\/b>&#8211;<a onclick=\"go(this);\" href=\"https:\/\/www.maxifoot.fr\/espagne\/2\/2-pour-l-athletic-foot-439587.htm\" target=\"_blank\" rel=\"noopener\">Esp. : 2\/2 pour l&rsquo;Athletic<\/a><\/td>\n<\/tr>\n<tr id=\"tr9\" align=\"left\" valign=\"top\">\n<td nowrap=\"nowrap\"> <b>25\/08<\/b>&#8211;<a onclick=\"go(this);\" href=\"https:\/\/www.maxifoot.fr\/nice\/clauss-n-ira-pas-a-leverkusen-foot-439586.htm\" target=\"_blank\" rel=\"noopener\">Nice : Clauss n&rsquo;ira pas \u00e0 Leverkusen<\/a><\/td>\n<\/tr>\n<tr id=\"tr10\" align=\"left\" valign=\"top\">\n<td nowrap=\"nowrap\"> <b>25\/08<\/b>&#8211;<a onclick=\"go(this);\" href=\"https:\/\/www.maxifoot.fr\/strasbourg\/nottingham-encore-recale-pour-bakwa-foot-439585.htm\" target=\"_blank\" rel=\"noopener\">Strasbourg : Bakwa, Nottingham encore recal\u00e9<\/a><\/td>\n<\/tr>\n<tr id=\"tr11\" align=\"left\" valign=\"top\">\n<td nowrap=\"nowrap\"> <b>25\/08<\/b>&#8211;<a onclick=\"go(this);\" href=\"https:\/\/www.maxifoot.fr\/southampton\/everton-enrole-dibling-officiel-foot-439584.htm\" target=\"_blank\" rel=\"noopener\">Southampton : Everton enr\u00f4le Dibling (officiel)<\/a><\/td>\n<\/tr>\n<tr id=\"tr12\" align=\"left\" valign=\"top\">\n<td nowrap=\"nowrap\"> <b>25\/08<\/b>&#8211;<a onclick=\"go(this);\" href=\"https:\/\/www.maxifoot.fr\/chelsea\/jackson-en-route-pour-le-bayern-foot-439578.htm\" target=\"_blank\" rel=\"noopener\">Chelsea : Jackson en route pour le Bayern ?<\/a><\/td>\n<\/tr>\n<tr id=\"tr13\" align=\"left\" valign=\"top\">\n<td nowrap=\"nowrap\"> <b>25\/08<\/b>&#8211;<a onclick=\"go(this);\" href=\"https:\/\/www.maxifoot.fr\/strasbourg\/nottingham-propose-35-m-euro-pour-bakwa-foot-439579.htm\" target=\"_blank\" rel=\"noopener\">Strasbourg : Bakwa, Nottingham propose 35 M\u0080<\/a><\/td>\n<\/tr>\n<tr id=\"tr14\" align=\"left\" valign=\"top\">\n<td nowrap=\"nowrap\"> <b>25\/08<\/b>&#8211;<a onclick=\"go(this);\" href=\"https:\/\/www.maxifoot.fr\/corinthians\/depay-de-retour-en-europe-foot-439575.htm\" target=\"_blank\" rel=\"noopener\">Corinthians : Depay de retour en Europe ?<\/a><\/td>\n<\/tr>\n<tr id=\"tr15\" align=\"left\" valign=\"top\">\n<td nowrap=\"nowrap\"> <b>25\/08<\/b>&#8211;<a onclick=\"go(this);\" href=\"https:\/\/www.maxifoot.fr\/leicester\/justin-signe-a-leeds-officiel-foot-439582.htm\" target=\"_blank\" rel=\"noopener\">Leicester : Justin signe \u00e0 Leeds (officiel)<\/a><\/td>\n<\/tr>\n<tr id=\"tr16\" align=\"left\" valign=\"top\">\n<td nowrap=\"nowrap\"> <b>25\/08<\/b>&#8211;<a onclick=\"go(this);\" href=\"https:\/\/www.maxifoot.fr\/lens\/fulgini-vers-l-arabie-saoudite-foot-439573.htm\" target=\"_blank\" rel=\"noopener\">Lens : Fulgini vers l&rsquo;Arabie saoudite<\/a><\/td>\n<\/tr>\n<tr id=\"tr17\" align=\"left\" valign=\"top\">\n<td nowrap=\"nowrap\"> <b>25\/08<\/b>&#8211;<a onclick=\"go(this);\" href=\"https:\/\/www.maxifoot.fr\/chelsea\/bournemouth-pret-a-relancer-disasi-foot-439577.htm\" target=\"_blank\" rel=\"noopener\">Chelsea : Bournemouth pr\u00eat \u00e0 relancer Disasi<\/a><\/td>\n<\/tr>\n<tr id=\"tr18\" align=\"left\" valign=\"top\">\n<td nowrap=\"nowrap\"> <b>25\/08<\/b>&#8211;<a onclick=\"go(this);\" href=\"https:\/\/www.maxifoot.fr\/om\/moumbagna-en-partance-pour-la-cremonese-foot-439576.htm\" target=\"_blank\" rel=\"noopener\">OM : Moumbagna en partance pour Cr\u00e9mone<\/a><\/td>\n<\/tr>\n<tr id=\"tr19\" align=\"left\" valign=\"top\">\n<td nowrap=\"nowrap\"> <b>25\/08<\/b>&#8211;<a onclick=\"go(this);\" href=\"https:\/\/www.maxifoot.fr\/lens\/agbonifo-file-au-fc-bale-officiel-foot-439574.htm\" target=\"_blank\" rel=\"noopener\">Lens : Agbonifo file au FC B\u00e2le (officiel)<\/a><\/td>\n<\/tr>\n<tr id=\"tr20\" align=\"left\" valign=\"top\">\n<td nowrap=\"nowrap\"> <b>25\/08<\/b>&#8211;<a onclick=\"go(this);\" href=\"https:\/\/www.maxifoot.fr\/auxerre\/un-jeune-de-newcastle-cible-foot-439564.htm\" target=\"_blank\" rel=\"noopener\">Auxerre : un jeune de Newcastle cibl\u00e9<\/a><\/td>\n<\/tr>\n<tr id=\"tr21\" align=\"left\" valign=\"top\">\n<td nowrap=\"nowrap\"> <b>25\/08<\/b>&#8211;<a onclick=\"go(this);\" href=\"https:\/\/www.maxifoot.fr\/lille\/giroud-bouaddi-egalement-seduit-foot-439544.htm\" target=\"_blank\" rel=\"noopener\">Lille : Giroud, Bouaddi \u00e9galement s\u00e9duit<\/a><\/td>\n<\/tr>\n<tr id=\"tr22\" align=\"left\" valign=\"top\">\n<td nowrap=\"nowrap\"> <b>25\/08<\/b>&#8211;<a onclick=\"go(this);\" href=\"https:\/\/www.maxifoot.fr\/feyenoord\/pise-veut-relancer-stengs-foot-439561.htm\" target=\"_blank\" rel=\"noopener\">Feyenoord : Pise veut relancer Stengs<\/a><\/td>\n<\/tr>\n<tr id=\"tr23\" align=\"left\" valign=\"top\">\n<td nowrap=\"nowrap\"> <b>25\/08<\/b>&#8211;<a onclick=\"go(this);\" href=\"https:\/\/www.maxifoot.fr\/brest\/le-pfc-pense-toujours-a-lees-melou-foot-439570.htm\" target=\"_blank\" rel=\"noopener\">Brest : le PFC pense toujours \u00e0 Lees Melou<\/a><\/td>\n<\/tr>\n<tr id=\"tr24\" align=\"left\" valign=\"top\">\n<td nowrap=\"nowrap\"> <b>25\/08<\/b>&#8211;<a onclick=\"go(this);\" href=\"https:\/\/www.maxifoot.fr\/bournemouth\/l-om-s-interesse-a-traore-foot-439572.htm\" target=\"_blank\" rel=\"noopener\">Bournemouth : l&rsquo;OM s&rsquo;int\u00e9resse \u00e0 Traor\u00e9<\/a><\/td>\n<\/tr>\n<tr id=\"tr25\" align=\"left\" valign=\"top\">\n<td nowrap=\"nowrap\"> <b>25\/08<\/b>&#8211;<a onclick=\"go(this);\" href=\"https:\/\/www.maxifoot.fr\/psg\/tenas-a-dit-oui-a-villarreal-foot-439571.htm\" target=\"_blank\" rel=\"noopener\">PSG : Tenas a dit oui \u00e0 Villarreal<\/a><\/td>\n<\/tr>\n<tr id=\"tr26\" align=\"left\" valign=\"top\">\n<td nowrap=\"nowrap\"> <b>25\/08<\/b>&#8211;<a onclick=\"go(this);\" href=\"https:\/\/www.maxifoot.fr\/liverpool\/slot-se-prepare-a-faire-sans-isak-foot-439545.htm\" target=\"_blank\" rel=\"noopener\">Liverpool : Slot se pr\u00e9pare \u00e0 faire sans Isak<\/a><\/td>\n<\/tr>\n<tr id=\"tr27\" align=\"left\" valign=\"top\">\n<td nowrap=\"nowrap\"> <b>25\/08<\/b>&#8211;<a onclick=\"go(this);\" href=\"https:\/\/www.maxifoot.fr\/roma\/dovbyk-proche-de-villarreal-foot-439556.htm\" target=\"_blank\" rel=\"noopener\">Roma : Dovbyk proche de Villarreal<\/a><\/td>\n<\/tr>\n<tr id=\"tr28\" align=\"left\" valign=\"top\">\n<td nowrap=\"nowrap\"> <b>25\/08<\/b>&#8211;<a onclick=\"go(this);\" href=\"https:\/\/www.maxifoot.fr\/rennes\/lepaul-angers-fait-un-effort-foot-439569.htm\" target=\"_blank\" rel=\"noopener\">Rennes : Lepaul, Angers fait un effort<\/a><\/td>\n<\/tr>\n<tr id=\"tr29\" align=\"left\" valign=\"top\">\n<td nowrap=\"nowrap\"> <b>25\/08<\/b>&#8211;<a onclick=\"go(this);\" href=\"https:\/\/www.maxifoot.fr\/lens\/agbonifo-va-deja-partir-a-bale-foot-439568.htm\" target=\"_blank\" rel=\"noopener\">Lens : Agbonifo va d\u00e9j\u00e0 partir \u00e0 B\u00e2le<\/a><\/td>\n<\/tr>\n<tr id=\"tr30\" align=\"left\" valign=\"top\">\n<td nowrap=\"nowrap\"> <b>25\/08<\/b>&#8211;<a onclick=\"go(this);\" href=\"https:\/\/www.maxifoot.fr\/monaco\/singo-en-route-pour-galatasaray-foot-439567.htm\" target=\"_blank\" rel=\"noopener\">Monaco : Singo en route pour Galatasaray<\/a><\/td>\n<\/tr>\n<tr id=\"tr31\" align=\"left\" valign=\"top\">\n<td nowrap=\"nowrap\"> <b>25\/08<\/b>&#8211;<a onclick=\"go(this);\" href=\"https:\/\/www.maxifoot.fr\/man-utd\/hojlund-a-naples-ca-se-precise-foot-439563.htm\" target=\"_blank\" rel=\"noopener\">Man Utd : H\u00f8jlund \u00e0 Naples, \u00e7a se pr\u00e9cise<\/a><\/td>\n<\/tr>\n<tr id=\"tr32\" align=\"left\" valign=\"top\">\n<td nowrap=\"nowrap\"> <b>25\/08<\/b>&#8211;<a onclick=\"go(this);\" href=\"https:\/\/www.maxifoot.fr\/chelsea\/7-joueurs-a-sortir-en-une-semaine-foot-439559.htm\" target=\"_blank\" rel=\"noopener\">Chelsea : 7 joueurs \u00e0 sortir en une semaine<\/a><\/td>\n<\/tr>\n<tr id=\"tr33\" align=\"left\" valign=\"top\">\n<td nowrap=\"nowrap\"> <b>25\/08<\/b>&#8211;<a onclick=\"go(this);\" href=\"https:\/\/www.maxifoot.fr\/west-ham\/emerson-libere-pour-l-om-foot-439566.htm\" target=\"_blank\" rel=\"noopener\">West Ham : Emerson lib\u00e9r\u00e9 pour l&rsquo;OM ?<\/a><\/td>\n<\/tr>\n<tr id=\"tr34\" align=\"left\" valign=\"top\">\n<td nowrap=\"nowrap\"> <b>25\/08<\/b>&#8211;<a onclick=\"go(this);\" href=\"https:\/\/www.maxifoot.fr\/dortmund\/clash-avec-la-famille-bellingham-foot-439565.htm\" target=\"_blank\" rel=\"noopener\">Dortmund : clash avec la famille Bellingham !<\/a><\/td>\n<\/tr>\n<tr id=\"tr35\" align=\"left\" valign=\"top\">\n<td nowrap=\"nowrap\"> <b>25\/08<\/b>&#8211;<a onclick=\"go(this);\" href=\"https:\/\/www.maxifoot.fr\/asse\/7-5-m-euro-refuses-pour-n-guessan-foot-439552.htm\" target=\"_blank\" rel=\"noopener\">ASSE : 7,5 M\u20ac refus\u00e9s pour N&rsquo;Guessan<\/a><\/td>\n<\/tr>\n<tr id=\"tr36\" align=\"left\" valign=\"top\">\n<td nowrap=\"nowrap\"> <b>25\/08<\/b>&#8211;<a onclick=\"go(this);\" href=\"https:\/\/www.maxifoot.fr\/chelsea\/besiktas-discute-pour-sterling-foot-439551.htm\" target=\"_blank\" rel=\"noopener\">Chelsea : Besiktas discute pour Sterling<\/a><\/td>\n<\/tr>\n<tr id=\"tr37\" align=\"left\" valign=\"top\">\n<td nowrap=\"nowrap\"> <b>25\/08<\/b>&#8211;<a onclick=\"go(this);\" href=\"https:\/\/www.maxifoot.fr\/brest\/roy-depite-par-le-budget-foot-439542.htm\" target=\"_blank\" rel=\"noopener\">Brest : Roy d\u00e9pit\u00e9 par le budget&#8230;<\/a><\/td>\n<\/tr>\n<tr id=\"tr38\" align=\"left\" valign=\"top\">\n<td nowrap=\"nowrap\"> <b>25\/08<\/b>&#8211;<a onclick=\"go(this);\" href=\"https:\/\/www.maxifoot.fr\/nice\/des-discussions-pour-gouveia-foot-439558.htm\" target=\"_blank\" rel=\"noopener\">Nice : des discussions pour Gouveia<\/a><\/td>\n<\/tr>\n<tr id=\"tr39\" align=\"left\" valign=\"top\">\n<td nowrap=\"nowrap\"> <b>25\/08<\/b>&#8211;<a onclick=\"go(this);\" href=\"https:\/\/www.maxifoot.fr\/leverkusen\/hincapie-duel-tottenham-arsenal-foot-439554.htm\" target=\"_blank\" rel=\"noopener\">Leverkusen : Hincapi\u00e9, duel Tottenham-Arsenal<\/a><\/td>\n<\/tr>\n<tr id=\"tr40\" align=\"left\" valign=\"top\">\n<td nowrap=\"nowrap\"> <b>25\/08<\/b>&#8211;<a onclick=\"go(this);\" href=\"https:\/\/www.maxifoot.fr\/asse\/rennes-pense-aussi-a-stassin-foot-439547.htm\" target=\"_blank\" rel=\"noopener\">ASSE : Rennes pense aussi \u00e0 Stassin<\/a><\/td>\n<\/tr>\n<tr id=\"tr41\" align=\"left\" valign=\"top\">\n<td nowrap=\"nowrap\"> <b>25\/08<\/b>&#8211;<a onclick=\"go(this);\" href=\"https:\/\/www.maxifoot.fr\/arsenal\/saka-absent-un-mois-foot-439557.htm\" target=\"_blank\" rel=\"noopener\">Arsenal : Saka absent un mois<\/a><\/td>\n<\/tr>\n<tr id=\"tr42\" align=\"left\" valign=\"top\">\n<td nowrap=\"nowrap\"> <b>25\/08<\/b>&#8211;<a onclick=\"go(this);\" href=\"https:\/\/www.maxifoot.fr\/inter\/asllani-prete-au-torino-officiel-foot-439562.htm\" target=\"_blank\" rel=\"noopener\">Inter : Asllani pr\u00eat\u00e9 au Torino (officiel)<\/a><\/td>\n<\/tr>\n<tr id=\"tr43\" align=\"left\" valign=\"top\">\n<td nowrap=\"nowrap\"> <b>25\/08<\/b>&#8211;<a onclick=\"go(this);\" href=\"https:\/\/www.maxifoot.fr\/bruges\/ordonez-seche-l-entrainement-pour-l-om-foot-439560.htm\" target=\"_blank\" rel=\"noopener\">OM : Ord\u00f3\u00f1ez s\u00e8che l&rsquo;entra\u00eenement \u00e0 Bruges !<\/a><\/td>\n<\/tr>\n<tr id=\"tr44\" align=\"left\" valign=\"top\">\n<td nowrap=\"nowrap\"> <b>25\/08<\/b>&#8211;<a onclick=\"go(this);\" href=\"https:\/\/www.maxifoot.fr\/lille\/genesio-attend-encore-des-renforts-foot-439541.htm\" target=\"_blank\" rel=\"noopener\">Lille : Genesio attend encore des renforts<\/a><\/td>\n<\/tr>\n<tr id=\"tr45\" align=\"left\" valign=\"top\">\n<td nowrap=\"nowrap\"> <b>25\/08<\/b>&#8211;<a onclick=\"go(this);\" href=\"https:\/\/www.maxifoot.fr\/come\/le-plan-du-real-pour-paz-foot-439540.htm\" target=\"_blank\" rel=\"noopener\">C\u00f4me : le plan du Real pour Paz<\/a><\/td>\n<\/tr>\n<tr id=\"tr46\" align=\"left\" valign=\"top\">\n<td nowrap=\"nowrap\"> <b>25\/08<\/b>&#8211;<a onclick=\"go(this);\" href=\"https:\/\/www.maxifoot.fr\/monaco\/hutter-sent-akliouche-perturbe-foot-439546.htm\" target=\"_blank\" rel=\"noopener\">Monaco : H\u00fctter sent Akliouche perturb\u00e9<\/a><\/td>\n<\/tr>\n<tr id=\"tr47\" align=\"left\" valign=\"top\">\n<td nowrap=\"nowrap\"> <b>25\/08<\/b>&#8211;<a onclick=\"go(this);\" href=\"https:\/\/www.maxifoot.fr\/om\/ceballos-aurait-deja-dit-oui-foot-439555.htm\" target=\"_blank\" rel=\"noopener\">OM : Ceballos aurait d\u00e9j\u00e0 dit oui !<\/a><\/td>\n<\/tr>\n<tr id=\"tr48\" align=\"left\" valign=\"top\">\n<td nowrap=\"nowrap\"> <b>25\/08<\/b>&#8211;<a onclick=\"go(this);\" href=\"https:\/\/www.maxifoot.fr\/bayern\/petit-effectif-des-joueurs-inquiets-foot-439550.htm\" target=\"_blank\" rel=\"noopener\">Bayern : petit effectif, des joueurs inquiets&#8230;<\/a><\/td>\n<\/tr>\n<tr id=\"tr49\" align=\"left\" valign=\"top\">\n<td nowrap=\"nowrap\"> <b>25\/08<\/b>&#8211;<a onclick=\"go(this);\" href=\"https:\/\/www.maxifoot.fr\/real\/l-om-en-action-pour-ceballos-foot-439553.htm\" target=\"_blank\" rel=\"noopener\">Real : l&rsquo;OM en action pour Ceballos !<\/a><\/td>\n<\/tr>\n<tr id=\"tr50\" align=\"left\" valign=\"top\">\n<td nowrap=\"nowrap\"> <b>25\/08<\/b>&#8211;<a onclick=\"go(this);\" href=\"https:\/\/www.maxifoot.fr\/lille\/igamane-une-blessure-diplomatique-foot-439549.htm\" target=\"_blank\" rel=\"noopener\">Lille : Igamane, une blessure diplomatique ?<\/a><\/td>\n<\/tr>\n<tr id=\"tr51\" align=\"left\" valign=\"top\">\n<td nowrap=\"nowrap\"> <b>25\/08<\/b>&#8211;<a onclick=\"go(this);\" href=\"https:\/\/www.maxifoot.fr\/real\/la-soiree-animee-de-vinicius-foot-439548.htm\" target=\"_blank\" rel=\"noopener\">Real : la soir\u00e9e anim\u00e9e de Vinicius<\/a><\/td>\n<\/tr>\n<tr id=\"tr52\" align=\"left\" valign=\"top\">\n<td nowrap=\"nowrap\"> <b>25\/08<\/b>&#8211;<a onclick=\"go(this);\" href=\"https:\/\/www.maxifoot.fr\/om\/nadir-une-prolongation-possible-foot-439537.htm\" target=\"_blank\" rel=\"noopener\">OM : Nadir, une prolongation possible ?<\/a><\/td>\n<\/tr>\n<tr id=\"tr53\" align=\"left\" valign=\"top\">\n<td nowrap=\"nowrap\"> <b>25\/08<\/b>&#8211;<a onclick=\"go(this);\" href=\"https:\/\/www.maxifoot.fr\/real\/alonso-se-justifie-pour-vinicius-foot-439535.htm\" target=\"_blank\" rel=\"noopener\">Real : Alonso se justifie pour Vinicius<\/a><\/td>\n<\/tr>\n<tr id=\"tr54\" align=\"left\" valign=\"top\">\n<td nowrap=\"nowrap\"> <b>25\/08<\/b>&#8211;<a onclick=\"go(this);\" href=\"https:\/\/www.maxifoot.fr\/lens\/labeau-lascary-prete-a-angers-off-foot-439543.htm\" target=\"_blank\" rel=\"noopener\">Lens : Labeau Lascary pr\u00eat\u00e9 \u00e0 Angers (off.)<\/a><\/td>\n<\/tr>\n<tr id=\"tr55\" align=\"left\" valign=\"top\">\n<td nowrap=\"nowrap\"> <b>25\/08<\/b>&#8211;<a onclick=\"go(this);\" href=\"https:\/\/www.maxifoot.fr\/rennes\/echec-pour-harder-a-cause-de-l-agent-foot-439539.htm\" target=\"_blank\" rel=\"noopener\">Rennes : Harder, un \u00e9chec \u00e0 cause de l&rsquo;agent ?<\/a><\/td>\n<\/tr>\n<tr id=\"tr56\" align=\"left\" valign=\"top\">\n<td nowrap=\"nowrap\"> <b>25\/08<\/b>&#8211;<a onclick=\"go(this);\" href=\"https:\/\/www.maxifoot.fr\/om\/rabiot-avait-dit-oui-pour-prolonger-foot-439538.htm\" target=\"_blank\" rel=\"noopener\">OM : Rabiot avait dit oui pour prolonger<\/a><\/td>\n<\/tr>\n<tr id=\"tr57\" align=\"left\" valign=\"top\">\n<td nowrap=\"nowrap\"> <b>25\/08<\/b>&#8211;<a onclick=\"go(this);\" href=\"https:\/\/www.maxifoot.fr\/lyon\/fofana-doit-toujours-partir-foot-439536.htm\" target=\"_blank\" rel=\"noopener\">Lyon : Fofana doit toujours partir<\/a><\/td>\n<\/tr>\n<tr id=\"tr58\" align=\"left\" valign=\"top\">\n<td nowrap=\"nowrap\"> <b>25\/08<\/b>&#8211;<a onclick=\"go(this);\" href=\"https:\/\/www.maxifoot.fr\/real\/alonso-ravi-de-la-forme-de-mbappe-foot-439534.htm\" target=\"_blank\" rel=\"noopener\">Real : Alonso ravi de la forme de Mbapp\u00e9<\/a><\/td>\n<\/tr>\n<tr id=\"tr59\" align=\"left\" valign=\"top\">\n<td nowrap=\"nowrap\"> <b>25\/08<\/b>&#8211;<a onclick=\"go(this);\" href=\"https:\/\/www.maxifoot.fr\/om\/rabiot-la-liste-des-clubs-interesses-foot-439533.htm\" target=\"_blank\" rel=\"noopener\">OM : Rabiot, la liste des clubs int\u00e9ress\u00e9s<\/a><\/td>\n<\/tr>\n<tr id=\"tr60\" align=\"left\" valign=\"top\">\n<td nowrap=\"nowrap\"> <b>24\/08<\/b>&#8211;<a onclick=\"go(this);\" href=\"https:\/\/www.maxifoot.fr\/come\/paz-refuse-tottenham-et-attend-le-real-foot-439530.htm\" target=\"_blank\" rel=\"noopener\">C\u00f4me : Paz refuse Tottenham et attend le Real<\/a><\/td>\n<\/tr>\n<tr id=\"tr61\" align=\"left\" valign=\"top\">\n<td nowrap=\"nowrap\"> <b>24\/08<\/b>&#8211;<a onclick=\"go(this);\" href=\"https:\/\/www.maxifoot.fr\/lille\/giroud-y-a-cru-jusqu-au-bout-foot-439527.htm\" target=\"_blank\" rel=\"noopener\">Lille : Giroud y a cru \u00ab\u00a0jusqu&rsquo;au bout\u00a0\u00bb<\/a><\/td>\n<\/tr>\n<tr id=\"tr62\" align=\"left\" valign=\"top\">\n<td nowrap=\"nowrap\"> <b>24\/08<\/b>&#8211;<a onclick=\"go(this);\" href=\"https:\/\/www.maxifoot.fr\/lille\/giroud-confirme-pour-les-bleus-foot-439532.htm\" target=\"_blank\" rel=\"noopener\">Lille : Giroud confirme pour les Bleus<\/a><\/td>\n<\/tr>\n<tr id=\"tr63\" align=\"left\" valign=\"top\">\n<td nowrap=\"nowrap\"> <b>24\/08<\/b>&#8211;<a onclick=\"go(this);\" href=\"https:\/\/www.maxifoot.fr\/espagne\/mbappe-et-le-real-enchainent-foot-439515.htm\" target=\"_blank\" rel=\"noopener\">Esp. : Mbapp\u00e9 et le Real encha\u00eenent<\/a><\/td>\n<\/tr>\n<tr id=\"tr64\" align=\"left\" valign=\"top\">\n<td nowrap=\"nowrap\"> <b>24\/08<\/b>&#8211;<a onclick=\"go(this);\" href=\"https:\/\/www.maxifoot.fr\/asse\/stassin-flou-sur-son-futur-foot-439461.htm\" target=\"_blank\" rel=\"noopener\">ASSE : Stassin flou sur son futur<\/a><\/td>\n<\/tr>\n<tr id=\"tr65\" align=\"left\" valign=\"top\">\n<td nowrap=\"nowrap\"> <b>24\/08<\/b>&#8211;<a onclick=\"go(this);\" href=\"https:\/\/www.maxifoot.fr\/lille\/genesio-impressionne-par-giroud-foot-439531.htm\" target=\"_blank\" rel=\"noopener\">Lille : Genesio impressionn\u00e9 par Giroud<\/a><\/td>\n<\/tr>\n<tr id=\"tr66\" align=\"left\" valign=\"top\">\n<td nowrap=\"nowrap\"> <b>24\/08<\/b>&#8211;<a onclick=\"go(this);\" href=\"https:\/\/www.maxifoot.fr\/lille\/la-satisfaction-d-andre-foot-439529.htm\" target=\"_blank\" rel=\"noopener\">Lille : la satisfaction d&rsquo;Andr\u00e9<\/a><\/td>\n<\/tr>\n<tr id=\"tr67\" align=\"left\" valign=\"top\">\n<td nowrap=\"nowrap\"> <b>24\/08<\/b>&#8211;<a onclick=\"go(this);\" href=\"https:\/\/www.maxifoot.fr\/monaco\/d-zakaria-jamais-facile-ici-foot-439528.htm\" target=\"_blank\" rel=\"noopener\">Monaco : D. Zakaria &#8211; \u00ab\u00a0jamais facile ici\u00a0\u00bb<\/a><\/td>\n<\/tr>\n<tr id=\"tr68\" align=\"left\" valign=\"top\">\n<td nowrap=\"nowrap\"> <b>24\/08<\/b>&#8211;<a onclick=\"go(this);\" href=\"https:\/\/www.maxifoot.fr\/ligue-1\/le-classement-complet-foot-439524.htm\" target=\"_blank\" rel=\"noopener\">L1 : le classement complet<\/a><\/td>\n<\/tr>\n<tr id=\"tr69\" align=\"left\" valign=\"top\">\n<td nowrap=\"nowrap\"> <b>24\/08<\/b>&#8211;<a onclick=\"go(this);\" href=\"https:\/\/www.maxifoot.fr\/ligue-1\/lille-1-0-monaco-fini-foot-439523.htm\" target=\"_blank\" rel=\"noopener\">L1 : Lille 1-0 Monaco (fini)<\/a><\/td>\n<\/tr>\n<tr id=\"tr70\" align=\"left\" valign=\"top\">\n<td nowrap=\"nowrap\"> <b>24\/08<\/b>&#8211;<a onclick=\"go(this);\" href=\"https:\/\/www.maxifoot.fr\/italie\/david-fait-gagner-la-juve-foot-439516.htm\" target=\"_blank\" rel=\"noopener\">Ita. : David fait gagner la Juve<\/a><\/td>\n<\/tr>\n<tr id=\"tr71\" align=\"left\" valign=\"top\">\n<td nowrap=\"nowrap\"> <b>24\/08<\/b>&#8211;<a onclick=\"go(this);\" href=\"https:\/\/www.maxifoot.fr\/porto\/al-ittihad-recale-pour-rodrigo-mora-foot-439501.htm\" target=\"_blank\" rel=\"noopener\">Porto : Al Ittihad recal\u00e9 pour Rodrigo Mora<\/a><\/td>\n<\/tr>\n<tr id=\"tr72\" align=\"left\" valign=\"top\">\n<td nowrap=\"nowrap\"> <b>24\/08<\/b>&#8211;<a onclick=\"go(this);\" href=\"https:\/\/www.maxifoot.fr\/brighton\/buonanotte-veut-signer-a-l-ol-foot-439526.htm\" target=\"_blank\" rel=\"noopener\">Brighton : Buonanotte veut signer \u00e0 l&rsquo;OL<\/a><\/td>\n<\/tr>\n<tr id=\"tr73\" align=\"left\" valign=\"top\">\n<td nowrap=\"nowrap\"> <b>24\/08<\/b>&#8211;<a onclick=\"go(this);\" href=\"https:\/\/www.maxifoot.fr\/espagne\/5-0-pour-villarreal-triple-de-buchanan-foot-439525.htm\" target=\"_blank\" rel=\"noopener\">Esp. : 5-0 pour Villarreal, tripl\u00e9 de Buchanan<\/a><\/td>\n<\/tr>\n<tr id=\"tr74\" align=\"left\" valign=\"top\">\n<td nowrap=\"nowrap\"> <b>24\/08<\/b>&#8211;<a onclick=\"go(this);\" href=\"https:\/\/www.maxifoot.fr\/al-ittihad\/kante-propose-en-ligue-1-foot-439521.htm\" target=\"_blank\" rel=\"noopener\">Al Ittihad : Kant\u00e9 propos\u00e9 en Ligue 1 !<\/a><\/td>\n<\/tr>\n<tr id=\"tr75\" align=\"left\" valign=\"top\">\n<td nowrap=\"nowrap\"> <b>24\/08<\/b>&#8211;<a onclick=\"go(this);\" href=\"https:\/\/www.maxifoot.fr\/rennes\/expulse-wooh-a-fini-a-l-hopital-foot-439513.htm\" target=\"_blank\" rel=\"noopener\">Rennes : expuls\u00e9, Wooh a fini \u00e0 l&rsquo;h\u00f4pital<\/a><\/td>\n<\/tr>\n<tr id=\"tr76\" align=\"left\" valign=\"top\">\n<td nowrap=\"nowrap\">\n <b>24\/08<\/b>&#8211;<a onclick=\"go(this);\" href=\"https:\/\/www.maxifoot.fr\/monaco\/une-grosse-offre-recue-pour-singo-foot-439518.htm\" target=\"_blank\" rel=\"noopener\">Monaco : une grosse offre re\u00e7ue pour Singo<\/a><\/td>\n<\/tr>\n<tr id=\"tr77\" align=\"left\" valign=\"top\">\n<td nowrap=\"nowrap\">\n <b>24\/08<\/b>&#8211;<a onclick=\"go(this);\" href=\"https:\/\/www.maxifoot.fr\/video\/le-rate-monumental-d-emegha-foot-439519.htm\" target=\"_blank\" rel=\"noopener\">VIDEO : le rat\u00e9 monumental d&rsquo;Emegha<\/a><\/td>\n<\/tr>\n<tr id=\"tr78\" align=\"left\" valign=\"top\">\n<td nowrap=\"nowrap\">\n <b>24\/08<\/b>&#8211;<a onclick=\"go(this);\" href=\"https:\/\/www.maxifoot.fr\/italie\/nico-paz-fait-valser-la-lazio-foot-439520.htm\" target=\"_blank\" rel=\"noopener\">Ita. : Nico Paz fait valser la Lazio<\/a><\/td>\n<\/tr>\n<tr id=\"tr79\" align=\"left\" valign=\"top\">\n<td nowrap=\"nowrap\">\n <b>24\/08<\/b>&#8211;<a onclick=\"go(this);\" href=\"https:\/\/www.maxifoot.fr\/ligue-1\/lille-monaco-les-compos-foot-439517.htm\" target=\"_blank\" rel=\"noopener\">L1 : Lille-Monaco, les compos<\/a><\/td>\n<\/tr>\n<tr id=\"tr80\" align=\"left\" valign=\"top\">\n<td nowrap=\"nowrap\">\n <b>24\/08<\/b>&#8211;<a onclick=\"go(this);\" href=\"https:\/\/www.maxifoot.fr\/fenerbahce\/lille-veut-djiku-en-pret-foot-439500.htm\" target=\"_blank\" rel=\"noopener\">Fenerbah\u00e7e : Lille veut Djiku en pr\u00eat<\/a><\/td>\n<\/tr>\n<tr id=\"tr81\" align=\"left\" valign=\"top\">\n<td nowrap=\"nowrap\">\n <b>24\/08<\/b>&#8211;<a onclick=\"go(this);\" href=\"https:\/\/www.maxifoot.fr\/milan\/boniface-ca-tombe-a-l-eau-foot-439512.htm\" target=\"_blank\" rel=\"noopener\">Milan : Boniface, \u00e7a tombe \u00e0 l&rsquo;eau<\/a><\/td>\n<\/tr>\n<tr id=\"tr82\" align=\"left\" valign=\"top\">\n<td nowrap=\"nowrap\">\n <b>24\/08<\/b>&#8211;<a onclick=\"go(this);\" href=\"https:\/\/www.maxifoot.fr\/angleterre\/manchester-united-accroche-par-fulham-foot-439514.htm\" target=\"_blank\" rel=\"noopener\">Ang. : Manchester United accroch\u00e9 par Fulham<\/a><\/td>\n<\/tr>\n<tr id=\"tr83\" align=\"left\" valign=\"top\">\n<td nowrap=\"nowrap\">\n <b>24\/08<\/b>&#8211;<a onclick=\"go(this);\" href=\"https:\/\/www.maxifoot.fr\/ligue-1\/toulouse-2-0-brest-fini-foot-439509.htm\" target=\"_blank\" rel=\"noopener\">L1 : Toulouse 2-0 Brest (fini)<\/a><\/td>\n<\/tr>\n<tr id=\"tr84\" align=\"left\" valign=\"top\">\n<td nowrap=\"nowrap\">\n <b>24\/08<\/b>&#8211;<a onclick=\"go(this);\" href=\"https:\/\/www.maxifoot.fr\/ligue-1\/le-havre-1-2-lens-fini-foot-439507.htm\" target=\"_blank\" rel=\"noopener\">L1 : Le Havre 1-2 Lens (fini)<\/a><\/td>\n<\/tr>\n<tr id=\"tr85\" align=\"left\" valign=\"top\">\n<td nowrap=\"nowrap\">\n <b>24\/08<\/b>&#8211;<a onclick=\"go(this);\" href=\"https:\/\/www.maxifoot.fr\/ligue-1\/strasbourg-1-0-nantes-fini-foot-439505.htm\" target=\"_blank\" rel=\"noopener\">L1 : Strasbourg 1-0 Nantes (fini)<\/a><\/td>\n<\/tr>\n<tr id=\"tr86\" align=\"left\" valign=\"top\">\n<td nowrap=\"nowrap\">\n <b>24\/08<\/b>&#8211;<a onclick=\"go(this);\" href=\"https:\/\/www.maxifoot.fr\/om\/hojbjerg-encense-le-leader-aubameyang-foot-439483.htm\" target=\"_blank\" rel=\"noopener\">OM : H\u00f8jbjerg encense le leader Aubameyang<\/a><\/td>\n<\/tr>\n<tr id=\"tr87\" align=\"left\" valign=\"top\">\n<td nowrap=\"nowrap\">\n <b>24\/08<\/b>&#8211;<a onclick=\"go(this);\" href=\"https:\/\/www.maxifoot.fr\/everton\/le-reveil-de-grealish-foot-439511.htm\" target=\"_blank\" rel=\"noopener\">Everton : le r\u00e9veil de Grealish<\/a><\/td>\n<\/tr>\n<tr id=\"tr88\" align=\"left\" valign=\"top\">\n<td nowrap=\"nowrap\">\n <b>24\/08<\/b>&#8211;<a onclick=\"go(this);\" href=\"https:\/\/www.maxifoot.fr\/come\/tottenham-se-tourne-vers-nico-paz-foot-439477.htm\" target=\"_blank\" rel=\"noopener\">C\u00f4me : Tottenham se tourne vers Nico Paz<\/a><\/td>\n<\/tr>\n<tr id=\"tr89\" align=\"left\" valign=\"top\">\n<td nowrap=\"nowrap\">\n <b>24\/08<\/b>&#8211;<a onclick=\"go(this);\" href=\"https:\/\/www.maxifoot.fr\/real\/le-conseil-de-morientes-a-rodrygo-foot-439475.htm\" target=\"_blank\" rel=\"noopener\">Real : le conseil de Morientes \u00e0 Rodrygo<\/a><\/td>\n<\/tr>\n<tr id=\"tr90\" align=\"left\" valign=\"top\">\n<td nowrap=\"nowrap\">\n <b>24\/08<\/b>&#8211;<a onclick=\"go(this);\" href=\"https:\/\/www.maxifoot.fr\/aston-villa\/le-mercato-emery-met-la-pression-foot-439476.htm\" target=\"_blank\" rel=\"noopener\">Aston Villa : le mercato, Emery met la pression<\/a><\/td>\n<\/tr>\n<tr id=\"tr91\" align=\"left\" valign=\"top\">\n<td nowrap=\"nowrap\">\n <b>24\/08<\/b>&#8211;<a onclick=\"go(this);\" href=\"https:\/\/www.maxifoot.fr\/rennes\/blas-depite-foot-439503.htm\" target=\"_blank\" rel=\"noopener\">Rennes : Blas d\u00e9pit\u00e9<\/a><\/td>\n<\/tr>\n<tr id=\"tr92\" align=\"left\" valign=\"top\">\n<td nowrap=\"nowrap\">\n <b>24\/08<\/b>&#8211;<a onclick=\"go(this);\" href=\"https:\/\/www.maxifoot.fr\/ligue-1\/lorient-4-0-rennes-fini-foot-439493.htm\" target=\"_blank\" rel=\"noopener\">L1 : Lorient 4-0 Rennes (fini)<\/a><\/td>\n<\/tr>\n<tr id=\"tr93\" align=\"left\" valign=\"top\">\n<td nowrap=\"nowrap\">\n <b>24\/08<\/b>&#8211;<a onclick=\"go(this);\" href=\"https:\/\/www.maxifoot.fr\/lyon\/tolisso-previent-l-om-foot-439488.htm\" target=\"_blank\" rel=\"noopener\">Lyon : Tolisso pr\u00e9vient l&rsquo;OM !<\/a><\/td>\n<\/tr>\n<tr id=\"tr94\" align=\"left\" valign=\"top\">\n<td nowrap=\"nowrap\">\n <b>24\/08<\/b>&#8211;<a onclick=\"go(this);\" href=\"https:\/\/www.maxifoot.fr\/ligue-1\/strasbourg-nantes-les-compos-foot-439496.htm\" target=\"_blank\" rel=\"noopener\">L1 : Strasbourg-Nantes, les compos<\/a><\/td>\n<\/tr>\n<tr id=\"tr95\" align=\"left\" valign=\"top\">\n<td nowrap=\"nowrap\">\n <b>24\/08<\/b>&#8211;<a onclick=\"go(this);\" href=\"https:\/\/www.maxifoot.fr\/ligue-1\/le-havre-lens-les-compos-foot-439497.htm\" target=\"_blank\" rel=\"noopener\">L1 : Le Havre-Lens, les compos<\/a><\/td>\n<\/tr>\n<tr id=\"tr96\" align=\"left\" valign=\"top\">\n<td nowrap=\"nowrap\">\n <b>24\/08<\/b>&#8211;<a onclick=\"go(this);\" href=\"https:\/\/www.maxifoot.fr\/ligue-1\/toulouse-brest-les-compos-foot-439498.htm\" target=\"_blank\" rel=\"noopener\">L1 : Toulouse-Brest, les compos<\/a><\/td>\n<\/tr>\n<tr id=\"tr97\" align=\"left\" valign=\"top\">\n<td nowrap=\"nowrap\">\n <b>24\/08<\/b>&#8211;<a onclick=\"go(this);\" href=\"https:\/\/www.maxifoot.fr\/nottingham\/mourinho-dans-le-viseur-foot-439466.htm\" target=\"_blank\" rel=\"noopener\">Nottingham : Mourinho dans le viseur ?<\/a><\/td>\n<\/tr>\n<tr id=\"tr98\" align=\"left\" valign=\"top\">\n<td nowrap=\"nowrap\">\n <b>24\/08<\/b>&#8211;<a onclick=\"go(this);\" href=\"https:\/\/www.maxifoot.fr\/video\/le-but-symbolique-de-ndiaye-foot-439499.htm\" target=\"_blank\" rel=\"noopener\">VIDEO : le but symbolique de Ndiaye<\/a><\/td>\n<\/tr>\n<tr id=\"tr99\" align=\"left\" valign=\"top\">\n<td nowrap=\"nowrap\">\n <b>24\/08<\/b>&#8211;<a onclick=\"go(this);\" href=\"https:\/\/www.maxifoot.fr\/om\/le-message-d-adieu-de-rowe-foot-439495.htm\" target=\"_blank\" rel=\"noopener\">OM : le message d&rsquo;adieu de Rowe<\/a><\/td>\n<\/tr>\n<tr id=\"tr100\" align=\"left\" valign=\"top\">\n<td nowrap=\"nowrap\">\n <b>24\/08<\/b>&#8211;<a onclick=\"go(this);\" href=\"https:\/\/www.maxifoot.fr\/lyon\/l-avenir-de-fofana-maciel-en-rigole-foot-439478.htm\" target=\"_blank\" rel=\"noopener\">Lyon : l&rsquo;avenir de Fofana, Maciel en rigole<\/a><\/td>\n<\/tr>\n<tr id=\"tr101\" align=\"left\" valign=\"top\">\n<td nowrap=\"nowrap\">\n <b>24\/08<\/b>&#8211;<a onclick=\"go(this);\" href=\"https:\/\/www.maxifoot.fr\/strasbourg\/atangana-arrive-pour-15-m-euro-foot-439494.htm\" target=\"_blank\" rel=\"noopener\">Strasbourg : Atangana arrive pour 15 M\u20ac<\/a><\/td>\n<\/tr>\n<tr id=\"tr102\" align=\"left\" valign=\"top\">\n<td nowrap=\"nowrap\">\n <b>24\/08<\/b>&#8211;<a onclick=\"go(this);\" href=\"https:\/\/www.maxifoot.fr\/nice\/boga-parti-pour-rester-foot-439482.htm\" target=\"_blank\" rel=\"noopener\">Nice : Boga parti pour rester<\/a><\/td>\n<\/tr>\n<tr id=\"tr103\" align=\"left\" valign=\"top\">\n<td nowrap=\"nowrap\">\n <b>24\/08<\/b>&#8211;<a onclick=\"go(this);\" href=\"https:\/\/www.maxifoot.fr\/om\/le-vestiaire-pour-le-retour-de-rabiot-foot-439484.htm\" target=\"_blank\" rel=\"noopener\">OM : le vestiaire pour le retour de Rabiot<\/a><\/td>\n<\/tr>\n<tr id=\"tr104\" align=\"left\" valign=\"top\">\n<td nowrap=\"nowrap\">\n <b>24\/08<\/b>&#8211;<a onclick=\"go(this);\" href=\"https:\/\/www.maxifoot.fr\/psg\/renato-sanches-au-panathinaikos-officiel-foot-439491.htm\" target=\"_blank\" rel=\"noopener\">PSG : Renato Sanches au Panathinaikos (officiel)<\/a><\/td>\n<\/tr>\n<tr id=\"tr105\" align=\"left\" valign=\"top\">\n<td nowrap=\"nowrap\">\n <b>24\/08<\/b>&#8211;<a onclick=\"go(this);\" href=\"https:\/\/www.maxifoot.fr\/ligue-1\/lorient-rennes-les-compos-foot-439490.htm\" target=\"_blank\" rel=\"noopener\">L1 : Lorient-Rennes, les compos<\/a><\/td>\n<\/tr>\n<tr id=\"tr106\" align=\"left\" valign=\"top\">\n<td nowrap=\"nowrap\">\n <b>24\/08<\/b>&#8211;<a onclick=\"go(this);\" href=\"https:\/\/www.maxifoot.fr\/rennes\/al-tamari-sanctionne-par-beye-foot-439489.htm\" target=\"_blank\" rel=\"noopener\">Rennes : Al Tamari sanctionn\u00e9 par Beye<\/a><\/td>\n<\/tr>\n<tr id=\"tr107\" align=\"left\" valign=\"top\">\n<td nowrap=\"nowrap\">\n <b>24\/08<\/b>&#8211;<a onclick=\"go(this);\" href=\"https:\/\/www.maxifoot.fr\/lyon\/kumbedi-se-rapproche-de-la-bundesliga-foot-439486.htm\" target=\"_blank\" rel=\"noopener\">Lyon : Kumbedi se rapproche de la Bundesliga<\/a><\/td>\n<\/tr>\n<tr id=\"tr108\" align=\"left\" valign=\"top\">\n<td nowrap=\"nowrap\">\n <b>24\/08<\/b>&#8211;<a onclick=\"go(this);\" href=\"https:\/\/www.maxifoot.fr\/france\/stephan-confirme-pour-giroud-foot-439487.htm\" target=\"_blank\" rel=\"noopener\">EdF : St\u00e9phan confirme pour Giroud<\/a><\/td>\n<\/tr>\n<tr id=\"tr109\" align=\"left\" valign=\"top\">\n<td nowrap=\"nowrap\">\n <b>24\/08<\/b>&#8211;<a onclick=\"go(this);\" href=\"https:\/\/www.maxifoot.fr\/om\/de-zerbi-est-les-tetes-trop-pleines-foot-439479.htm\" target=\"_blank\" rel=\"noopener\">OM : De Zerbi et les t\u00eates \u00ab\u00a0trop pleines\u00a0\u00bb<\/a><\/td>\n<\/tr>\n<tr id=\"tr110\" align=\"left\" valign=\"top\">\n<td nowrap=\"nowrap\">\n <b>24\/08<\/b>&#8211;<a onclick=\"go(this);\" href=\"https:\/\/www.maxifoot.fr\/om\/rowe-a-bologne-c-est-fait-off-foot-439485.htm\" target=\"_blank\" rel=\"noopener\">OM : Rowe \u00e0 Bologne, c&rsquo;est fait (off.)<\/a><\/td>\n<\/tr>\n<tr id=\"tr111\" align=\"left\" valign=\"top\">\n<td nowrap=\"nowrap\">\n <b>24\/08<\/b>&#8211;<a onclick=\"go(this);\" href=\"https:\/\/www.maxifoot.fr\/video\/le-magnifique-coup-franc-de-di-maria-foot-439480.htm\" target=\"_blank\" rel=\"noopener\">VIDEO : le magnifique coup franc de Di Maria<\/a><\/td>\n<\/tr>\n<tr id=\"tr112\" align=\"left\" valign=\"top\">\n<td nowrap=\"nowrap\">\n <b>24\/08<\/b>&#8211;<a onclick=\"go(this);\" href=\"https:\/\/www.maxifoot.fr\/santos\/rechute-pour-neymar-foot-439481.htm\" target=\"_blank\" rel=\"noopener\">Santos : rechute pour Neymar<\/a><\/td>\n<\/tr>\n<tr id=\"tr113\" align=\"left\" valign=\"top\">\n<td nowrap=\"nowrap\">\n <b>24\/08<\/b>&#8211;<a onclick=\"go(this);\" href=\"https:\/\/www.maxifoot.fr\/auxerre\/pelissier-clair-sur-sinayoko-foot-439462.htm\" target=\"_blank\" rel=\"noopener\">Auxerre : P\u00e9lissier clair sur Sinayoko<\/a><\/td>\n<\/tr>\n<tr id=\"tr114\" align=\"left\" valign=\"top\">\n<td nowrap=\"nowrap\">\n <b>24\/08<\/b>&#8211;<a onclick=\"go(this);\" href=\"https:\/\/www.maxifoot.fr\/brest\/lees-melou-pas-certain-de-partir-foot-439473.htm\" target=\"_blank\" rel=\"noopener\">Brest : Lees-Melou pas certain de partir<\/a><\/td>\n<\/tr>\n<tr id=\"tr115\" align=\"left\" valign=\"top\">\n<td nowrap=\"nowrap\">\n <b>24\/08<\/b>&#8211;<a onclick=\"go(this);\" href=\"https:\/\/www.maxifoot.fr\/roma\/sancho-ne-viendra-pas-foot-439463.htm\" target=\"_blank\" rel=\"noopener\">Roma : Sancho ne viendra pas<\/a><\/td>\n<\/tr>\n<tr id=\"tr116\" align=\"left\" valign=\"top\">\n<td nowrap=\"nowrap\">\n <b>24\/08<\/b>&#8211;<a onclick=\"go(this);\" href=\"https:\/\/www.maxifoot.fr\/chelsea\/deux-joueurs-vers-dortmund-foot-439467.htm\" target=\"_blank\" rel=\"noopener\">Chelsea : deux joueurs vers Dortmund<\/a><\/td>\n<\/tr>\n<tr id=\"tr117\" align=\"left\" valign=\"top\">\n<td nowrap=\"nowrap\">\n <b>24\/08<\/b>&#8211;<a onclick=\"go(this);\" href=\"https:\/\/www.maxifoot.fr\/man-city\/donnarumma-attend-ederson-foot-439474.htm\" target=\"_blank\" rel=\"noopener\">Man City : Donnarumma attend Ederson<\/a><\/td>\n<\/tr>\n<tr id=\"tr118\" align=\"left\" valign=\"top\">\n<td nowrap=\"nowrap\">\n <b>24\/08<\/b>&#8211;<a onclick=\"go(this);\" href=\"https:\/\/www.maxifoot.fr\/video\/le-superbe-coup-franc-de-son-foot-439465.htm\" target=\"_blank\" rel=\"noopener\">VIDEO : le superbe coup franc de Son<\/a><\/td>\n<\/tr>\n<tr id=\"tr119\" align=\"left\" valign=\"top\">\n<td nowrap=\"nowrap\">\n <b>24\/08<\/b>&#8211;<a onclick=\"go(this);\" href=\"https:\/\/www.maxifoot.fr\/milan\/un-doute-pour-boniface-foot-439464.htm\" target=\"_blank\" rel=\"noopener\">Milan : un doute pour Boniface ?<\/a><\/td>\n<\/tr>\n<tr id=\"tr120\" align=\"left\" valign=\"top\">\n<td nowrap=\"nowrap\">\n <b>24\/08<\/b>&#8211;<a onclick=\"go(this);\" href=\"https:\/\/www.maxifoot.fr\/man-utd\/un-gardien-en-approche-pour-20-m-euro-foot-439460.htm\" target=\"_blank\" rel=\"noopener\">Man Utd : un gardien en approche pour 20 M\u20ac<\/a><\/td>\n<\/tr>\n","protected":false},"excerpt":{"rendered":"25\/08&#8211;Ang. : 90e+10, un gamin fait gagner Liverpool ! 25\/08&#8211;L2 : le classement complet 25\/08&#8211;L2 : premi\u00e8re d\u00e9faite&hellip;\n","protected":false},"author":2,"featured_media":343815,"comment_status":"","ping_status":"","sticky":false,"template":"","format":"standard","meta":{"footnotes":""},"categories":[2820],"tags":[1111,11,2266,2262,2261,1981,83,2260,451,2263,1777,674,462,2269,2257,63,1011,27,2265,775,1441,453,66,447,2267,955,12,2268,241,149,70,1817,93,2264,25,2258,2259,640,969,455],"class_list":{"0":"post-344263","1":"post","2":"type-post","3":"status-publish","4":"format-standard","5":"has-post-thumbnail","7":"category-strasbourg","8":"tag-actu","9":"tag-actualites","10":"tag-as-monaco","11":"tag-bundesligua","12":"tag-calcio","13":"tag-classement","14":"tag-coupe-de-france","15":"tag-coupe-de-la-ligue","16":"tag-coupe-du-monde","17":"tag-equipe","18":"tag-eu","19":"tag-europe","20":"tag-fc-nantes","21":"tag-fifa","22":"tag-foot","23":"tag-football","24":"tag-fr","25":"tag-france","26":"tag-girondins-bordeaux","27":"tag-grand-est","28":"tag-joueur","29":"tag-liga","30":"tag-ligue-1","31":"tag-ligue-des-champions","32":"tag-losc","33":"tag-match","34":"tag-news","35":"tag-ogc-nice","36":"tag-ol","37":"tag-om","38":"tag-premier-league","39":"tag-pronostic","40":"tag-psg","41":"tag-rc-lens","42":"tag-republique-francaise","43":"tag-resultat","44":"tag-score","45":"tag-strasbourg","46":"tag-transfert","47":"tag-uefa"},"share_on_mastodon":{"url":"https:\/\/pubeurope.com\/@fr\/115092915691498003","error":""},"_links":{"self":[{"href":"https:\/\/www.europesays.com\/fr\/wp-json\/wp\/v2\/posts\/344263","targetHints":{"allow":["GET"]}}],"collection":[{"href":"https:\/\/www.europesays.com\/fr\/wp-json\/wp\/v2\/posts"}],"about":[{"href":"https:\/\/www.europesays.com\/fr\/wp-json\/wp\/v2\/types\/post"}],"author":[{"embeddable":true,"href":"https:\/\/www.europesays.com\/fr\/wp-json\/wp\/v2\/users\/2"}],"replies":[{"embeddable":true,"href":"https:\/\/www.europesays.com\/fr\/wp-json\/wp\/v2\/comments?post=344263"}],"version-history":[{"count":0,"href":"https:\/\/www.europesays.com\/fr\/wp-json\/wp\/v2\/posts\/344263\/revisions"}],"wp:featuredmedia":[{"embeddable":true,"href":"https:\/\/www.europesays.com\/fr\/wp-json\/wp\/v2\/media\/343815"}],"wp:attachment":[{"href":"https:\/\/www.europesays.com\/fr\/wp-json\/wp\/v2\/media?parent=344263"}],"wp:term":[{"taxonomy":"category","embeddable":true,"href":"https:\/\/www.europesays.com\/fr\/wp-json\/wp\/v2\/categories?post=344263"},{"taxonomy":"post_tag","embeddable":true,"href":"https:\/\/www.europesays.com\/fr\/wp-json\/wp\/v2\/tags?post=344263"}],"curies":[{"name":"wp","href":"https:\/\/api.w.org\/{rel}","templated":true}]}}