{"id":344264,"date":"2025-08-26T03:21:09","date_gmt":"2025-08-26T03:21:09","guid":{"rendered":"https:\/\/www.europesays.com\/fr\/344264\/"},"modified":"2025-08-26T03:21:09","modified_gmt":"2025-08-26T03:21:09","slug":"je-ne-savais-pas-que-larme-etait-chargee-lhomme-qui-a-tire-sur-un-commercant-a-nice-condamne-a-4-ans-de-prison","status":"publish","type":"post","link":"https:\/\/www.europesays.com\/fr\/344264\/","title":{"rendered":"\u00ab\u00a0Je ne savais pas que l\u2019arme \u00e9tait charg\u00e9e\u00a0\u00bb, l\u2019homme qui a tir\u00e9 sur un commer\u00e7ant \u00e0 Nice condamn\u00e9 \u00e0 4 ans de prison"},"content":{"rendered":"<p>\u00ab\u00a0J\u2019ai voulu lui faire peur. Je ne savais pas que l\u2019arme \u00e9tait charg\u00e9e\u00a0\u00bb, pr\u00e9tend avec vigueur Karim Khedhri, depuis le box des d\u00e9tenus du tribunal correctionnel de Nice, ce lundi. Le mercredi 19 ao\u00fbt, arm\u00e9 d\u2019un revolver, il avait tir\u00e9 et bless\u00e9 \u00e0 la cuisse un commer\u00e7ant ni\u00e7ois.<\/p>\n<p>Ce soir-l\u00e0, <a href=\"https:\/\/www.nicematin.com\/faits-divers\/-a-que\" rel=\"nofollow noopener\" target=\"_blank\">il est 23 heures lorsqu\u2019il se pr\u00e9sente au Mini Market de la rue Fran\u00e7ois-Guisol<\/a> et demande \u00e0 Hosem, le g\u00e9rant, de bien vouloir charger son t\u00e9l\u00e9phone portable. Le commer\u00e7ant accepte, mais quand il se retourne pour brancher l\u2019appareil, il aper\u00e7oit l\u2019individu d\u00e9rober une bouteille de whisky. Il intervient, l\u2019insulte et le pousse hors de son magasin. Mais l\u2019homme revient quelques minutes plus tard, arm\u00e9 d\u2019un revolver et tire en direction de Hosem. Une sc\u00e8ne surr\u00e9aliste \u00e0 laquelle assistent les clients de la sup\u00e9rette. Le projectile traverse la cuisse sans occasionner d\u2019atteinte vasculaire ou nerveuse. Un miracle.<\/p>\n<p>Karim Khedhri est interpell\u00e9 le 21 ao\u00fbt rue de Belgique. Dans l\u2019appartement qu\u2019il loue au port de Nice, la police d\u00e9couvre l\u2019arme de poing dans son \u00e9tui marron d\u00e9crit par la victime. Un revolver \u00e0 barillets six coups avec cinq cartouches en amorce.<\/p>\n<p>\u00ab\u00a0Je venais de trouver l\u2019arme dans la rue\u00a0\u00bb<\/p>\n<p>\u00ab\u00a0Vous auriez pu le tuer. Vous en avez conscience?\u00a0\u00bb, l\u2019interroge la pr\u00e9sidente Marion Menot.<\/p>\n<p>\u00ab\u00a0Il m\u2019a cass\u00e9 les dents, j\u2019ai p\u00e9t\u00e9 les plombs, se justifie dans le box, le petit homme \u00e0 la fr\u00eale silhouette, avant de pr\u00e9ciser: En me secouant, mon dentier est tomb\u00e9 et s\u2019est cass\u00e9. J\u2019avais l\u2019arme sur mois. Je venais de la trouver dans la rue vingt minutes plus t\u00f4t. Enfin, c\u2019est une femme du quartier qui fait les poubelles qui l\u2019a trouv\u00e9e mais elle n\u2019a pas voulu la prendre. J\u2019ai pens\u00e9 que c\u2019\u00e9tait une arme de collection. Je l\u2019ai r\u00e9cup\u00e9r\u00e9e parce que je voulais la revendre. Je ne savais pas qu\u2019elle \u00e9tait charg\u00e9e. Je voulais seulement faire peur au g\u00e9rant mais le coup est parti\u00a0\u00bb.<\/p>\n<p>\u00ab\u00a0On n\u2019en saura pas plus sur la provenance de l\u2019arme. Qu\u2019il l\u2019ait eue depuis vingt minutes ou plusieurs jours ne change rien \u00e0 la donne\u00a0\u00bb, tranche la procureure Julie Andr\u00e9, qui demande au tribunal de le condamner \u00e0 4 ans de prison, dont un avec sursis probatoire.<\/p>\n<p>L\u2019homme, p\u00e8re de deux enfants de 13 et 14 ans et d\u2019un troisi\u00e8me \u00e0 na\u00eetre, n\u2019est pas inconnu de la justice. Loin de l\u00e0. Il a \u00e9t\u00e9 condamn\u00e9 \u00e0 22 reprises pour des violences, des vols, des d\u00e9lits routiers et un homicide involontaire. Le 22 ao\u00fbt, il \u00e9tait convoqu\u00e9 pour r\u00e9pondre de violences sur sa compagne enceinte de 6 mois. Consommateur d\u2019alcool et de stup\u00e9fiants, suivi pour des troubles psychiques, son profil inqui\u00e8te particuli\u00e8rement la justice. L\u2019expert qui l\u2019a examin\u00e9 exclut cependant toute dangerosit\u00e9 psychiatrique et ne conclut pas \u00e0 une abolition ni une alt\u00e9ration du discernement.<\/p>\n<p>\u00ab\u00a0Il n\u2019y a pas eu d\u2019intention homicide de sa part. Son parcours judiciaire chaotique r\u00e9sulte d\u2019un \u00e9chec dont il est responsable, mais peut-\u00eatre que la r\u00e9ponse p\u00e9nale n\u2019a pas \u00e9t\u00e9 adapt\u00e9e jusqu\u2019\u00e0 pr\u00e9sent, et qu\u2019il n\u2019a pas re\u00e7u les soins adapt\u00e9s pour sortir de cette situation de perdition\u00a0\u00bb, plaide en d\u00e9fense Me Maxime Gratepanche, qui invite le tribunal \u00e0 ramener la peine sugg\u00e9r\u00e9e par le parquet \u00ab\u00a0\u00e0 de plus justes proportions\u00a0\u00bb.<\/p>\n<p>Le tireur du Mini Market est finalement sanctionn\u00e9 de 4 ans de prison, dont 18 mois avec un sursis probatoire de 2 ans, avec interdiction de porter une arme pendant 10 ans.<\/p>\n","protected":false},"excerpt":{"rendered":"\u00ab\u00a0J\u2019ai voulu lui faire peur. Je ne savais pas que l\u2019arme \u00e9tait charg\u00e9e\u00a0\u00bb, pr\u00e9tend avec vigueur Karim Khedhri,&hellip;\n","protected":false},"author":2,"featured_media":344265,"comment_status":"","ping_status":"","sticky":false,"template":"","format":"standard","meta":{"footnotes":""},"categories":[2819],"tags":[1111,11,1777,674,1011,27,303,12,2401,882,25],"class_list":{"0":"post-344264","1":"post","2":"type-post","3":"status-publish","4":"format-standard","5":"has-post-thumbnail","7":"category-nice","8":"tag-actu","9":"tag-actualites","10":"tag-eu","11":"tag-europe","12":"tag-fr","13":"tag-france","14":"tag-justice","15":"tag-news","16":"tag-nice","17":"tag-provence-alpes-cote-dazur","18":"tag-republique-francaise"},"share_on_mastodon":{"url":"","error":""},"_links":{"self":[{"href":"https:\/\/www.europesays.com\/fr\/wp-json\/wp\/v2\/posts\/344264","targetHints":{"allow":["GET"]}}],"collection":[{"href":"https:\/\/www.europesays.com\/fr\/wp-json\/wp\/v2\/posts"}],"about":[{"href":"https:\/\/www.europesays.com\/fr\/wp-json\/wp\/v2\/types\/post"}],"author":[{"embeddable":true,"href":"https:\/\/www.europesays.com\/fr\/wp-json\/wp\/v2\/users\/2"}],"replies":[{"embeddable":true,"href":"https:\/\/www.europesays.com\/fr\/wp-json\/wp\/v2\/comments?post=344264"}],"version-history":[{"count":0,"href":"https:\/\/www.europesays.com\/fr\/wp-json\/wp\/v2\/posts\/344264\/revisions"}],"wp:featuredmedia":[{"embeddable":true,"href":"https:\/\/www.europesays.com\/fr\/wp-json\/wp\/v2\/media\/344265"}],"wp:attachment":[{"href":"https:\/\/www.europesays.com\/fr\/wp-json\/wp\/v2\/media?parent=344264"}],"wp:term":[{"taxonomy":"category","embeddable":true,"href":"https:\/\/www.europesays.com\/fr\/wp-json\/wp\/v2\/categories?post=344264"},{"taxonomy":"post_tag","embeddable":true,"href":"https:\/\/www.europesays.com\/fr\/wp-json\/wp\/v2\/tags?post=344264"}],"curies":[{"name":"wp","href":"https:\/\/api.w.org\/{rel}","templated":true}]}}