{"id":344266,"date":"2025-08-26T03:22:43","date_gmt":"2025-08-26T03:22:43","guid":{"rendered":"https:\/\/www.europesays.com\/fr\/344266\/"},"modified":"2025-08-26T03:22:43","modified_gmt":"2025-08-26T03:22:43","slug":"a-lattaque-de-biotherm-en-mediterranee-la-3e-etape-de-the-ocean-race-europe-se-jouera-entre-carthagene-et-nice","status":"publish","type":"post","link":"https:\/\/www.europesays.com\/fr\/344266\/","title":{"rendered":"A l\u2019attaque de Biotherm en M\u00e9diterran\u00e9e\u00a0: la 3e \u00e9tape de The Ocean Race Europe se jouera entre Carthag\u00e8ne et Nice"},"content":{"rendered":"<p>La troisi\u00e8me \u00e9tape s\u2019\u00e9lancera de Carthag\u00e8ne (Espagne), ce mardi (15 h). Ils vont s\u2019\u00e9lancer dans un vent de nord-est d\u2019une douzaine de n\u0153uds. Un vent qui devrait tenir quelques heures avant de s\u2019effondrer \u00e0 la tomb\u00e9e de la nuit. Les leaders ont \u00e9t\u00e9 tr\u00e8s \u00e0 l\u2019aise dans les conditions propos\u00e9es jusque-l\u00e0 entre Kiel et Portsmouth et entre l\u2019Angleterre et l\u2019Espagne. Mais ils ont aussi su g\u00e9rer la fatigue de l\u2019\u00e9quipage. \u00ab Paul sait amener l\u2019\u00e9quipe \u00e0 \u00eatre la plus performante possible \u00bb, explique Sam Goodchild, qui fera partie de l\u2019\u00e9quipage sur la troisi\u00e8me \u00e9tape jusqu\u2019\u00e0 Nice.<\/p>\n<p>Benjamin Ferr\u00e9 remplace Jack Bouttel, Yann Eli\u00e8s \u00e0 la place de Yoann Richomme<\/p>\n<p>Quelques petits changements \u00e0 mi-course. Du c\u00f4t\u00e9 de Biotherm, le Britannique Jack Bouttel ne sera pas \u00e0 bord, il sera remplac\u00e9 par Benjamin Ferr\u00e9. La suite se joue donc en M\u00e9diterran\u00e9e et les conditions y sont souvent joueuses. \u00ab Tout est toujours possible en Med et cela peut aller tr\u00e8s vite. Il va falloir \u00eatre solide et le plus zen possible \u00bb, raconte Sam Goodchild pr\u00eat \u00e0 saisir les moindres opportunit\u00e9s. A bord de Paprec Ark\u00e9a, il y a aussi du changement : Yoann Richomme fait une petite pause et donne la barre \u00e0 Yann Eli\u00e8s. Corentin Horeau, Mariana Lobato et Gaston Morvan formeront le reste de l\u2019\u00e9quipage\u2026<\/p>\n<p>Les premiers bateaux sont attendus vendredi \u00e0 Nice.<\/p>\n<p class=\"titre-tech\">Classement g\u00e9n\u00e9ral (apr\u00e8s deux \u00e9tapes et le jury) :<\/p>\n<p class=\"tech\">1. Biotherm (Paul Meilhat) 25 points<\/p>\n<p class=\"tech\">2. Team Paprec Ark\u00e9a (Yoann Richomme) 18 pts<\/p>\n<p class=\"tech\">3. Team Malizia (Boris Herrmann) 13 pts<\/p>\n<p class=\"tech\">4. Team Holcim &#8211; PRB (Rosalin Kuiper) 11 pts<\/p>\n<p class=\"tech\">5. Canada Ocean Racing &#8211; Be Water Positive (Scott Shawyer) 8 pts<\/p>\n<p class=\"tech\">6. Allagrande Mapei Racing (Ambrogio Beccaia) 7 pts<\/p>\n<p class=\"tech\">7. Team Amaala (Alan Roura) 5 pts<\/p>\n<p class=\"titre-tech\">Les \u00e9quipages pour la troisi\u00e8me \u00e9tape<\/p>\n<p class=\"tech\"><strong class=\"tech\">Team Malizia : <\/strong>Boris Herrmann (GER) ; Francesca Clapcich (ITA\/USA) ; Cole Brauer<\/p>\n<p class=\"tech\">(USA) ; Lo\u00efs Berrehar (FRA) ; reporter d\u2019images : Flore Hartout (FRA\/NED).<\/p>\n<p class=\"tech\"><strong class=\"tech\">Paprec Ark\u00e9a :<\/strong> Yann Eli\u00e8s (FRA) ; Corentin Horeau (FRA) ; Mariana Lobato (POR) ; Gaston Morvan (FRA) ; reporter d\u2019images : Julien Champolion (FRA).<\/p>\n<p class=\"tech\"><strong class=\"tech\">Holcim &#8211; PRB :<\/strong> Rosalin Kuiper (NED) ; Franck Cammas (FRA) ; Carolijn Brower (NED\/AUS) ; Nicolas Lunven (FRA) ; reporter d\u2019images : Adrien Nivet (FRA).<\/p>\n<p><strong class=\"tech\">Canada Ocean Racing &#8211; Be Water Positive :<\/strong> Scott Shawyer (CAN) ; Pip Hare (GBR) ; Christopher Pratt (FRA) ; Brian Thompson (GBR) ; reporter d\u2019images : Richard Mardens (BEL).<\/p>\n<p class=\"tech\"><strong class=\"tech\">Allagrande Mapei : <\/strong>Ambrogio Beccaria (ITA) ; Thomas Ruyant (FRA) ; Morgan Lagravi\u00e8re (FRA) ; Abby Ehler (GBR) ; reporter d\u2019images : Pierre Bouras (FRA).<\/p>\n<p><strong class=\"tech\">Biotherm : <\/strong>Paul Meilhat (FRA) ; Am\u00e9lie Grassi (FRA) ; Benjamin Ferr\u00e9 (FRA) ; Sam Goodchild (GBR) ; reporter d\u2019images : Gauthier Lebec.<\/p>\n<p class=\"tech\"><strong class=\"tech\">Team Amaala : <\/strong>Alan Roura (SUI) ; Conrad Colman (NZL) ; Rebecca Gmuer (SUI\/NZL) ; Mathis Bourgnon (SUI\/FRA) ; reporter d\u2019images : Adrien Cordier (BEL).<\/p>\n","protected":false},"excerpt":{"rendered":"La troisi\u00e8me \u00e9tape s\u2019\u00e9lancera de Carthag\u00e8ne (Espagne), ce mardi (15 h). Ils vont s\u2019\u00e9lancer dans un vent de&hellip;\n","protected":false},"author":2,"featured_media":344267,"comment_status":"","ping_status":"","sticky":false,"template":"","format":"standard","meta":{"footnotes":""},"categories":[2819],"tags":[1111,11,3166,1777,674,1011,27,12,2401,882,25,60,10887],"class_list":{"0":"post-344266","1":"post","2":"type-post","3":"status-publish","4":"format-standard","5":"has-post-thumbnail","7":"category-nice","8":"tag-actu","9":"tag-actualites","10":"tag-en-continu-sports","11":"tag-eu","12":"tag-europe","13":"tag-fr","14":"tag-france","15":"tag-news","16":"tag-nice","17":"tag-provence-alpes-cote-dazur","18":"tag-republique-francaise","19":"tag-sports","20":"tag-voile"},"share_on_mastodon":{"url":"https:\/\/pubeurope.com\/@fr\/115092923491126672","error":""},"_links":{"self":[{"href":"https:\/\/www.europesays.com\/fr\/wp-json\/wp\/v2\/posts\/344266","targetHints":{"allow":["GET"]}}],"collection":[{"href":"https:\/\/www.europesays.com\/fr\/wp-json\/wp\/v2\/posts"}],"about":[{"href":"https:\/\/www.europesays.com\/fr\/wp-json\/wp\/v2\/types\/post"}],"author":[{"embeddable":true,"href":"https:\/\/www.europesays.com\/fr\/wp-json\/wp\/v2\/users\/2"}],"replies":[{"embeddable":true,"href":"https:\/\/www.europesays.com\/fr\/wp-json\/wp\/v2\/comments?post=344266"}],"version-history":[{"count":0,"href":"https:\/\/www.europesays.com\/fr\/wp-json\/wp\/v2\/posts\/344266\/revisions"}],"wp:featuredmedia":[{"embeddable":true,"href":"https:\/\/www.europesays.com\/fr\/wp-json\/wp\/v2\/media\/344267"}],"wp:attachment":[{"href":"https:\/\/www.europesays.com\/fr\/wp-json\/wp\/v2\/media?parent=344266"}],"wp:term":[{"taxonomy":"category","embeddable":true,"href":"https:\/\/www.europesays.com\/fr\/wp-json\/wp\/v2\/categories?post=344266"},{"taxonomy":"post_tag","embeddable":true,"href":"https:\/\/www.europesays.com\/fr\/wp-json\/wp\/v2\/tags?post=344266"}],"curies":[{"name":"wp","href":"https:\/\/api.w.org\/{rel}","templated":true}]}}