{"id":344272,"date":"2025-08-26T03:26:17","date_gmt":"2025-08-26T03:26:17","guid":{"rendered":"https:\/\/www.europesays.com\/fr\/344272\/"},"modified":"2025-08-26T03:26:17","modified_gmt":"2025-08-26T03:26:17","slug":"girondins-sous-pression-bordeaux-veut-recruter-pour-quoi-faire","status":"publish","type":"post","link":"https:\/\/www.europesays.com\/fr\/344272\/","title":{"rendered":"Girondins : sous pression, Bordeaux veut recruter, pour quoi faire ?"},"content":{"rendered":"<p><img decoding=\"async\" src=\"https:\/\/www.europesays.com\/fr\/wp-content\/uploads\/2025\/08\/671_c95442b885859627d111b3129c3bc2ba.jpg\" alt=\"Girondins : sous pression, Bordeaux veut recruter, pour quoi faire ?\" class=\"img-responsive mt-3\"\/><\/p>\n<p class=\"text-center mb-3\" style=\"font-size: 14px\">\u00a9 Iconsport<\/p>\n<p>      <strong>Bordeaux veut recruter, mais pour quoi faire ?<\/strong><\/p>\n<p style=\"text-align: justify;\">Deux matchs \u00e0 domicile, un point marqu\u00e9 sur six et aucun but inscrit. Il n&rsquo;en faut pas plus pour revoir le plan de jeu mis en place \u00e0 l&rsquo;intersaison et laisser miroiter un recrutement suppl\u00e9mentaire, comme si c\u2019\u00e9tait la solution aux maux du club.<\/p>\n<p style=\"text-align: justify;\">Le choix coll\u00e9gial et strat\u00e9gique entre Bruno Irl\u00e8s et John Williams de renouveler la quasi-totalit\u00e9 de l&rsquo;effectif (seul Trichard \u00e9tait le rescap\u00e9 de la saison derni\u00e8re dans le 11 align\u00e9 face \u00e0 Avranches) apparait apr\u00e8s deux journ\u00e9es comme bancal. En effet, le 11 Bordelais n&rsquo;a pas d&rsquo;automatismes, car les joueurs ne se connaissent pas. Logique, chaque nouveau joueur doit appr\u00e9hender le club, son environnement et le Stade Atlantique. Cela demande du temps.<\/p>\n<p style=\"text-align: justify;\">En faisant ce choix de revoir l&rsquo;effectif du sol au plafond, Irl\u00e8s et Williams savaient que cela n\u00e9cessitait du temps d&rsquo;apprentissage. Pourquoi ne pas avoir conserv\u00e9 des joueurs forts de la saison derni\u00e8re pour limiter ce risque ?<\/p>\n<p>\u00a0<\/p>\n<p><strong>On ne rattrape pas le temps perdu<\/strong><\/p>\n<p style=\"text-align: justify;\">Or, le club n&rsquo;a plus le temps . Son propri\u00e9taire le met sous pression avec un plan de continuation de 10 ans qui n\u00e9cessite chaque saison l&rsquo;apport de plusieurs millions d&rsquo;euros (9M\u20ac cet \u00e9t\u00e9), et presque autant la saison prochaine. Ainsi, le FCGB doit retrouver au plus vite le football professionnel pour survivre. C&rsquo;est dans ce contexte difficile que les nouveaux joueurs arrivent. Pas facile de supporter cette pression interne et externe quand on n\u2019arrive de La Roche VF, des Herbiers, des \u00c9mirats, de Bergerac ou de Chambly. Les joueurs sont apparus inhib\u00e9s sur le tas de sable qui sert de pelouse au Stade Atlantique<\/p>\n<p style=\"text-align: justify;\">D&rsquo;ailleurs, on peut se demander quels clubs ou structures seraient en mesure de suivre un plan \u00e0 marche forc\u00e9e avec l&rsquo;al\u00e9a sportif : 2 ans par division jusqu&rsquo;\u00e0 la Ligue 1. \u00c0 moins d&rsquo;avoir une structuration et une organisation solide, c&rsquo;est mission impossible.<\/p>\n<p><strong>Des paris sur des joueurs hors de forme et des erreurs de recrutement<\/strong><\/p>\n<p style=\"text-align: justify;\">De plus, la pr\u00e9paration et le d\u00e9but de saison sont plomb\u00e9s par les blessures. Certains pr\u00e9tendront que c\u2019\u00e9tait pr\u00e9visible, \u00e9tant donn\u00e9 que plusieurs recrues n\u2019ont pas jou\u00e9 beaucoup de matchs la saison derni\u00e8re, comme Shamal, Manna\u00ef, Ba et Vandenabeele. John Williams et Bruno Irl\u00e8s ne pouvaient pas l&rsquo;ignorer.<\/p>\n<p style=\"text-align: justify;\">Ainsi, le journal<a href=\"https:\/\/www.sudouest.fr\/sport\/football\/girondins-de-bordeaux-pour-etienne-beugre-ca-avance-25658031.php\" target=\"_blank\" rel=\"noopener\"> Sud-Ouest<\/a> sugg\u00e8re que Bordeaux serait ouvert \u00e0 l\u2019id\u00e9e de recruter en fonction des occasions qui se pr\u00e9sentent. Le pr\u00eat d&rsquo;un joueur d&rsquo;une structure professionnelle est aussi \u00e9tudi\u00e9. C&rsquo;est oublier que le FCGB est sous encadrement de sa masse salariale par la DNCG et n&rsquo;a toujours pas r\u00e9gl\u00e9 son erreur de recrutement de la saison derni\u00e8re \u00e0 savoir l&rsquo;arriv\u00e9e d&rsquo;\u00c9tienne Beugr\u00e9 au salaire de 10 000\u20ac brut par mois. \u00c0 ce sujet, quotidien r\u00e9gional \u00e9crit \u00ab\u00a0qu&rsquo;au club, on n\u2019exclut plus, tant qu\u2019aucune porte de sortie n\u2019est trouv\u00e9e, de r\u00e9int\u00e9grer l\u2019attaquant dans la concurrence.\u00a0\u00bb<\/p>\n<p><strong>Bruno Irl\u00e8s fera-t-il mieux avec un ou deux joueurs de plus ?<\/strong><\/p>\n<p style=\"text-align: justify;\">Enfin, ce qui frappe depuis l&rsquo;arriv\u00e9e de Bruno Irl\u00e8s sur le banc bordelais c&rsquo;est sa difficult\u00e9 \u00e0 appr\u00e9hender le championnat de National 2 avec son effectif aussi bien tactiquement dans la mise en place, que lors de ses d\u00e9cisions pendant les matchs. Il est souvent mis en \u00e9chec par l&rsquo;adversaire. D&rsquo;ailleurs, avec les mauvais r\u00e9sultats, les critiques sur son travail sont de plus en plus nombreuses. Bruno Irl\u00e8s connait la fragilit\u00e9 de son poste, \u00ab\u00a0C&rsquo;est un tr\u00e8s mauvais d\u00e9but de saison de notre part. On est dans le dur et pas \u00e0 la hauteur de nos pr\u00e9tentions sur ce d\u00e9but de saisons\u00a0\u00bb a-t-il dit \u00e0 la fin du match ce samedi.<\/p>\n<p style=\"text-align: justify;\">S&rsquo;il n&rsquo;est pas en mesure de montrer des r\u00e9sultats \u00e0 Ch\u00e2teaubriant samedi, et contre Saumur \u00e0 domicile dans 15 jours, G\u00e9rard Lopez devra poser la question de le maintenir comme entra\u00eeneur. Il n&rsquo;y a plus de temps \u00e0 perdre.<\/p>\n<p>\u00c0 \u00e9couter aussi &gt;&gt; <a href=\"https:\/\/www.webgirondins.com\/actualite-girondins-girondins-les-3-flops-de-bordeaux-granville-0-1-130165\" target=\"_blank\" rel=\"noopener\"><strong>les 3 flops de Bordeaux-Granville (0-1)<\/strong><\/a><\/p>\n<p>Notre podcast court \u00e0 \u00e9couter :<\/p>\n<p>\u00a0<\/p>\n","protected":false},"excerpt":{"rendered":"\u00a9 Iconsport Bordeaux veut recruter, mais pour quoi faire ? Deux matchs \u00e0 domicile, un point marqu\u00e9 sur&hellip;\n","protected":false},"author":2,"featured_media":344273,"comment_status":"","ping_status":"","sticky":false,"template":"","format":"standard","meta":{"footnotes":""},"categories":[2817],"tags":[1111,11,28706,3396,1997,7257,1442,4070,1777,674,4560,1011,27,1987,48057,23216,12141,3238,12,2219,15864,3948,471,14363,5577,31437,25,43032,1447,3107,9870],"class_list":{"0":"post-344272","1":"post","2":"type-post","3":"status-publish","4":"format-standard","5":"has-post-thumbnail","7":"category-bordeaux","8":"tag-actu","9":"tag-actualites","10":"tag-aucun","11":"tag-avec","12":"tag-bordeaux","13":"tag-critique","14":"tag-deja","15":"tag-deux","16":"tag-eu","17":"tag-europe","18":"tag-faire","19":"tag-fr","20":"tag-france","21":"tag-girondins","22":"tag-glane","23":"tag-journees","24":"tag-marque","25":"tag-national","26":"tag-news","27":"tag-nouvelle-aquitaine","28":"tag-petit","29":"tag-point","30":"tag-pour","31":"tag-pression","32":"tag-quoi","33":"tag-recruter","34":"tag-republique-francaise","35":"tag-seulement","36":"tag-situation","37":"tag-sous","38":"tag-veut"},"share_on_mastodon":{"url":"https:\/\/pubeurope.com\/@fr\/115092939385770284","error":""},"_links":{"self":[{"href":"https:\/\/www.europesays.com\/fr\/wp-json\/wp\/v2\/posts\/344272","targetHints":{"allow":["GET"]}}],"collection":[{"href":"https:\/\/www.europesays.com\/fr\/wp-json\/wp\/v2\/posts"}],"about":[{"href":"https:\/\/www.europesays.com\/fr\/wp-json\/wp\/v2\/types\/post"}],"author":[{"embeddable":true,"href":"https:\/\/www.europesays.com\/fr\/wp-json\/wp\/v2\/users\/2"}],"replies":[{"embeddable":true,"href":"https:\/\/www.europesays.com\/fr\/wp-json\/wp\/v2\/comments?post=344272"}],"version-history":[{"count":0,"href":"https:\/\/www.europesays.com\/fr\/wp-json\/wp\/v2\/posts\/344272\/revisions"}],"wp:featuredmedia":[{"embeddable":true,"href":"https:\/\/www.europesays.com\/fr\/wp-json\/wp\/v2\/media\/344273"}],"wp:attachment":[{"href":"https:\/\/www.europesays.com\/fr\/wp-json\/wp\/v2\/media?parent=344272"}],"wp:term":[{"taxonomy":"category","embeddable":true,"href":"https:\/\/www.europesays.com\/fr\/wp-json\/wp\/v2\/categories?post=344272"},{"taxonomy":"post_tag","embeddable":true,"href":"https:\/\/www.europesays.com\/fr\/wp-json\/wp\/v2\/tags?post=344272"}],"curies":[{"name":"wp","href":"https:\/\/api.w.org\/{rel}","templated":true}]}}