{"id":344274,"date":"2025-08-26T03:27:10","date_gmt":"2025-08-26T03:27:10","guid":{"rendered":"https:\/\/www.europesays.com\/fr\/344274\/"},"modified":"2025-08-26T03:27:10","modified_gmt":"2025-08-26T03:27:10","slug":"colomiers-les-nouveautes-de-la-semaine","status":"publish","type":"post","link":"https:\/\/www.europesays.com\/fr\/344274\/","title":{"rendered":"Colomiers. Les nouveaut\u00e9s de la semaine"},"content":{"rendered":"<p>Outre le festival, Grand Central affiche bien s\u00fbr, comme toujours, ses nouveaut\u00e9s de la semaine :<\/p>\n<p>Pour ados et adultes, \u00ab\u00a0Pris au pi\u00e8ge-Caught Stealing\u00a0\u00bb (VF et VOST), de Darren Aronofsky, plonge dans le milieu criminel des ann\u00e9es 90\u2019\u00e0 New York ; \u00ab\u00a0La guerre des Rose\u00a0\u00bb, com\u00e9die de Jay Roach, pr\u00e9sente la vie id\u00e9ale d\u2019un couple qui a tout r\u00e9ussi, mais\u2026 une temp\u00eate s\u2019annonce ; \u00ab\u00a0En premi\u00e8re ligne\u00a0\u00bb (VF\/VOST), drame de Petra Biondina, suit les affres de son h\u00e9ro\u00efne Floria face aux implacables logiques de gestion qu\u2019on lui impose.<\/p>\n<p>Pour les enfants : \u00ab\u00a0Les m\u00e9saventures de Joe\u00a0\u00bb (en matin\u00e9e seulement, \u00e0 10 heures les mercredi 27, jeudi 28 et vendredi 29), et, avant-premi\u00e8re, jeudi 28 \u00e0 10 heures, \u00ab\u00a0Timioche\u00a0\u00bb (d\u00e8s 3 ans, 40mn), l\u2019histoire d\u2019un petit poisson toujours en retard.<\/p>\n<p>Le cin\u00e9ma indique d\u2019ores et d\u00e9j\u00e0 que les films \u00ab\u00a0Freaky Friday 2 \u2013 encore dans la peau de ma m\u00e8re\u00a0\u00bb, et \u00ab\u00a0L\u2019\u00e9preuve du feu\u00a0\u00bb, quitteront prochainement l\u2019affiche. Leur derni\u00e8res projections, respectivement programm\u00e9es mardi 2 septembre prochain \u00e0 16 heures et 16h10, b\u00e9n\u00e9ficieront comme toujours d\u2019un tarif unique : 5\u20ac<\/p>\n","protected":false},"excerpt":{"rendered":"Outre le festival, Grand Central affiche bien s\u00fbr, comme toujours, ses nouveaut\u00e9s de la semaine : Pour ados&hellip;\n","protected":false},"author":2,"featured_media":344275,"comment_status":"","ping_status":"","sticky":false,"template":"","format":"standard","meta":{"footnotes":""},"categories":[2816],"tags":[1111,11,1777,674,1011,27,12,2680,25,2312],"class_list":{"0":"post-344274","1":"post","2":"type-post","3":"status-publish","4":"format-standard","5":"has-post-thumbnail","7":"category-toulouse","8":"tag-actu","9":"tag-actualites","10":"tag-eu","11":"tag-europe","12":"tag-fr","13":"tag-france","14":"tag-news","15":"tag-occitanie","16":"tag-republique-francaise","17":"tag-toulouse"},"share_on_mastodon":{"url":"https:\/\/pubeurope.com\/@fr\/115092943300938674","error":""},"_links":{"self":[{"href":"https:\/\/www.europesays.com\/fr\/wp-json\/wp\/v2\/posts\/344274","targetHints":{"allow":["GET"]}}],"collection":[{"href":"https:\/\/www.europesays.com\/fr\/wp-json\/wp\/v2\/posts"}],"about":[{"href":"https:\/\/www.europesays.com\/fr\/wp-json\/wp\/v2\/types\/post"}],"author":[{"embeddable":true,"href":"https:\/\/www.europesays.com\/fr\/wp-json\/wp\/v2\/users\/2"}],"replies":[{"embeddable":true,"href":"https:\/\/www.europesays.com\/fr\/wp-json\/wp\/v2\/comments?post=344274"}],"version-history":[{"count":0,"href":"https:\/\/www.europesays.com\/fr\/wp-json\/wp\/v2\/posts\/344274\/revisions"}],"wp:featuredmedia":[{"embeddable":true,"href":"https:\/\/www.europesays.com\/fr\/wp-json\/wp\/v2\/media\/344275"}],"wp:attachment":[{"href":"https:\/\/www.europesays.com\/fr\/wp-json\/wp\/v2\/media?parent=344274"}],"wp:term":[{"taxonomy":"category","embeddable":true,"href":"https:\/\/www.europesays.com\/fr\/wp-json\/wp\/v2\/categories?post=344274"},{"taxonomy":"post_tag","embeddable":true,"href":"https:\/\/www.europesays.com\/fr\/wp-json\/wp\/v2\/tags?post=344274"}],"curies":[{"name":"wp","href":"https:\/\/api.w.org\/{rel}","templated":true}]}}