{"id":344280,"date":"2025-08-26T03:31:13","date_gmt":"2025-08-26T03:31:13","guid":{"rendered":"https:\/\/www.europesays.com\/fr\/344280\/"},"modified":"2025-08-26T03:31:13","modified_gmt":"2025-08-26T03:31:13","slug":"cocaine-cannabis-argent-liquide-deux-interpellations-dans-les-2e-et-13e-arrondissements-de-marseille-ce-dimanche","status":"publish","type":"post","link":"https:\/\/www.europesays.com\/fr\/344280\/","title":{"rendered":"Coca\u00efne, cannabis, argent liquide\u2026 deux interpellations dans les 2e et 13e arrondissements de Marseille ce dimanche"},"content":{"rendered":"<p>Un \u00e9quipage qui effectuait une surveillance discr\u00e8te d\u2019un point de deal du 2e arrondissement de Marseille a rep\u00e9r\u00e9 un individu au comportement aussi suspect qu\u2019\u00e9loquent, dimanche 24 ao\u00fbt. Aux alentours de midi, apr\u00e8s avoir observ\u00e9 le jeune homme se livrer \u00e0 plusieurs transactions de produits et s\u2019\u00eatre fait une id\u00e9e assez pr\u00e9cise de sa cache, les policiers ont d\u00e9cid\u00e9 de l\u2019interpeller <a href=\"https:\/\/www.laprovence.com\/article\/faits-divers-justice\/861786037284914\/soupconne-dune-tentative-de-meurtre-a-la-machette-a-marseille-un-sans-abri-place-en-garde-a-vue\" target=\"_blank\" rel=\"noopener\">place Jules Guesde<\/a>. \u00c2g\u00e9 de 22\u00a0ans, en situation irr\u00e9guli\u00e8re, le jeune dealer s\u2019est av\u00e9r\u00e9 \u00eatre en possession d\u2019une centaine de bonbonnes de coca\u00efne.<\/p>\n<p>Mineur en fugue<\/p>\n<p>Toujours dimanche, c\u2019est cit\u00e9 Frais Vallon, dans le 13e arrondissement, que des policiers en civil ont interpell\u00e9 un mineur qui transportait 470 grammes de r\u00e9sine de cannabis, 50 grammes d\u2019herbe, 50 grammes de coca\u00efne et 1\u00a0200\u00a0euros en esp\u00e8ces. \u00c2g\u00e9 de 14\u00a0ans, l\u2019adolescent a \u00e9t\u00e9 interpell\u00e9 et ramen\u00e9 au commissariat de Bassens o\u00f9 quelques recherches ont permis d\u2019\u00e9tablir qu\u2019il s\u2019agissait d\u2019un <a href=\"https:\/\/www.laprovence.com\/article\/faits-divers-justice\/4831556314440114\/en-fugue-de-dordogne-une-ado-aurait-ete-sequestree-et-forcee-a-se-prostituer-depuis-des-semaines-a-cavaillon\" target=\"_blank\" rel=\"noopener\">mineur en fugue<\/a>.<\/p>\n","protected":false},"excerpt":{"rendered":"Un \u00e9quipage qui effectuait une surveillance discr\u00e8te d\u2019un point de deal du 2e arrondissement de Marseille a rep\u00e9r\u00e9&hellip;\n","protected":false},"author":2,"featured_media":344281,"comment_status":"","ping_status":"","sticky":false,"template":"","format":"standard","meta":{"footnotes":""},"categories":[2814],"tags":[17,1111,11,1261,1102,3675,3993,1446,4070,1777,674,274,1011,27,15516,48058,884,12,882,25],"class_list":{"0":"post-344280","1":"post","2":"type-post","3":"status-publish","4":"format-standard","5":"has-post-thumbnail","7":"category-marseille","8":"tag-17","9":"tag-actu","10":"tag-actualites","11":"tag-argent","12":"tag-breakingnews","13":"tag-cannabis","14":"tag-cocaine","15":"tag-dans","16":"tag-deux","17":"tag-eu","18":"tag-europe","19":"tag-faits-divers-justice","20":"tag-fr","21":"tag-france","22":"tag-interpellations","23":"tag-liquide","24":"tag-marseille","25":"tag-news","26":"tag-provence-alpes-cote-dazur","27":"tag-republique-francaise"},"share_on_mastodon":{"url":"https:\/\/pubeurope.com\/@fr\/115092959006934509","error":""},"_links":{"self":[{"href":"https:\/\/www.europesays.com\/fr\/wp-json\/wp\/v2\/posts\/344280","targetHints":{"allow":["GET"]}}],"collection":[{"href":"https:\/\/www.europesays.com\/fr\/wp-json\/wp\/v2\/posts"}],"about":[{"href":"https:\/\/www.europesays.com\/fr\/wp-json\/wp\/v2\/types\/post"}],"author":[{"embeddable":true,"href":"https:\/\/www.europesays.com\/fr\/wp-json\/wp\/v2\/users\/2"}],"replies":[{"embeddable":true,"href":"https:\/\/www.europesays.com\/fr\/wp-json\/wp\/v2\/comments?post=344280"}],"version-history":[{"count":0,"href":"https:\/\/www.europesays.com\/fr\/wp-json\/wp\/v2\/posts\/344280\/revisions"}],"wp:featuredmedia":[{"embeddable":true,"href":"https:\/\/www.europesays.com\/fr\/wp-json\/wp\/v2\/media\/344281"}],"wp:attachment":[{"href":"https:\/\/www.europesays.com\/fr\/wp-json\/wp\/v2\/media?parent=344280"}],"wp:term":[{"taxonomy":"category","embeddable":true,"href":"https:\/\/www.europesays.com\/fr\/wp-json\/wp\/v2\/categories?post=344280"},{"taxonomy":"post_tag","embeddable":true,"href":"https:\/\/www.europesays.com\/fr\/wp-json\/wp\/v2\/tags?post=344280"}],"curies":[{"name":"wp","href":"https:\/\/api.w.org\/{rel}","templated":true}]}}