{"id":344282,"date":"2025-08-26T03:32:19","date_gmt":"2025-08-26T03:32:19","guid":{"rendered":"https:\/\/www.europesays.com\/fr\/344282\/"},"modified":"2025-08-26T03:32:19","modified_gmt":"2025-08-26T03:32:19","slug":"marseille-un-havre-mediterraneen-sur-les-hauteurs-de-la-ville","status":"publish","type":"post","link":"https:\/\/www.europesays.com\/fr\/344282\/","title":{"rendered":"MARSEILLE : Un havre m\u00e9diterran\u00e9en sur les hauteurs de la ville"},"content":{"rendered":"<p><strong>Sur les hauteurs de l\u2019Estaque, quartier pittoresque au nord de Marseille, \u00e0 l\u2019entr\u00e9e des calanques de la C\u00f4te Bleue et au d\u00e9but du littoral sauvage qui longe la M\u00e9diterran\u00e9e, une bastide proven\u00e7ale veille depuis plus de 150 ans sur la baie et ses \u00eeles.<\/strong><br \/>C\u2019est l\u00e0, entre mer et collines, que s\u2019\u00e9l\u00e8ve Casa YOUM, une adresse discr\u00e8te pens\u00e9e comme un refuge pour ralentir et respirer, \u00e0 l\u2019\u00e9cart de l\u2019agitation de la ville. R\u00e9invent\u00e9e par Amira Tarhouni et \u00c9douard M\u00e9chin, la bastide s\u2019est transform\u00e9e en une maison et table d\u2019h\u00f4tes singuli\u00e8re et intime o\u00f9 ils vivent aux c\u00f4t\u00e9s de leur fille Olivia et de leur chien Mastock. Tous deux ont imagin\u00e9 ce projet comme un prolongement de leurs histoires personnelles. Cette ancienne bastide autrefois habit\u00e9e par C\u00e9zanne, rena\u00eet.<\/p>\n<p>De la Tunisie natale d\u2019Amira au sud de l\u2019Italie cher \u00e0 \u00c9douard, leurs racines m\u00e9diterran\u00e9ennes s\u2019entrelacent \u00e0 l\u2019architecture proven\u00e7ale d\u2019origine pour composer un univers chaleureux, lumineux, habit\u00e9 par le go\u00fbt du partage.<\/p>\n<p>Source : Casa YOUM, refuge m\u00e9diterran\u00e9en confidentiel entre mer et garrigue.<\/p>\n","protected":false},"excerpt":{"rendered":"Sur les hauteurs de l\u2019Estaque, quartier pittoresque au nord de Marseille, \u00e0 l\u2019entr\u00e9e des calanques de la C\u00f4te&hellip;\n","protected":false},"author":2,"featured_media":344283,"comment_status":"","ping_status":"","sticky":false,"template":"","format":"standard","meta":{"footnotes":""},"categories":[2814],"tags":[1111,11,1777,674,1011,27,884,12,882,25],"class_list":{"0":"post-344282","1":"post","2":"type-post","3":"status-publish","4":"format-standard","5":"has-post-thumbnail","7":"category-marseille","8":"tag-actu","9":"tag-actualites","10":"tag-eu","11":"tag-europe","12":"tag-fr","13":"tag-france","14":"tag-marseille","15":"tag-news","16":"tag-provence-alpes-cote-dazur","17":"tag-republique-francaise"},"share_on_mastodon":{"url":"https:\/\/pubeurope.com\/@fr\/115092962975482518","error":""},"_links":{"self":[{"href":"https:\/\/www.europesays.com\/fr\/wp-json\/wp\/v2\/posts\/344282","targetHints":{"allow":["GET"]}}],"collection":[{"href":"https:\/\/www.europesays.com\/fr\/wp-json\/wp\/v2\/posts"}],"about":[{"href":"https:\/\/www.europesays.com\/fr\/wp-json\/wp\/v2\/types\/post"}],"author":[{"embeddable":true,"href":"https:\/\/www.europesays.com\/fr\/wp-json\/wp\/v2\/users\/2"}],"replies":[{"embeddable":true,"href":"https:\/\/www.europesays.com\/fr\/wp-json\/wp\/v2\/comments?post=344282"}],"version-history":[{"count":0,"href":"https:\/\/www.europesays.com\/fr\/wp-json\/wp\/v2\/posts\/344282\/revisions"}],"wp:featuredmedia":[{"embeddable":true,"href":"https:\/\/www.europesays.com\/fr\/wp-json\/wp\/v2\/media\/344283"}],"wp:attachment":[{"href":"https:\/\/www.europesays.com\/fr\/wp-json\/wp\/v2\/media?parent=344282"}],"wp:term":[{"taxonomy":"category","embeddable":true,"href":"https:\/\/www.europesays.com\/fr\/wp-json\/wp\/v2\/categories?post=344282"},{"taxonomy":"post_tag","embeddable":true,"href":"https:\/\/www.europesays.com\/fr\/wp-json\/wp\/v2\/tags?post=344282"}],"curies":[{"name":"wp","href":"https:\/\/api.w.org\/{rel}","templated":true}]}}