{"id":344284,"date":"2025-08-26T03:33:19","date_gmt":"2025-08-26T03:33:19","guid":{"rendered":"https:\/\/www.europesays.com\/fr\/344284\/"},"modified":"2025-08-26T03:33:19","modified_gmt":"2025-08-26T03:33:19","slug":"un-jeune-homme-entre-la-vie-et-la-mort","status":"publish","type":"post","link":"https:\/\/www.europesays.com\/fr\/344284\/","title":{"rendered":"un jeune homme entre la vie et la mort"},"content":{"rendered":"<p>                            <img loading=\"lazy\" width=\"1024\" height=\"640\" class=\"attachment-article size-article wp-post-image lazyload\" alt=\"\" decoding=\"async\" src=\"https:\/\/www.europesays.com\/fr\/wp-content\/uploads\/2025\/04\/illustrationcamionpompiers-e1673428596105.jpg\" data-eio-rwidth=\"1024\" data-eio-rheight=\"640\"\/><\/p>\n<p>Image d\u2019illustration. PHILIPPE HUGUEN \/ AFP<\/p>\n<p class=\"content\" style=\"font-size:1.2em;font-weight:700\">Un jeune homme est entre la vie et la mort apr\u00e8s avoir \u00e9t\u00e9 percut\u00e9 \u00e0 la sortie d&rsquo;un festival pr\u00e8s de Lyon.<\/p>\n<p>Un grave accident est survenu dans la nuit de samedi \u00e0 dimanche \u00e0 Saint-Sorlin-en-Valloire dans le nord de l&rsquo;Is\u00e8re, \u00e0 la sortie du festival \u00e9lectro Electrolapse. Vers 4 h du matin, une voiture a percut\u00e9 deux jeunes hommes qui marchaient en bord de route, \u00e0 quelques centaines de m\u00e8tres du parking indique <a href=\"https:\/\/c.leprogres.fr\/faits-divers-justice\/2025\/08\/25\/un-automobiliste-originaire-de-vienne-fauche-deux-jeunes-hommes-rentrant-d-un-festival\" target=\"_blank\" rel=\"noreferrer noopener nofollow\">Le Progr\u00e8s<\/a>.<\/p>\n<p>L\u2019une des victimes, \u00e2g\u00e9e de 24 ans et originaire d\u2019Ard\u00e8che, a \u00e9t\u00e9 h\u00e9liport\u00e9e vers l\u2019h\u00f4pital de Valence. Son pronostic vital restait engag\u00e9 dimanche soir. Le second pi\u00e9ton, un Dr\u00f4mois de 25 ans, plus l\u00e9g\u00e8rement touch\u00e9, a \u00e9t\u00e9 hospitalis\u00e9 \u00e0 Annonay puis rapidement lib\u00e9r\u00e9.<\/p>\n<p>Le conducteur, qui avait pris la fuite apr\u00e8s avoir abandonn\u00e9 un temps son v\u00e9hicule dans un champ, a finalement \u00e9t\u00e9 interpell\u00e9 en d\u00e9but d\u2019apr\u00e8s-midi pr\u00e8s de Vienne, o\u00f9 les enqu\u00eateurs ont retrouv\u00e9 une voiture suspecte. L\u2019homme de 26 ans a \u00e9t\u00e9 plac\u00e9 en garde \u00e0 vue.<\/p>\n","protected":false},"excerpt":{"rendered":"Image d\u2019illustration. PHILIPPE HUGUEN \/ AFP Un jeune homme est entre la vie et la mort apr\u00e8s avoir&hellip;\n","protected":false},"author":2,"featured_media":15349,"comment_status":"","ping_status":"","sticky":false,"template":"","format":"standard","meta":{"footnotes":""},"categories":[1889],"tags":[1111,11,2430,1777,674,1011,27,2428,12,25],"class_list":{"0":"post-344284","1":"post","2":"type-post","3":"status-publish","4":"format-standard","5":"has-post-thumbnail","7":"category-lyon","8":"tag-actu","9":"tag-actualites","10":"tag-auvergne-rhone-alpes","11":"tag-eu","12":"tag-europe","13":"tag-fr","14":"tag-france","15":"tag-lyon","16":"tag-news","17":"tag-republique-francaise"},"share_on_mastodon":{"url":"https:\/\/pubeurope.com\/@fr\/115092967086688409","error":""},"_links":{"self":[{"href":"https:\/\/www.europesays.com\/fr\/wp-json\/wp\/v2\/posts\/344284","targetHints":{"allow":["GET"]}}],"collection":[{"href":"https:\/\/www.europesays.com\/fr\/wp-json\/wp\/v2\/posts"}],"about":[{"href":"https:\/\/www.europesays.com\/fr\/wp-json\/wp\/v2\/types\/post"}],"author":[{"embeddable":true,"href":"https:\/\/www.europesays.com\/fr\/wp-json\/wp\/v2\/users\/2"}],"replies":[{"embeddable":true,"href":"https:\/\/www.europesays.com\/fr\/wp-json\/wp\/v2\/comments?post=344284"}],"version-history":[{"count":0,"href":"https:\/\/www.europesays.com\/fr\/wp-json\/wp\/v2\/posts\/344284\/revisions"}],"wp:featuredmedia":[{"embeddable":true,"href":"https:\/\/www.europesays.com\/fr\/wp-json\/wp\/v2\/media\/15349"}],"wp:attachment":[{"href":"https:\/\/www.europesays.com\/fr\/wp-json\/wp\/v2\/media?parent=344284"}],"wp:term":[{"taxonomy":"category","embeddable":true,"href":"https:\/\/www.europesays.com\/fr\/wp-json\/wp\/v2\/categories?post=344284"},{"taxonomy":"post_tag","embeddable":true,"href":"https:\/\/www.europesays.com\/fr\/wp-json\/wp\/v2\/tags?post=344284"}],"curies":[{"name":"wp","href":"https:\/\/api.w.org\/{rel}","templated":true}]}}