{"id":344285,"date":"2025-08-26T03:34:19","date_gmt":"2025-08-26T03:34:19","guid":{"rendered":"https:\/\/www.europesays.com\/fr\/344285\/"},"modified":"2025-08-26T03:34:19","modified_gmt":"2025-08-26T03:34:19","slug":"un-comportement-inadmissible-pourquoi-cest-dangereux-et-stupide-de-sauter-dun-pont-2","status":"publish","type":"post","link":"https:\/\/www.europesays.com\/fr\/344285\/","title":{"rendered":"\u00ab\u00a0Un comportement inadmissible\u00a0\u00bb\u2026 Pourquoi c\u2019est dangereux (et stupide) de sauter d\u2019un pont\u00a0?"},"content":{"rendered":"<p>Impressionnant mais inqui\u00e9tant. Samedi, du haut de la passerelle du Palais-de-Justice, \u00e0 <a href=\"https:\/\/www.20minutes.fr\/lyon\/\" class=\"c-link c-link--is-underlined\" target=\"_blank\" rel=\"noopener\">Lyon<\/a>, perch\u00e9e \u00e0 38 m\u00e8tres au-dessus de la Sa\u00f4ne, un homme a encha\u00een\u00e9 plusieurs figures avant de plonger dans le fleuve. Dans l\u2019eau, trois personnes l\u2019attendaient et l\u2019ont f\u00e9licit\u00e9. La sc\u00e8ne, captur\u00e9e par le <a href=\"https:\/\/x.com\/LamyGuillaume\/status\/1959142814521938319\" rel=\"nofollow\" target=\"_blank\" class=\"c-link c-link--is-underlined\">journaliste Guillaume Lamy,<\/a> a \u00e9t\u00e9 diffus\u00e9e sur les r\u00e9seaux sociaux et a rapidement fait r\u00e9agir les autorit\u00e9s locales.<\/p>\n<\/p>\n<p>\u00ab\u00a0Alors que de nombreux cas de noyades sont recens\u00e9s dans la m\u00e9tropole de Lyon ces derniers jours, cet individu met sa vie en danger. Professionnel ou pas ce comportement est irresponsable et dangereux\u00a0\u00bb, a d\u00e9nonc\u00e9 sur <a href=\"https:\/\/x.com\/prefetrhone\/status\/1959228449471508882\" rel=\"nofollow\" target=\"_blank\" class=\"c-link c-link--is-underlined\">X Fabienne Buccio, la pr\u00e9f\u00e8te de r\u00e9gion<\/a>.<\/p>\n<p>M\u00eame r\u00e9action du c\u00f4t\u00e9 de Mohamed Chihi, adjoint au maire de Lyon \u00e0 la s\u00e9curit\u00e9\u00a0: \u00ab\u00a0Ce geste, extr\u00eamement dangereux, aurait pu \u00eatre dramatique\u00a0\u00bb, a-t-il \u00e9crit sur <a href=\"https:\/\/bsky.app\/profile\/mohamedchihi.bsky.social\/post\/3lx67ensnys2g\" rel=\"nofollow noopener\" target=\"_blank\" class=\"c-link c-link--is-underlined\">BlueSky<\/a>. La municipalit\u00e9 avait d\u00e9j\u00e0 rappel\u00e9, au d\u00e9but de l\u2019\u00e9t\u00e9, que la baignade dans le Rh\u00f4ne et la Sa\u00f4ne, tout comme les sauts depuis les ponts, \u00e9taient \u00ab\u00a0strictement interdits\u00a0\u00bb en raison de leur dangerosit\u00e9.<\/p>\n<p>Un saut \u00e0 pr\u00e8s de 100\u00a0km\/h<\/p>\n<p>Au-del\u00e0 de l\u2019interdiction, le risque est bien r\u00e9el. \u00ab\u00a0Escalader jusqu\u2019en haut du pyl\u00f4ne \u00e9tait d\u00e9j\u00e0 tr\u00e8s dangereux, commente une source polici\u00e8re. Et ensuite, il y a le saut.\u00a0\u00bb \u00c0 38 m\u00e8tres de hauteur, l\u2019entr\u00e9e dans l\u2019eau \u00e9quivaut \u00e0 une vitesse proche de 100\u00a0km\/h, &#8211; selon le calcul de la vitesse th\u00e9orique d\u2019un corps en chute libre, sans vitesse initiale et en ne tenant pas compte des forces de frottement atmosph\u00e9rique mais seulement de la hauteur de la chute et la constante de gravit\u00e9 terrestre.<\/p>\n<p>\u00ab\u00a0S\u2019il \u00e9tait mal tomb\u00e9, il aurait pu avoir des s\u00e9quelles \u00e0 vie ou laisser une famille endeuill\u00e9e. C\u2019est inadmissible comme comportement\u00a0\u00bb, insiste cette m\u00eame source, appelant \u00e0 un peu \u00ab\u00a0de lucidit\u00e9\u00a0\u00bb.<\/p>\n<p>Des dangers invisibles<\/p>\n<p>Du c\u00f4t\u00e9 des Voies navigables de France (VNF), le message est tout aussi ferme. \u00ab\u00a0M\u00eame si c\u2019\u00e9tait un professionnel, \u00e7a ne donne pas du tout le bon exemple aux plus jeunes qui vont voir cette vid\u00e9o et qui vont penser que c\u2019est r\u00e9alisable\u00a0\u00bb, pr\u00e9vient St\u00e9phanie Saboya, charg\u00e9e de communication.<\/p>\n<blockquote class=\"twitter-tweet\" align=\"center\" data-lang=\"fr_FR\">\n<p lang=\"fr\" dir=\"ltr\">Alors que de nombreux cas de noyades sont recens\u00e9s dans la m\u00e9tropole de <a href=\"https:\/\/twitter.com\/hashtag\/Lyon?src=hash&amp;ref_src=twsrc%5Etfw\" target=\"_blank\" rel=\"noopener\">#Lyon<\/a> ces derniers jours, cet individu met sa vie en danger \u26a0\ufe0f <\/p>\n<p>Professionnel ou pas ce <br \/>comportement est irresponsable et dangereux \u274c\u274c<\/p>\n<p>Se baigner dans le Rh\u00f4ne et la Sa\u00f4ne est interdit \ud83d\udeab <a href=\"https:\/\/t.co\/PMv39lFMgx\">https:\/\/t.co\/PMv39lFMgx<\/a><\/p>\n<p>\u2014 Pr\u00e9f\u00e8te de r\u00e9gion Auvergne-Rh\u00f4ne-Alpes et du Rh\u00f4ne (@prefetrhone) <a href=\"https:\/\/twitter.com\/prefetrhone\/status\/1959228449471508882?ref_src=twsrc%5Etfw\" target=\"_blank\" rel=\"noopener\">August 23, 2025<\/a><\/p><\/blockquote>\n<p class=\"mb-xxl@xs color-ultramarine font-weight-semi-bold@xs font-source-serif-pro heading-s@xs\">L\u2019acc\u00e8s \u00e0 ce contenu a \u00e9t\u00e9 bloqu\u00e9 afin de respecter votre choix de consentement<\/p>\n<p class=\"mb-m@xs text-l@xs\">En cliquant sur\u00ab J\u2019accepte \u00bb, vous acceptez le d\u00e9p\u00f4t de cookies par des services externes et aurez ainsi acc\u00e8s aux contenus de nos partenaires.<\/p>\n<p class=\"mb-xl@xs text-s@xs\">Plus d\u2019informations sur la page<a href=\"https:\/\/www.20minutes.fr\/gestion-cookies\" class=\"mx-xxs@xs color-ultramarine\" target=\"_blank\" rel=\"noopener\">Politique de gestion des cookies<\/a><\/p>\n<p>J\u2019accepte<\/p>\n<p>Elle rappelle par ailleurs qu&rsquo;\u00ab\u00a0on ne sait jamais la profondeur r\u00e9elle ni ce qu\u2019il peut y avoir au fond des cours d\u2019eau\u00a0: barres m\u00e9talliques, blocs de b\u00e9ton, ouvrages du g\u00e9nie civil\u2026\u00a0\u00bb. De plus, rappelle-t-elle, les fleuves lyonnais sont soumis \u00e0 des courants puissants et impr\u00e9visibles. \u00ab\u00a0M\u00eame de tr\u00e8s bons nageurs n\u2019y font pas le poids, poursuit-elle. Ce n\u2019est pas pour rien qu\u2019il est interdit de se baigner. Si c\u2019est impossible, c\u2019est pour des raisons de s\u00e9curit\u00e9.\u00a0\u00bb<\/p>\n<p>Des campagnes de pr\u00e9vention<\/p>\n<p>Conscients de l\u2019attrait des rivi\u00e8res en p\u00e9riode de fortes chaleurs, les autorit\u00e9s locales m\u00e8nent depuis plusieurs ann\u00e9es des campagnes de sensibilisation, notamment aupr\u00e8s des jeunes, pour \u00e9viter les accidents. <a href=\"https:\/\/youtu.be\/t56DfQ465MA?feature=shared\" rel=\"nofollow noopener\" target=\"_blank\" class=\"c-link c-link--is-underlined\">Les pompiers du SDMIS<\/a>, en partenariat avec les services de la pr\u00e9fecture, ont notamment publi\u00e9 plusieurs vid\u00e9os. M\u00eame chose du c\u00f4t\u00e9 des VNF. \u00ab\u00a0L\u2019objectif est de rappeler que personne n\u2019est invincible\u00a0\u00bb, appuie St\u00e9phanie Saboya.<\/p>\n<p>\u00ab\u00a0M\u00eame s\u2019il n\u2019existe pas d\u2019infraction pour un saut du pont en tant que tel, par logique, la personne se retrouve ensuite dans l\u2019eau, et \u00e9tant donn\u00e9 que la baignade y est interdite, elle s\u2019expose \u00e0 une contravention\u00a0\u00bb, pointe-t-elle. Durant l\u2019\u00e9t\u00e9, les patrouilles des brigades fluviales de la police nationale sont renforc\u00e9es sur la Sa\u00f4ne et le Rh\u00f4ne pour effectuer des contr\u00f4les et lutter contre ces pratiques.<\/p>\n<p><a href=\"https:\/\/www.20minutes.fr\/dossier\/noyade\" class=\"c-link c-btn c-btn--primary\" target=\"_blank\" rel=\"noopener\">Notre dossier sur les noyades<\/a><\/p>\n<p>Entre le 1er\u00a0juin et le 13\u00a0ao\u00fbt, 85 noyades ont \u00e9t\u00e9 constat\u00e9es en Auvergne-Rh\u00f4ne-Alpes, dont 30 mortelles, selon Sant\u00e9 publique France. Pour \u00e9viter les drames, VNF met \u00e0 disposition sur son site une carte des lieux de baignades autoris\u00e9s et s\u00e9curis\u00e9s.<\/p>\n<p><script async src=\"https:\/\/platform.twitter.com\/widgets.js\" charset=\"utf-8\"><\/script><\/p>\n","protected":false},"excerpt":{"rendered":"Impressionnant mais inqui\u00e9tant. Samedi, du haut de la passerelle du Palais-de-Justice, \u00e0 Lyon, perch\u00e9e \u00e0 38 m\u00e8tres au-dessus&hellip;\n","protected":false},"author":2,"featured_media":344286,"comment_status":"","ping_status":"","sticky":false,"template":"","format":"standard","meta":{"footnotes":""},"categories":[1889],"tags":[1111,47,11,2430,4511,1777,674,1011,27,2428,12,1072,1311,25,2429,2431,4510,71,656,104],"class_list":{"0":"post-344285","1":"post","2":"type-post","3":"status-publish","4":"format-standard","5":"has-post-thumbnail","7":"category-lyon","8":"tag-actu","9":"tag-actualite","10":"tag-actualites","11":"tag-auvergne-rhone-alpes","12":"tag-danger","13":"tag-eu","14":"tag-europe","15":"tag-fr","16":"tag-france","17":"tag-lyon","18":"tag-news","19":"tag-police","20":"tag-pompiers","21":"tag-republique-francaise","22":"tag-rhone","23":"tag-rhone-alpes","24":"tag-risque","25":"tag-sante","26":"tag-securite","27":"tag-societe"},"share_on_mastodon":{"url":"https:\/\/pubeurope.com\/@fr\/115092970700351539","error":""},"_links":{"self":[{"href":"https:\/\/www.europesays.com\/fr\/wp-json\/wp\/v2\/posts\/344285","targetHints":{"allow":["GET"]}}],"collection":[{"href":"https:\/\/www.europesays.com\/fr\/wp-json\/wp\/v2\/posts"}],"about":[{"href":"https:\/\/www.europesays.com\/fr\/wp-json\/wp\/v2\/types\/post"}],"author":[{"embeddable":true,"href":"https:\/\/www.europesays.com\/fr\/wp-json\/wp\/v2\/users\/2"}],"replies":[{"embeddable":true,"href":"https:\/\/www.europesays.com\/fr\/wp-json\/wp\/v2\/comments?post=344285"}],"version-history":[{"count":0,"href":"https:\/\/www.europesays.com\/fr\/wp-json\/wp\/v2\/posts\/344285\/revisions"}],"wp:featuredmedia":[{"embeddable":true,"href":"https:\/\/www.europesays.com\/fr\/wp-json\/wp\/v2\/media\/344286"}],"wp:attachment":[{"href":"https:\/\/www.europesays.com\/fr\/wp-json\/wp\/v2\/media?parent=344285"}],"wp:term":[{"taxonomy":"category","embeddable":true,"href":"https:\/\/www.europesays.com\/fr\/wp-json\/wp\/v2\/categories?post=344285"},{"taxonomy":"post_tag","embeddable":true,"href":"https:\/\/www.europesays.com\/fr\/wp-json\/wp\/v2\/tags?post=344285"}],"curies":[{"name":"wp","href":"https:\/\/api.w.org\/{rel}","templated":true}]}}