{"id":344291,"date":"2025-08-26T03:38:14","date_gmt":"2025-08-26T03:38:14","guid":{"rendered":"https:\/\/www.europesays.com\/fr\/344291\/"},"modified":"2025-08-26T03:38:14","modified_gmt":"2025-08-26T03:38:14","slug":"coup-de-froid-diplomatique-entre-paris-et-washington-sur-fond-daccusation-dantisemitisme-rts-ch","status":"publish","type":"post","link":"https:\/\/www.europesays.com\/fr\/344291\/","title":{"rendered":"Coup de froid diplomatique entre Paris et Washington sur fond d&rsquo;accusation d&rsquo;antis\u00e9mitisme &#8211; rts.ch"},"content":{"rendered":"<p>L&rsquo;ambassadeur am\u00e9ricain en France Charles Kushner, proche de Donald Trump, \u00e9tait convoqu\u00e9 lundi au minist\u00e8re fran\u00e7ais des Affaires \u00e9trang\u00e8res. Cette mesure rarissime entre alli\u00e9s fait suite \u00e0 une lettre envoy\u00e9e \u00e0 Emmanuel Macron critiquant la gestion de l&rsquo;antis\u00e9mitisme par le gouvernement fran\u00e7ais.<\/p>\n<p>Dans une lettre adress\u00e9e au chef de l&rsquo;Etat, l&rsquo;ambassadeur exprime \u00ab\u00a0sa profonde inqui\u00e9tude face \u00e0 la flamb\u00e9e de l&rsquo;antis\u00e9mitisme en France et \u00e0 l&rsquo;absence d&rsquo;action suffisante de (son) gouvernement pour le combattre\u00a0\u00bb, rejoignant les critiques du Premier ministre isra\u00e9lien Benjamin Netanyahu.<\/p>\n<p>Selon l&rsquo;ambassadeur, \u00ab\u00a0il ne se passe pas un jour en France sans que des Juifs soient agress\u00e9s dans les rues, des synagogues et des \u00e9coles d\u00e9grad\u00e9es, et des entreprises appartenant \u00e0 des Juifs vandalis\u00e9es. Le minist\u00e8re de l&rsquo;Int\u00e9rieur de votre propre gouvernement constate que des \u00e9coles maternelles ont \u00e9t\u00e9 cibl\u00e9es par des d\u00e9gradations antis\u00e9mites\u00a0\u00bb.<\/p>\n<p>Les critiques du diplomate am\u00e9ricain, qui a r\u00e9cemment pris ses fonctions \u00e0 Paris, interviennent quelques jours apr\u00e8s une violente charge de Benjamin Netanyahu contre le pr\u00e9sident fran\u00e7ais qu&rsquo;il accuse \u00ab\u00a0d&rsquo;alimenter le feu antis\u00e9mite\u00a0\u00bb en appelant \u00e0 la reconnaissance internationale de l&rsquo;\u00c9tat de Palestine\u00a0\u00bb.<\/p>\n<p>Des accusations \u00ab\u00a0inacceptables\u00a0\u00bb<\/p>\n<p>Les accusations de Charles Kushner sont \u00ab\u00a0inacceptables\u00a0\u00bb, selon le porte-parole du minist\u00e8re fran\u00e7ais des Affaires \u00e9trang\u00e8res, qui les \u00ab\u00a0r\u00e9fute fermement\u00a0\u00bb: \u00ab\u00a0Elles vont \u00e0 l&rsquo;encontre du droit international, en particulier du devoir de ne pas s&rsquo;immiscer dans les affaires int\u00e9rieures des Etats (&#8230;). Elles ne sont par ailleurs pas \u00e0 la hauteur de la qualit\u00e9 du lien transatlantique entre la France et les Etats-Unis et de la confiance qui doit en r\u00e9sulter entre alli\u00e9s.\u00a0\u00bb<\/p>\n<p>L&rsquo;affaire prend \u00e9galement une dimension politique suppl\u00e9mentaire: Charles Kushner, sans exp\u00e9rience d&rsquo;ambassadeur et qui \u00e9tait jusque-l\u00e0 tr\u00e8s discret depuis sa prise de fonction \u00e0 Paris, n\u2019est autre que le p\u00e8re de Jared Kushner, gendre et ancien conseiller de Donald Trump. L&rsquo;ambassadeur est donc un proche du pr\u00e9sident des Etats-Unis.\u00a0<\/p>\n<p>Hausse des actes antis\u00e9mites en France<\/p>\n<p>Les actes antis\u00e9mites sont en nette progression en France depuis le 7 octobre 2023, date des attaques sans pr\u00e9c\u00e9dent du Hamas contre Isra\u00ebl et du d\u00e9clenchement de la guerre \u00e0 Gaza.<\/p>\n<p>Le contexte est particuli\u00e8rement d\u00e9licat puisque vit en France la plus grande communaut\u00e9 juive d&rsquo;Europe occidentale, avec environ 500&rsquo;000 personnes, en m\u00eame temps qu&rsquo;une tr\u00e8s importante communaut\u00e9 arabo-musulmane, tr\u00e8s sensible au sort des Palestiniens de Gaza.<\/p>\n<p>\u00ab\u00a0La mont\u00e9e des actes antis\u00e9mites en France depuis le 7 octobre 2023 est une r\u00e9alit\u00e9 que nous d\u00e9plorons et sur laquelle les autorit\u00e9s fran\u00e7aises font preuve d&rsquo;une mobilisation totale, tant ces actes sont intol\u00e9rables\u00a0\u00bb, a r\u00e9agi la diplomatie fran\u00e7aise.<\/p>\n<p class=\"sources\">lia avec ats<\/p>\n","protected":false},"excerpt":{"rendered":"L&rsquo;ambassadeur am\u00e9ricain en France Charles Kushner, proche de Donald Trump, \u00e9tait convoqu\u00e9 lundi au minist\u00e8re fran\u00e7ais des Affaires&hellip;\n","protected":false},"author":2,"featured_media":344292,"comment_status":"","ping_status":"","sticky":false,"template":"","format":"standard","meta":{"footnotes":""},"categories":[1888],"tags":[1111,1928,11,1927,1903,47802,312,75,1073,73,18087,1777,674,1011,27,3447,22341,17953,74,12,1926,626,1925,316,2543,25,2744],"class_list":{"0":"post-344291","1":"post","2":"type-post","3":"status-publish","4":"format-standard","5":"has-post-thumbnail","7":"category-paris","8":"tag-actu","9":"tag-actu-paris","10":"tag-actualites","11":"tag-actualites-paris","12":"tag-ambassadeur","13":"tag-charles-kushner","14":"tag-diplomatie","15":"tag-donald-trump","16":"tag-emmanuel-macron","17":"tag-etats-unis","18":"tag-etranger","19":"tag-eu","20":"tag-europe","21":"tag-fr","22":"tag-france","23":"tag-froid","24":"tag-lettre","25":"tag-ministere","26":"tag-monde","27":"tag-news","28":"tag-news-paris","29":"tag-paris","30":"tag-paris-news","31":"tag-politique","32":"tag-relations-internationales","33":"tag-republique-francaise","34":"tag-washington"},"share_on_mastodon":{"url":"https:\/\/pubeurope.com\/@fr\/115092986964169305","error":""},"_links":{"self":[{"href":"https:\/\/www.europesays.com\/fr\/wp-json\/wp\/v2\/posts\/344291","targetHints":{"allow":["GET"]}}],"collection":[{"href":"https:\/\/www.europesays.com\/fr\/wp-json\/wp\/v2\/posts"}],"about":[{"href":"https:\/\/www.europesays.com\/fr\/wp-json\/wp\/v2\/types\/post"}],"author":[{"embeddable":true,"href":"https:\/\/www.europesays.com\/fr\/wp-json\/wp\/v2\/users\/2"}],"replies":[{"embeddable":true,"href":"https:\/\/www.europesays.com\/fr\/wp-json\/wp\/v2\/comments?post=344291"}],"version-history":[{"count":0,"href":"https:\/\/www.europesays.com\/fr\/wp-json\/wp\/v2\/posts\/344291\/revisions"}],"wp:featuredmedia":[{"embeddable":true,"href":"https:\/\/www.europesays.com\/fr\/wp-json\/wp\/v2\/media\/344292"}],"wp:attachment":[{"href":"https:\/\/www.europesays.com\/fr\/wp-json\/wp\/v2\/media?parent=344291"}],"wp:term":[{"taxonomy":"category","embeddable":true,"href":"https:\/\/www.europesays.com\/fr\/wp-json\/wp\/v2\/categories?post=344291"},{"taxonomy":"post_tag","embeddable":true,"href":"https:\/\/www.europesays.com\/fr\/wp-json\/wp\/v2\/tags?post=344291"}],"curies":[{"name":"wp","href":"https:\/\/api.w.org\/{rel}","templated":true}]}}