{"id":344295,"date":"2025-08-26T03:40:12","date_gmt":"2025-08-26T03:40:12","guid":{"rendered":"https:\/\/www.europesays.com\/fr\/344295\/"},"modified":"2025-08-26T03:40:12","modified_gmt":"2025-08-26T03:40:12","slug":"la-bourse-de-paris-recule-les-taux-demprunt-de-la-france-frolent-ceux-de-litalie","status":"publish","type":"post","link":"https:\/\/www.europesays.com\/fr\/344295\/","title":{"rendered":"la Bourse de Paris recule, les taux d\u2019emprunt de la France fr\u00f4lent ceux de l\u2019Italie"},"content":{"rendered":"<p><strong>D\u00c9CRYPTAGE <\/strong>&#8211; L\u2019annonce du premier ministre d\u2019un vote de confiance le 8\u00a0septembre a fait grimper \u00e0 plus 3,50\u00a0% le taux auquel l\u2019\u00c9tat emprunte \u00e0 dix ans, tout proche de celui de notre voisin transalpin.<\/p>\n<p class=\"fig-paragraph\">La s\u00e9ance de\u00a0<a href=\"http:\/\/www.lefigaro.fr\/flash-eco\/la-bourse-de-paris-en-petite-baisse-lestee-par-l-aversion-pour-le-risque-20250820\" data-fig-type=\"NewsFlash\" data-gtm-custom-categorie=\"navigation\" data-gtm-custom-action=\"crossclick\" data-gtm-custom-label=\"Contextuel\" data-gtm-event=\"customEventSPE\" data-fig-domain=\"LEFIGARO\" target=\"_blank\" rel=\"noopener\">la Bourse de Paris\u00a0<\/a>n\u2019\u00e9tait pas termin\u00e9e lorsque Fran\u00e7ois Bayrou a annonc\u00e9 qu\u2019il engagerait la confiance de son gouvernement le 8\u00a0septembre. Les investisseurs n\u2019aimant rien moins que l\u2019incertitude,\u00a0<a href=\"http:\/\/www.lefigaro.fr\/societes\/les-profits-des-fleurons-du-cac-40-affectes-par-les-turbulences-mondiales-20250801\" data-fig-type=\"Article\" data-gtm-custom-categorie=\"navigation\" data-gtm-custom-action=\"crossclick\" data-gtm-custom-label=\"Contextuel\" data-gtm-event=\"customEventSPE\" data-fig-domain=\"LEFIGARO\" target=\"_blank\" rel=\"noopener\">le CAC\u00a040<\/a>\u00a0a accentu\u00e9 en fin d\u2019apr\u00e8s-midi son recul entam\u00e9 dans la journ\u00e9e. R\u00e9sultat, l\u2019indice phare de la Bourse de Paris a termin\u00e9 la journ\u00e9e en recul de 1,59\u00a0% lorsque Francfort ne l\u00e2chait que 0,37\u00a0% et Milan 0,19\u00a0%. \u00ab\u00a0Les march\u00e9s voient bien que la survie de Fran\u00e7ois Bayrou \u00e0 son poste de premier ministre est de moins en moins assur\u00e9e\u00a0\u00bb et que \u00ab\u00a0son gouvernement ne tient plus qu\u2019\u00e0 un fil\u00a0\u00bb, explique \u00e0 l\u2019AFP Vincent Juvyns, strat\u00e9giste \u00e0 ING.<\/p>\n<p class=\"fig-paragraph\">Surtout, il est un thermom\u00e8tre, particuli\u00e8rement guett\u00e9 par les responsables politiques comme par les analystes\u00a0: le taux auquel la France emprunte sur les march\u00e9s. Le taux \u00e0 dix ans qui refl\u00e8te la confiance des grands investisseurs &#8211; banques, fonds de pension, assureurs &#8211; dans la dette d\u2019un pays, s\u2019est nettement tendu. Dans les\u2026<\/p>\n<p class=\"fig-premium-paywall__infos\">\n        Cet article est r\u00e9serv\u00e9 aux abonn\u00e9s.        Il vous reste 77% \u00e0 d\u00e9couvrir.\n    <\/p>\n<p>                <img  data- alt=\"Le Figaro\" class=\"fig-img--complete fig-img\"\/><\/p>\n<p class=\"fig-premium-paywall__title\">Vente Flash<\/p>\n<p class=\"fig-premium-paywall__subtitle\">4,99\u20ac par mois pendant 12 mois. Sans engagement<\/p>\n<p class=\"fig-premium-paywall__connect\">\n                D\u00e9j\u00e0 abonn\u00e9\u00a0?                <a class=\"fig-premium-paywall__connect-link\" href=\"https:\/\/connect.lefigaro.fr\/login?client=horizon_web&amp;type=main&amp;redirect_uri=https%3A%2F%2Fwww.lefigaro.fr%2Fpolitique%2Fvote-de-confiance-de-francois-bayrou-la-bourse-de-paris-recule-les-taux-d-emprunt-de-la-france-frolent-ceux-de-l-italie-20250825\" data-js-gtm=\"{&quot;customCategorie&quot;: &quot;conversion&quot;, &quot;customAction&quot;: &quot;before_Landing_Connexion_paywall_auto&quot;, &quot;customLabel&quot;: &quot;bGVmaWdhcm8uZnJfXzFmMDgxY2JiLTlhYjQtNjdkYy05MjIyLTA1Mzc2N2ZiOTZlMF9fQXJ0aWNsZQ==_Vote de confiance de Fran\u00e7ois Bayrou\u00a0: la Bourse de Paris recule, les taux d\u2019emprunt de la France fr\u00f4lent ceux de l\u2019Italie_332&quot;, &quot;customIDSPE&quot;: &quot;bGVmaWdhcm8uZnJfXzFmMDgxY2JiLTlhYjQtNjdkYy05MjIyLTA1Mzc2N2ZiOTZlMF9fQXJ0aWNsZQ==&quot;, &quot;event&quot;: &quot;customEventSPE&quot;}\" target=\"_blank\" rel=\"noopener\"><br \/>\n                    Connectez-vous<br \/>\n                <\/a>\n            <\/p>\n","protected":false},"excerpt":{"rendered":"D\u00c9CRYPTAGE &#8211; L\u2019annonce du premier ministre d\u2019un vote de confiance le 8\u00a0septembre a fait grimper \u00e0 plus 3,50\u00a0%&hellip;\n","protected":false},"author":2,"featured_media":344296,"comment_status":"","ping_status":"","sticky":false,"template":"","format":"standard","meta":{"footnotes":""},"categories":[1888],"tags":[11,340,1003,7993,1777,674,1011,27,431,12,626,25],"class_list":{"0":"post-344295","1":"post","2":"type-post","3":"status-publish","4":"format-standard","5":"has-post-thumbnail","7":"category-paris","8":"tag-actualites","9":"tag-bourse","10":"tag-budget","11":"tag-dette-publique","12":"tag-eu","13":"tag-europe","14":"tag-fr","15":"tag-france","16":"tag-francois-bayrou","17":"tag-news","18":"tag-paris","19":"tag-republique-francaise"},"share_on_mastodon":{"url":"https:\/\/pubeurope.com\/@fr\/115092994422257900","error":""},"_links":{"self":[{"href":"https:\/\/www.europesays.com\/fr\/wp-json\/wp\/v2\/posts\/344295","targetHints":{"allow":["GET"]}}],"collection":[{"href":"https:\/\/www.europesays.com\/fr\/wp-json\/wp\/v2\/posts"}],"about":[{"href":"https:\/\/www.europesays.com\/fr\/wp-json\/wp\/v2\/types\/post"}],"author":[{"embeddable":true,"href":"https:\/\/www.europesays.com\/fr\/wp-json\/wp\/v2\/users\/2"}],"replies":[{"embeddable":true,"href":"https:\/\/www.europesays.com\/fr\/wp-json\/wp\/v2\/comments?post=344295"}],"version-history":[{"count":0,"href":"https:\/\/www.europesays.com\/fr\/wp-json\/wp\/v2\/posts\/344295\/revisions"}],"wp:featuredmedia":[{"embeddable":true,"href":"https:\/\/www.europesays.com\/fr\/wp-json\/wp\/v2\/media\/344296"}],"wp:attachment":[{"href":"https:\/\/www.europesays.com\/fr\/wp-json\/wp\/v2\/media?parent=344295"}],"wp:term":[{"taxonomy":"category","embeddable":true,"href":"https:\/\/www.europesays.com\/fr\/wp-json\/wp\/v2\/categories?post=344295"},{"taxonomy":"post_tag","embeddable":true,"href":"https:\/\/www.europesays.com\/fr\/wp-json\/wp\/v2\/tags?post=344295"}],"curies":[{"name":"wp","href":"https:\/\/api.w.org\/{rel}","templated":true}]}}