{"id":344297,"date":"2025-08-26T03:41:10","date_gmt":"2025-08-26T03:41:10","guid":{"rendered":"https:\/\/www.europesays.com\/fr\/344297\/"},"modified":"2025-08-26T03:41:10","modified_gmt":"2025-08-26T03:41:10","slug":"typhon-au-vietnam-liban-kilmar-abrego-garcia-russie-fed-les-informations-de-la-nuit-courrier-international","status":"publish","type":"post","link":"https:\/\/www.europesays.com\/fr\/344297\/","title":{"rendered":"Typhon au Vietnam, Liban, Kilmar Abrego Garc\u00eda, Russie, Fed : les informations de la nuit &#8211; Courrier international"},"content":{"rendered":"<ol>\n<li><a href=\"https:\/\/news.google.com\/rss\/articles\/CBMi8wFBVV95cUxNektVREtRSW1LSUdod0RTYmxXVWNRNElrejBIOVZteXJTU0tpSjZSeWJSeWhYZEt3Z0VXRTVON3A5TWxxdmlKdFRpdDNvVE9IUG82U1JhQXZreHN5cFNlNUJ2NDRicEJ6NTZKNjd1Y1FybEV2N2RDX0JuRERmeVQtMXFPb0txUWNoQ0dFQzR1eHVXZWVxVXFxd05CaFNlbG9QNjI3amZyakcxemtJeUROZnpFM0UxYmRGQThWM1d4a2JyWGVBZFRoaTdIYUd2c05OZTJ1ZXVIcVlVclkteVFZNFozUkJjYXkxM3FubmJUR05FMzA?oc=5\" target=\"_blank\" rel=\"nofollow noopener\">Typhon au Vietnam, Liban, Kilmar Abrego Garc\u00eda, Russie, Fed : les informations de la nuit<\/a>&nbsp;&nbsp;Courrier international<\/li>\n<li><a href=\"https:\/\/news.google.com\/rss\/articles\/CBMi6wFBVV95cUxOVTc1VmVMNm5RWlZwNDNEXzBUbmsxODlnU3JhYU9idzhidmZ0bkhSYzRmVFhZLWhGZmROMm93NHhLVkV4alhEUFNGczFhZzBkOGhiZDNZbWFfeFpMc09ySjBidEN2Z2hzZTBUdFJfbmV4QUVlWHo2T000emRyOWNSdmhlc0JaYVhHSEFWRzFzaFMzT3JmcDZxZjVPV3Fud0NGQnB5dGZrM2NnU3RwdlVfY216ZTRWMTkwcEI5Q1dlS3lHb19ZM2tVTWtJWFpiTC1ueXlqM0RtQmtseVJnYzdOdFZpSmVRdV9HaDNJ?oc=5\" target=\"_blank\" rel=\"nofollow noopener\">Au Vietnam, le typhon Kajiki a atteint les c\u00f4tes ; un mort et plusieurs dizaines de milliers de personnes \u00e9vacu\u00e9es<\/a>&nbsp;&nbsp;Le Monde.fr<\/li>\n<li><a href=\"https:\/\/news.google.com\/rss\/articles\/CBMixwFBVV95cUxPVTM0TGhiR0dQamxpdUxBbk83ejk0ZWs3bHptZHRYWGI3cVNRWFJubkRaSXlLMXJTVDVMc3d6eWdhVTY4S2pzZ21oUGFJV2tTOVZXQWwzMEFqYVRfQWs4SXU2d0lyNHNsR0hKRDhHQkg0eHlKQ0ZBb3Y3MHBrSF9kY1hyYmVGZFpMbjJvSkdiZERWaUg3b2pSNkE5Y19TSGNNcVFla2UyVGFubFhwUE1HYzNtRjk0d1dWSVpUQTdfY3ZvQ0lmN2tr?oc=5\" target=\"_blank\" rel=\"nofollow noopener\">Le typhon Kajiki fait 3 morts au Vietnam et inonde les rues de Hano\u00ef<\/a>&nbsp;&nbsp;Zonebourse Suisse<\/li>\n<li><a href=\"https:\/\/news.google.com\/rss\/articles\/CBMivAFBVV95cUxOakczNkFLME9LQ2FLQXJtU0NHcmEtUW1VU1BqRzE5TTdNY2NXWHNvV2h3cVllbTZaLUJibjFwcDBnajk3eTc5ekFvZnpyZ2NJNnVXdFZVcDZMdDhjbm8wN0gwTHRzRTYyNjJEb0RaVGJEaV9EdUI2d1VkLWdBaTh4eVNFalljcEpQWnRIMm9rb0ZqdUlyWTdieUl0dVVia0QzblRldWRYdER3VzhiNXdMN0pCLXdZRVlnUXZWaA?oc=5\" target=\"_blank\" rel=\"nofollow noopener\">Le typhon Kajiki s&rsquo;approche du Vietnam, plus de 325.000 personnes \u00e9vacu\u00e9es<\/a>&nbsp;&nbsp;Le Figaro<\/li>\n<li><a href=\"https:\/\/news.google.com\/rss\/articles\/CBMiugFBVV95cUxPT2Z2eEFSRVJiM25CM1VSLWp1Q0RMR1ZGYXRkYXV1MlVRaGxBc1FqaHRFR0tuUFQ4aEktR0JfdFpxM3ZJbFROVVhyM2xVaDI2Zm1iY1lQVm13eTBRWXdyNENqLVduZUVVRWh5UmtFaGFCaFoteVFDQlBiMW10ald0LVdoNWM2RkFqZEVHQzR1MW4xeVQ5Z0Fvak4tMEJLUGdBZy1yNk5LZUwtbXBBR0Y0RmFSTzRiX1pTTXc?oc=5\" target=\"_blank\" rel=\"nofollow noopener\">Des milliers d\u2019\u00e9vacuations au Vietnam \u00e0 l\u2019arriv\u00e9e du typhon Kajiki<\/a>&nbsp;&nbsp;20 Minutes<\/li>\n<\/ol>\n","protected":false},"excerpt":{"rendered":"Typhon au Vietnam, Liban, Kilmar Abrego Garc\u00eda, Russie, Fed : les informations de la nuit&nbsp;&nbsp;Courrier international Au Vietnam,&hellip;\n","protected":false},"author":2,"featured_media":344298,"comment_status":"","ping_status":"","sticky":false,"template":"","format":"standard","meta":{"footnotes":""},"categories":[1591],"tags":[11,3822,6060,4779,4732,75,674,1887,27,48059,7295,1061,16785,12404,3257,12,4409,1885,1886,132,2941,17345,770,951],"class_list":{"0":"post-344297","1":"post","2":"type-post","3":"status-publish","4":"format-standard","5":"has-post-thumbnail","7":"category-russie","8":"tag-actualites","9":"tag-amu00e9riques","10":"tag-asie","11":"tag-banque-centrale","12":"tag-catastrophe-naturelle","13":"tag-donald-trump","14":"tag-europe","15":"tag-federation-de-russie","16":"tag-france","17":"tag-guerre-israu00ebl-hezbollah","18":"tag-hezbollah","19":"tag-immigration","20":"tag-israu00ebl","21":"tag-liban","22":"tag-moyen-orient","23":"tag-news","24":"tag-ru00e9veil","25":"tag-russia","26":"tag-russian-federation","27":"tag-russie","28":"tag-salvador","29":"tag-sciences-et-environnement","30":"tag-u00e9tats-unis","31":"tag-vietnam"},"share_on_mastodon":{"url":"https:\/\/pubeurope.com\/@fr\/115092998693164713","error":""},"_links":{"self":[{"href":"https:\/\/www.europesays.com\/fr\/wp-json\/wp\/v2\/posts\/344297","targetHints":{"allow":["GET"]}}],"collection":[{"href":"https:\/\/www.europesays.com\/fr\/wp-json\/wp\/v2\/posts"}],"about":[{"href":"https:\/\/www.europesays.com\/fr\/wp-json\/wp\/v2\/types\/post"}],"author":[{"embeddable":true,"href":"https:\/\/www.europesays.com\/fr\/wp-json\/wp\/v2\/users\/2"}],"replies":[{"embeddable":true,"href":"https:\/\/www.europesays.com\/fr\/wp-json\/wp\/v2\/comments?post=344297"}],"version-history":[{"count":0,"href":"https:\/\/www.europesays.com\/fr\/wp-json\/wp\/v2\/posts\/344297\/revisions"}],"wp:featuredmedia":[{"embeddable":true,"href":"https:\/\/www.europesays.com\/fr\/wp-json\/wp\/v2\/media\/344298"}],"wp:attachment":[{"href":"https:\/\/www.europesays.com\/fr\/wp-json\/wp\/v2\/media?parent=344297"}],"wp:term":[{"taxonomy":"category","embeddable":true,"href":"https:\/\/www.europesays.com\/fr\/wp-json\/wp\/v2\/categories?post=344297"},{"taxonomy":"post_tag","embeddable":true,"href":"https:\/\/www.europesays.com\/fr\/wp-json\/wp\/v2\/tags?post=344297"}],"curies":[{"name":"wp","href":"https:\/\/api.w.org\/{rel}","templated":true}]}}