{"id":344305,"date":"2025-08-26T03:45:20","date_gmt":"2025-08-26T03:45:20","guid":{"rendered":"https:\/\/www.europesays.com\/fr\/344305\/"},"modified":"2025-08-26T03:45:20","modified_gmt":"2025-08-26T03:45:20","slug":"lallemagne-sengage-a-maintenir-a-9-milliards-deuros-par-an-laide-a-lukraine","status":"publish","type":"post","link":"https:\/\/www.europesays.com\/fr\/344305\/","title":{"rendered":"L&rsquo;Allemagne s&rsquo;engage \u00e0 maintenir \u00e0 9 milliards d&rsquo;euros par an l&rsquo;aide \u00e0 l&rsquo;Ukraine"},"content":{"rendered":"<p>Lundi matin, le ministre des Finances et vice-chancelier Lars Klingbeil (SPD) est arriv\u00e9 en Ukraine. Il est descendu du train \u00e0 la gare de Kiev avec une grande serviette noire. Dans ses bagages : encore plus de soutien allemand !<\/p>\n<p>Sa visite n&rsquo;avait pas \u00e9t\u00e9 annonc\u00e9e, mais elle avait \u00e9t\u00e9 bien pr\u00e9par\u00e9e en interne. Face \u00e0 la presse \u00e0 Kiev, Klingbeil a soulign\u00e9 que le gouvernement f\u00e9d\u00e9ral ne se d\u00e9roberait pas, que l&rsquo;Allemagne participerait aux garanties de s\u00e9curit\u00e9 pour l&rsquo;Ukraine. Le renforcement de l&rsquo;arm\u00e9e ukrainienne est d&rsquo;une importance capitale, a-t-il ajout\u00e9. \u00ab\u00a0Cela doit continuer !\u00a0\u00bb<\/p>\n<p>La production d&rsquo;armements en Ukraine doit \u00e9galement \u00eatre augment\u00e9e, a expliqu\u00e9 Klingbeil. Le gouvernement allemand pr\u00e9voit de consacrer neuf milliards d&rsquo;euros par an \u00e0 l&rsquo;Ukraine dans le budget des prochaines ann\u00e9es.<\/p>\n<p><img decoding=\"async\" class=\"caas-img caas-lazy has-preview\" alt=\"Le ministre des Finances Lars Klingbeil (SPD) souhaite continuer \u00e0 soutenir l'Ukraine. (Photo d'archive)\" src=\"https:\/\/www.europesays.com\/fr\/wp-content\/uploads\/2025\/08\/84fe319b87a40eae9f62a7aac340430a.jpeg\"\/><\/p>\n<p> Le ministre des Finances Lars Klingbeil (SPD) souhaite continuer \u00e0 soutenir l&rsquo;Ukraine. (Photo d&rsquo;archive)   &#8211; Public domain: Bundesministerium der Finanzen, X. <\/p>\n<p>Klingbeil a clairement d\u00e9clar\u00e9 : \u00ab\u00a0Poutine ne doit pas se faire d&rsquo;illusions sur le fait que notre soutien \u00e0 l&rsquo;Ukraine pourrait s&rsquo;effriter\u00a0\u00bb.<\/p>\n<p>La nuit pr\u00e9c\u00e9dente, la Russie avait attaqu\u00e9 l&rsquo;Ukraine avec des drones, notamment dans la r\u00e9gion de Soumy. L&rsquo;attaque aurait fait un mort et neuf bless\u00e9s. Des infrastructures civiles auraient \u00e9galement \u00e9t\u00e9 touch\u00e9es.<\/p>\n<p>Depuis la guerre d&rsquo;agression russe contre l&rsquo;Ukraine, le gouvernement allemand a d\u00e9j\u00e0 d\u00e9pens\u00e9 50,5 milliards pour l&rsquo;aide jusqu&rsquo;\u00e0 fin 2024.<\/p>\n<ul class=\"caas-list caas-list-bullet\">\n<li>\n<p>25 milliards d&rsquo;euros sont consacr\u00e9s \u00e0 l&rsquo;accueil des r\u00e9fugi\u00e9s ukrainiens (accueil, soins, programmes, allocation citoyenne).<\/p>\n<\/li>\n<li>\n<p>Dix-sept milliards ont \u00e9t\u00e9 consacr\u00e9s au soutien militaire (armes, formation, r\u00e9paration, communication par satellite).<\/p>\n<\/li>\n<li>\n<p>Pr\u00e8s de sept milliards ont \u00e9t\u00e9 consacr\u00e9s \u00e0 l&rsquo;aide civile (infrastructures, \u00e9nergie).<\/p>\n<\/li>\n<li>\n<p>Pr\u00e8s de deux milliards ont \u00e9t\u00e9 allou\u00e9s au budget ukrainien (salaires des fonctionnaires).<\/p>\n<\/li>\n<\/ul>\n<p><img decoding=\"async\" class=\"caas-img caas-lazy has-preview\" alt=\"Lars Klingbeil (SPD) et Friedrich Merz (CDU) sont d'accord sur la question de l'aide financi\u00e8re \u00e0 l'Ukraine\" src=\"https:\/\/www.europesays.com\/fr\/wp-content\/uploads\/2025\/08\/76b4f22c4dc89b0b36592bda1e104e34.jpeg\"\/><\/p>\n<p> Lars Klingbeil (SPD) et Friedrich Merz (CDU) sont d&rsquo;accord sur la question de l&rsquo;aide financi\u00e8re \u00e0 l&rsquo;Ukraine   &#8211; Ebrahim Noroozi\/Copyright 2025 The AP. All rights reserved <\/p>\n<p><strong>Le nouveau gouvernement noir-rouge n&rsquo;a en tout cas pas l&rsquo;intention de r\u00e9duire l&rsquo;aide \u00e0 l&rsquo;Ukraine. 8,3 milliards d&rsquo;euros viendront s&rsquo;ajouter en 2025. Pour 2026 et 2027, Lars Klingbeil pr\u00e9voit de rajouter 18 milliards d&rsquo;euros, soit 8,5 milliards par an.<\/strong><\/p>\n<p><b class=\"c-widget-related__title__text\">Related<\/b><\/p>\n<p><strong>Le ministre des Finances du SPD laisse entrevoir un soutien suppl\u00e9mentaire<\/strong><\/p>\n<p><strong>Mais apparemment, une aide financi\u00e8re encore plus importante pourrait bient\u00f4t venir d&rsquo;Allemagne, notamment si la paix venait \u00e0 s&rsquo;installer.<\/strong><\/p>\n<p>\u00ab\u00a0Je cherche \u00e0 discuter de la mani\u00e8re dont l&rsquo;Allemagne peut soutenir au mieux l&rsquo;Ukraine dans un \u00e9ventuel processus de paix\u00a0\u00bb, a d\u00e9clar\u00e9 Klingbeil. Il le ferait en \u00e9troite collaboration avec le chancelier Friedrich Merz (CDU).<\/p>\n<p>Dans le m\u00eame temps, le vice-chancelier SPD Klingbeil s&rsquo;est prononc\u00e9 en faveur d&rsquo;un cessez-le-feu et de n\u00e9gociations de paix : \u00ab\u00a0Pendant que l&rsquo;on n\u00e9gocie la paix, il ne faut pas que des gens continuent \u00e0 mourir tous les jours \u00e0 cause des attaques brutales de la Russie\u00a0\u00bb, c&rsquo;est pourquoi il faut parvenir \u00e0 \u00ab\u00a0un cessez-le-feu\u00a0\u00bb.<\/p>\n<p><img decoding=\"async\" class=\"caas-img caas-lazy has-preview\" alt=\"Le ministre SPD Lars Klingbeil lundi en Ukraine\" src=\"https:\/\/www.europesays.com\/fr\/wp-content\/uploads\/2025\/08\/24b5615191a3c7a05032986531dbb516.jpeg\"\/><\/p>\n<p> Le ministre SPD Lars Klingbeil lundi en Ukraine   &#8211; Public domain: Bundesministerium der Finanzen, X. <\/p>\n<p>Les attentes de l&rsquo;aide financi\u00e8re allemande pour une \u00e9ventuelle reconstruction ont \u00e9t\u00e9 grandes d\u00e8s le d\u00e9but. En 2022, le gouvernement ukrainien a exprim\u00e9 l&rsquo;espoir que l&rsquo;Allemagne pourrait contribuer \u00e0 hauteur de 500 millions d&rsquo;euros par mois \u00e0 la reconstruction.<\/p>\n<p><strong>Selon les estimations de Kiev, une reconstruction co\u00fbtera plus de 850 milliards d&rsquo;euros sur une p\u00e9riode de 14 ans. \u00ab\u00a0Notre conception pr\u00e9voit la cr\u00e9ation de deux fonds\u00a0\u00bb, a d\u00e9clar\u00e9 en juillet le Premier ministre Denys Schmyhal lors d&rsquo;une conf\u00e9rence sur la reconstruction \u00e0 Rome.<\/strong><\/p>\n<p><img decoding=\"async\" class=\"caas-img caas-lazy has-preview\" alt=\"Le pr\u00e9sident am\u00e9ricain Donald Trump tente d'organiser des n\u00e9gociations de paix entre l'Ukraine et la Russie.\" src=\"https:\/\/www.europesays.com\/fr\/wp-content\/uploads\/2025\/08\/50d684fe96881c8693180110ac3effed.jpeg\"\/><\/p>\n<p> Le pr\u00e9sident am\u00e9ricain Donald Trump tente d&rsquo;organiser des n\u00e9gociations de paix entre l&rsquo;Ukraine et la Russie.   &#8211; Alex Brandon\/Copyright 2025 The AP. All rights reserved <\/p>\n<p>Lors de sa visite en Ukraine, Lars Klingbeil n&rsquo;a pas pr\u00e9cis\u00e9 comment l&rsquo;Allemagne pourrait soutenir l&rsquo;Ukraine sur le th\u00e8me des garanties de s\u00e9curit\u00e9. Il n&rsquo;a pas \u00e9voqu\u00e9 \u00e0 Kiev la question de savoir si des soldats allemands pourraient ou non \u00eatre stationn\u00e9s en Ukraine.<\/p>\n<p>Il y a quelques jours, Klingbeil a d\u00e9clar\u00e9 \u00e0 la cha\u00eene de t\u00e9l\u00e9vision Sat.1 que pour avoir la certitude de ne plus \u00eatre attaqu\u00e9e, l&rsquo;Ukraine avait \u00ab\u00a0avant tout besoin d&rsquo;une arm\u00e9e ukrainienne forte\u00a0\u00bb. Klingbeil a poursuivi : \u00ab\u00a0Nous verrons ensuite ce qui peut encore \u00eatre fait. Mais que ce soit des soldats allemands ou non, cette question ne se pose pas en ce moment\u00a0\u00bb.<\/p>\n<p>Les Allemands sont du m\u00eame avis. Lors d&rsquo;un sondage r\u00e9alis\u00e9 par l&rsquo;institut de sondage Civey pour web.de , 51 pour cent des personnes interrog\u00e9es se sont prononc\u00e9es contre la participation allemande \u00e0 une mission de paix en Ukraine. Seuls 36 pour cent des personnes interrog\u00e9es trouveraient cela juste.<\/p>\n","protected":false},"excerpt":{"rendered":"Lundi matin, le ministre des Finances et vice-chancelier Lars Klingbeil (SPD) est arriv\u00e9 en Ukraine. Il est descendu&hellip;\n","protected":false},"author":2,"featured_media":344306,"comment_status":"","ping_status":"","sticky":false,"template":"","format":"standard","meta":{"footnotes":""},"categories":[1587],"tags":[11,672,1804,48060,1805,1803,1777,674,4710,45221,1801,11229,5493,25028,8972,12,1802,220],"class_list":{"0":"post-344305","1":"post","2":"type-post","3":"status-publish","4":"format-standard","5":"has-post-thumbnail","7":"category-allemagne","8":"tag-actualites","9":"tag-allemagne","10":"tag-bundesrepublik-deutschland","11":"tag-communication-par-satellite","12":"tag-de","13":"tag-deutschland","14":"tag-eu","15":"tag-europe","16":"tag-friedrich-merz","17":"tag-garanties-de-securite","18":"tag-germany","19":"tag-kiev","20":"tag-lukraine","21":"tag-lars-klingbeil","22":"tag-milliards-deuros","23":"tag-news","24":"tag-republique-federale-dallemagne","25":"tag-ukraine"},"share_on_mastodon":{"url":"https:\/\/pubeurope.com\/@fr\/115093014620985761","error":""},"_links":{"self":[{"href":"https:\/\/www.europesays.com\/fr\/wp-json\/wp\/v2\/posts\/344305","targetHints":{"allow":["GET"]}}],"collection":[{"href":"https:\/\/www.europesays.com\/fr\/wp-json\/wp\/v2\/posts"}],"about":[{"href":"https:\/\/www.europesays.com\/fr\/wp-json\/wp\/v2\/types\/post"}],"author":[{"embeddable":true,"href":"https:\/\/www.europesays.com\/fr\/wp-json\/wp\/v2\/users\/2"}],"replies":[{"embeddable":true,"href":"https:\/\/www.europesays.com\/fr\/wp-json\/wp\/v2\/comments?post=344305"}],"version-history":[{"count":0,"href":"https:\/\/www.europesays.com\/fr\/wp-json\/wp\/v2\/posts\/344305\/revisions"}],"wp:featuredmedia":[{"embeddable":true,"href":"https:\/\/www.europesays.com\/fr\/wp-json\/wp\/v2\/media\/344306"}],"wp:attachment":[{"href":"https:\/\/www.europesays.com\/fr\/wp-json\/wp\/v2\/media?parent=344305"}],"wp:term":[{"taxonomy":"category","embeddable":true,"href":"https:\/\/www.europesays.com\/fr\/wp-json\/wp\/v2\/categories?post=344305"},{"taxonomy":"post_tag","embeddable":true,"href":"https:\/\/www.europesays.com\/fr\/wp-json\/wp\/v2\/tags?post=344305"}],"curies":[{"name":"wp","href":"https:\/\/api.w.org\/{rel}","templated":true}]}}