{"id":344309,"date":"2025-08-26T03:47:30","date_gmt":"2025-08-26T03:47:30","guid":{"rendered":"https:\/\/www.europesays.com\/fr\/344309\/"},"modified":"2025-08-26T03:47:30","modified_gmt":"2025-08-26T03:47:30","slug":"du-point-du-vue-du-droit-ce-nest-pas-insurmontable-et-si-le-canada-rejoignait-lunion-europeenne-pour-de-vrai","status":"publish","type":"post","link":"https:\/\/www.europesays.com\/fr\/344309\/","title":{"rendered":"\u00ab\u00a0Du point du vue du droit, ce n\u2019est pas insurmontable\u00a0\u00bb et si le Canada rejoignait l\u2019Union europ\u00e9enne pour de vrai\u00a0?"},"content":{"rendered":"<p>Et si le vingt-huiti\u00e8me pays de l\u2019<a href=\"https:\/\/www.20minutes.fr\/dossier\/ue\" class=\"c-link c-link--is-underlined\" target=\"_blank\" rel=\"noopener\">Union europ\u00e9enne<\/a> se trouvait de l\u2019autre c\u00f4t\u00e9 de la mer\u00a0? Non, pas le <a href=\"https:\/\/www.20minutes.fr\/monde\/royaume-uni\/\" class=\"c-link c-link--is-underlined\" target=\"_blank\" rel=\"noopener\">Royaume-Uni<\/a>, qui a quitt\u00e9 l\u2019UE depuis dix ans, mais en Am\u00e9rique. Lundi, <a href=\"https:\/\/abacusdata.ca\/what-canadians-think-about-canada-joining-the-european-union\/\" rel=\"nofollow noopener\" target=\"_blank\" class=\"c-link c-link--is-underlined\">l\u2019institut Abacus a publi\u00e9 une \u00e9tude<\/a> qui indique que 44\u00a0% des Canadiens serait favorable \u00e0 l\u2019id\u00e9e de rejoindre l\u2019Union europ\u00e9enne.<\/p>\n<p>L\u2019id\u00e9e ressurgit alors que <a href=\"https:\/\/www.20minutes.fr\/dossier\/donald_trump\" class=\"c-link c-link--is-underlined\" target=\"_blank\" rel=\"noopener\">Donald Trump<\/a> menace d&rsquo;appliquer des droits de douane stratosph\u00e9rique sur les pays europ\u00e9ens, <a href=\"https:\/\/www.20minutes.fr\/economie\/4143343-20250313-droits-douane-trump-menace-maintenant-surtaxer-champagne-vins-francais-200\" target=\"_blank\" class=\"c-link c-link--is-underlined\" rel=\"noopener\">comme une taxe \u00e0 200\u00a0% du champagne et des vins fran\u00e7ais<\/a>, et qu\u2019il a d\u00e9j\u00e0 menac\u00e9 de faire du <a href=\"https:\/\/www.20minutes.fr\/dossier\/canada\" class=\"c-link c-link--is-underlined\" target=\"_blank\" rel=\"noopener\">Canada<\/a> le 51e Etat des <a href=\"https:\/\/www.20minutes.fr\/monde\/etats-unis\/\" class=\"c-link c-link--is-underlined\" target=\"_blank\" rel=\"noopener\">Etats-Unis<\/a>. Diff\u00e9rents m\u00e9dias, comme <a href=\"https:\/\/www.economist.com\/europe\/2025\/01\/02\/why-canada-should-join-the-eu\" rel=\"nofollow noopener\" target=\"_blank\" class=\"c-link c-link--is-underlined\">The Economist<\/a> et le <a href=\"https:\/\/www.thestar.com\/news\/canada\/donald-trump-drives-a-wedge-between-canada-and-the-u-s-with-a-trade-war\/article_1d00895c-dda1-11ef-a59f-f76e89591126.html\" rel=\"nofollow noopener\" target=\"_blank\" class=\"c-link c-link--is-underlined\">Toronto Star<\/a>, ont \u00e9voqu\u00e9 en r\u00e9ponse l\u2019id\u00e9e de rejoindre l\u2019Union europ\u00e9enne.<\/p>\n<p>L\u2019adh\u00e9sion \u00e0 l\u2019Union r\u00e9serv\u00e9e aux \u00ab\u00a0Etats europ\u00e9ens\u00a0\u00bb<\/p>\n<p>Et pourquoi pas\u00a0? Apr\u00e8s tout, si l\u2019<a href=\"https:\/\/www.20minutes.fr\/dossier\/australie\" class=\"c-link c-link--is-underlined\" target=\"_blank\" rel=\"noopener\">Australie<\/a> participe \u00e0 l\u2019<a href=\"https:\/\/www.20minutes.fr\/arts-stars\/culture\/eurovision\/\" class=\"c-link c-link--is-underlined\" target=\"_blank\" rel=\"noopener\">Eurovision<\/a>, la <a href=\"https:\/\/www.20minutes.fr\/monde\/turquie\/\" class=\"c-link c-link--is-underlined\" target=\"_blank\" rel=\"noopener\">Turquie<\/a> \u00e0 l\u2019<a href=\"https:\/\/www.20minutes.fr\/monde\/otan\/\" class=\"c-link c-link--is-underlined\" target=\"_blank\" rel=\"noopener\">Otan<\/a> (organisation du trait\u00e9 de l\u2019Atlantique nord, on le rappelle), et <a href=\"https:\/\/www.20minutes.fr\/monde\/israel\/\" class=\"c-link c-link--is-underlined\" target=\"_blank\" rel=\"noopener\">Isra\u00ebl<\/a> \u00e0 l\u2019UEFA, les organisations europ\u00e9ennes ne sont pas \u00e0 une contradiction g\u00e9ographique pr\u00e8s. Malheureusement, selon Nicolas Hervieu, juriste en droit public et droit europ\u00e9en des droits de l&rsquo;homme, la question est loin d\u2019\u00eatre aussi simple\u00a0: \u00ab\u00a0L\u2019int\u00e9gration \u00e0 l\u2019Union europ\u00e9enne est infiniment plus engageante que l\u2019organisation d\u2019un concert ou un \u00e9change de renseignements.\u00a0\u00bb<\/p>\n<p>Premier obstacle\u00a0: les textes. L\u2019article\u00a049 du trait\u00e9 de l\u2019Union europ\u00e9enne indique bien que l\u2019adh\u00e9sion est possible pour tout \u00ab\u00a0Etat europ\u00e9en\u00a0\u00bb. La discussion pouvait \u00eatre possible pour la Turquie, qui n\u00e9gociait jusqu\u2019en\u00a02016 une entr\u00e9e dans l\u2019UE et dont le territoire se situe dans l\u2019Europe g\u00e9ographique. Mais difficile de dire avec bonne foi que le Canada partage un quelconque lien g\u00e9ographique avec l\u2019Europe, m\u00eame si ses habitants parlent fran\u00e7ais et anglais, les deux langues de travail de l\u2019Union.<\/p>\n<\/p>\n<p>Mais \u00ab\u00a0un trait\u00e9 n\u2019est qu\u2019un trait\u00e9\u00a0\u00bb, relativise Nicolas Hervieu. \u00ab\u00a0Si les \u00c9tats-partis le souhaitaient tous, ils pourraient tr\u00e8s bien modifier les textes en ce sens, d\u00e9taille le sp\u00e9cialiste du droit europ\u00e9en. Le point de vue juridique n\u2019est pas insurmontable, d\u2019autant que le Canada respecte les autres conditions sur les valeurs de l\u2019Union europ\u00e9enne, sur le pluralisme ou l\u2019\u00e9tat de droit.\u00a0\u00bb<\/p>\n<p>L\u2019\u00e9pineuse question du libre-\u00e9change<\/p>\n<p>Toutefois, il reste un autre obstacle politique\u00a0: l\u2019Union europ\u00e9enne est avant tout un march\u00e9 commun. Avec 62\u00a0% d\u2019opinion favorable, ce serait d\u2019ailleurs la principale motivation des Canadiens \u00e0 rejoindre l\u2019UE, selon le sondage Abacus. Int\u00e9grer le Canada dans l\u2019organisation aurait donc des cons\u00e9quences importantes sur les normes du pays, mais aussi sur la lev\u00e9e de toutes sortes d\u2019obstacles \u00e0 la circulation des biens et des services avec les 27 autres Etats-membres.<\/p>\n<p>\u00ab\u00a0Cela soul\u00e8ve des craintes \u00e9conomiques, d\u2019autant que <a href=\"https:\/\/www.20minutes.fr\/economie\/consommation\/4082803-20240322-ceta-emmanuel-macron-defend-traite-lendemain-rejet-senat-francais\" target=\"_blank\" class=\"c-link c-link--is-underlined\" rel=\"noopener\">l\u2019adoption des accords Ceta de libre-\u00e9change avec le Canada avait soulev\u00e9 des oppositions majeures<\/a> depuis\u00a02017 de la part de la France, de la Belgique ou bien de Chypre\u00a0\u00bb, analyse Nicolas Hervieu. Sans parler de l\u2019enjeu \u00e9cologique d\u2019intensifier les \u00e9changes transatlantiques du jour au lendemain.<\/p>\n<p>Adieu alors, l\u2019id\u00e9e d\u2019une bourse Erasmus pour aller \u00e0 Montr\u00e9al et du sirop d\u2019\u00e9rable d\u00e9tax\u00e9\u00a0? Dans tous les cas, le processus prendrait \u00ab\u00a0des ann\u00e9es et des ann\u00e9es de travail et de volont\u00e9 politique continue\u00a0\u00bb de la part des protagonistes, souligne Nicolas Hervieu. Interrog\u00e9e sur le sondage Abacus, la porte-parole de la Commission europ\u00e9enne, Paula Pinho, a assur\u00e9 que l\u2019UE \u00e9tait \u00ab\u00a0flatt\u00e9e des r\u00e9sultats de ce sondage\u00a0\u00bb, qui \u00ab\u00a0montre l\u2019attractivit\u00e9 de l\u2019Union europ\u00e9enne\u00a0\u00bb. Il faudra s\u2019en contenter pour l\u2019instant.<\/p>\n","protected":false},"excerpt":{"rendered":"Et si le vingt-huiti\u00e8me pays de l\u2019Union europ\u00e9enne se trouvait de l\u2019autre c\u00f4t\u00e9 de la mer\u00a0? Non, pas&hellip;\n","protected":false},"author":2,"featured_media":344310,"comment_status":"","ping_status":"","sticky":false,"template":"","format":"standard","meta":{"footnotes":""},"categories":[1586],"tags":[47,11,574,73,1777,674,1779,1011,27,74,12,136,25,1778,364,555],"class_list":{"0":"post-344309","1":"post","2":"type-post","3":"status-publish","4":"format-standard","5":"has-post-thumbnail","7":"category-europe","8":"tag-actualite","9":"tag-actualites","10":"tag-canada","11":"tag-etats-unis","12":"tag-eu","13":"tag-europe","14":"tag-european-union","15":"tag-fr","16":"tag-france","17":"tag-monde","18":"tag-news","19":"tag-otan","20":"tag-republique-francaise","21":"tag-ue","22":"tag-union-europeenne","23":"tag-union-europeenne-ue"},"share_on_mastodon":{"url":"https:\/\/pubeurope.com\/@fr\/115093021933635187","error":""},"_links":{"self":[{"href":"https:\/\/www.europesays.com\/fr\/wp-json\/wp\/v2\/posts\/344309","targetHints":{"allow":["GET"]}}],"collection":[{"href":"https:\/\/www.europesays.com\/fr\/wp-json\/wp\/v2\/posts"}],"about":[{"href":"https:\/\/www.europesays.com\/fr\/wp-json\/wp\/v2\/types\/post"}],"author":[{"embeddable":true,"href":"https:\/\/www.europesays.com\/fr\/wp-json\/wp\/v2\/users\/2"}],"replies":[{"embeddable":true,"href":"https:\/\/www.europesays.com\/fr\/wp-json\/wp\/v2\/comments?post=344309"}],"version-history":[{"count":0,"href":"https:\/\/www.europesays.com\/fr\/wp-json\/wp\/v2\/posts\/344309\/revisions"}],"wp:featuredmedia":[{"embeddable":true,"href":"https:\/\/www.europesays.com\/fr\/wp-json\/wp\/v2\/media\/344310"}],"wp:attachment":[{"href":"https:\/\/www.europesays.com\/fr\/wp-json\/wp\/v2\/media?parent=344309"}],"wp:term":[{"taxonomy":"category","embeddable":true,"href":"https:\/\/www.europesays.com\/fr\/wp-json\/wp\/v2\/categories?post=344309"},{"taxonomy":"post_tag","embeddable":true,"href":"https:\/\/www.europesays.com\/fr\/wp-json\/wp\/v2\/tags?post=344309"}],"curies":[{"name":"wp","href":"https:\/\/api.w.org\/{rel}","templated":true}]}}