{"id":344316,"date":"2025-08-26T03:53:12","date_gmt":"2025-08-26T03:53:12","guid":{"rendered":"https:\/\/www.europesays.com\/fr\/344316\/"},"modified":"2025-08-26T03:53:12","modified_gmt":"2025-08-26T03:53:12","slug":"les-etoiles-montantes-du-rugby-en-2025","status":"publish","type":"post","link":"https:\/\/www.europesays.com\/fr\/344316\/","title":{"rendered":"Les \u00e9toiles montantes du rugby en 2025"},"content":{"rendered":"<p>Dans tous les sports, la jeune g\u00e9n\u00e9ration est bien suivie, \u00e9tant la rel\u00e8ve. Les jeunes talents sont pris\u00e9s par les \u00e9quipes techniques des clubs pour former un collectif vivace, comp\u00e9titif et \u00e9quilibr\u00e9. Au<a href=\"https:\/\/conseilsport.decathlon.fr\/rugby-a-xiii-rugby-a-xv-rugby-a-vii-decouvrez-les-differents-type-de-rugby\" target=\"_blank\" rel=\"noopener nofollow\"> rugby<\/a>, certains jeunes joueurs ont montr\u00e9 qu\u2019on pouvait compter sur eux pour prendre la rel\u00e8ve dans les ann\u00e9es \u00e0 venir.\u00a0<\/p>\n<p>Les passionn\u00e9s de rugby suivent de pr\u00e8s ces athl\u00e8tes qui d\u00e9finissent une nouvelle \u00e8re pour ce sport, en faisant preuve d\u2019un niveau in\u00e9dit de technique et de strat\u00e9gie.<\/p>\n<p>Pour ceux qui aiment pimenter les matchs et placer de bons paris, d\u00e9couvrir de nouveaux bonus sans d\u00e9p\u00f4t,<a href=\"https:\/\/www.nodepositkings.com\/fr\/nouveaux\/\" target=\"_blank\" rel=\"noopener nofollow\"> comme ceux pr\u00e9sent\u00e9s sur NoDepositKings.com<\/a>, est un moyen astucieux d\u2019enrichir l\u2019exp\u00e9rience. Les fans peuvent y trouver les derni\u00e8res offres pour prendre part au jeu tout en suivant ces joueurs exceptionnels qui dominent la sc\u00e8ne internationale.<\/p>\n<p>Voici une liste des \u00e9toiles montantes du rugby en 2025.<\/p>\n<p>1. Immanuel Feyi-Waboso<\/p>\n<p>Immanuel Feyi est un joueur international anglais, originaire du Pays de Galles. Il est n\u00e9 le 20 d\u00e9cembre 2002 et \u00e9volue depuis la saison 2022-2023 \u00e0 Exeter Chiefs, un club de Premiership. Il a profit\u00e9 des retraites internationales de Jonny May et Courtney Lawes pour avoir une place en \u00e9quipe nationale anglaise.<\/p>\n<p>Feyi-Waboso a su montrer ses capacit\u00e9s de finisseur lors de ses matchs et surtout quand il a obtenu ses premi\u00e8res minutes en \u00e9quipe nationale. Ses performances pendant son premier match lui ont d\u2019ailleurs valu une place de titulaire lors du match entre l\u2019Angleterre et l\u2019Irlande pendant le tournoi des Six Nations en 2024. Le joueur de 23 ans a des statistiques int\u00e9ressantes en club pour son \u00e2ge : 95 points et 19 essais pour 34 matchs au total.<\/p>\n<p>2. Nolann Le GarrecNouveau ! Recevez la newsletter Rugby Transfert 1 fois par mois !<\/p>\n<p>En France, l\u2019un des joueurs qui repr\u00e9sentent le fer-de-lance du rugby est Nolann Le Garrec. Il est n\u00e9 le 14 mai 2002 \u00e0 Vannes et joue au poste de demi de m\u00eal\u00e9e dans le rugby \u00e0 XV. Sa carri\u00e8re en s\u00e9nior a commenc\u00e9 en 2020, mais a v\u00e9ritablement explos\u00e9 en 2024, lorsqu\u2019il a \u00e9t\u00e9 s\u00e9lectionn\u00e9 pour la premi\u00e8re fois en \u00e9quipe de France de rugby.<\/p>\n<p>Nolann a choqu\u00e9 les amateurs du rugby lorsqu\u2019il a fait son entr\u00e9e contre le Pays de Galle lors du tournoi des Six Nations. Il a effectu\u00e9 une jolie passe de plus de 35 m\u00e8tres, puis une perc\u00e9e sur l\u2019aile. Il a m\u00eame \u00e9t\u00e9 nomm\u00e9 homme de ce match. En 2025, il a encore eu l\u2019occasion de participer \u00e0 ce tournoi avec l\u2019\u00e9quipe de France et l\u2019a remport\u00e9. En 13 matchs au total en \u00e9quipe de France, Nolann Le Garrec a r\u00e9colt\u00e9 40 points et inscrit 3 essais.<\/p>\n<p>3. Haashim Pead<\/p>\n<p>Haashim Pead est joueur sud-africain de rugby \u00e0 XV, n\u00e9 le 5 juillet 2005. Il joue au poste de demi de m\u00eal\u00e9e. Il a commenc\u00e9 sa carri\u00e8re de fa\u00e7on locale en jouant pour l\u2019\u00e9quipe de Bo-Kaap.<\/p>\n<p>Il a v\u00e9ritablement impressionn\u00e9 lors du championnat U20 de 2025, o\u00f9 il a fini meilleur joueur. Pendant cette comp\u00e9tition, il a inscrit six essais et a battu le record de la plus grande distance parcourue par un demi de m\u00eal\u00e9e pendant les phases de groupe de ce championnat.<\/p>\n<p>Les performances de Haashim ont permis \u00e0 son \u00e9quipe d\u2019\u00eatre championne du monde des moins de 20 ans. Il a r\u00e9cemment rejoint les Golden Lions, une \u00e9quipe professionnelle de rugby \u00e0 XV en Afrique du Sud, qui lui permettra sans doute d\u2019\u00e9voluer plus sereinement dans sa carri\u00e8re.<\/p>\n<p>4. Rory Darge<\/p>\n<p>Bien qu\u2019il n\u2019ait que 25 ans, Rory Darge est un v\u00e9ritable pilier de son club le Glasgow Warriors et de l\u2019\u00e9quipe d\u2019Ecosse du rugby \u00e0 XV. D\u2019ailleurs, il s\u2019agit du capitaine de cette derni\u00e8re \u00e9quipe \u00e0 un si jeune \u00e2ge. Il joue au poste de flanker ouvert et peut \u00e9galement \u00eatre align\u00e9 en 3\u00e8me ligne.<\/p>\n<p>L\u2019ascension de Darge s\u2019est r\u00e9ellement faite pendant la saison 2024-2025. En 2024, il avait \u00e9t\u00e9 nomm\u00e9 co-capitaine de l\u2019\u00c9cosse pour le tournoi des Six Nations. Il est ensuite pass\u00e9 comme seul capitaine pour la tourn\u00e9e \u00e9cossaise en juillet 2025. Rory Darge est excellent dans de nombreux domaines comme les tacles, les turnovers et les percussions.<\/p>\n<p><b>5. Joseph Sua\u2019ali\u2019i<\/b><\/p>\n<p>Joseph Sua\u2019ali\u2019i est n\u00e9 le 1er ao\u00fbt 2003 \u00e0 Penrith en Australie. Il est consid\u00e9r\u00e9 comme l\u2019une des figures les plus prometteuses du rugby en 2025. En tant que prodige du rugby \u00e0 XII, il a obtenu une exemption gr\u00e2ce \u00e0 laquelle il a jou\u00e9 la National Rugby League avec le Sydney Roosters avant l\u2019\u00e2ge de 18 ans.<\/p>\n<p>Il y a quelques mois, Joseph a surpris le monde en annon\u00e7ant qu\u2019il passe au rugby \u00e0 XV. C\u2019est un changement qui n\u2019est pas commun dans ce monde, mais son envie de jouer \u00e0 la Coupe du monde organis\u00e9e en Australie en 2027 a pris le dessus. Ce changement ne l\u2019a pas emp\u00each\u00e9 de marquer les esprits lors de ses<a href=\"https:\/\/www.sixnationsrugby.com\/fr\/autumn-nations-series\/infos\/suaalii-electrifies-fans-on-australian-rugby-debut-v-england\" target=\"_blank\" rel=\"noopener nofollow\"> d\u00e9buts avec l\u2019\u00e9quipe nationale<\/a> contre l\u2019Angleterre. Il a termin\u00e9 homme du match en permettant \u00e0 son pays de remporter une victoire historique.<\/p>\n<p><img loading=\"lazy\" decoding=\"async\" data-class=\"LazyLoad\" src=\"https:\/\/www.europesays.com\/fr\/wp-content\/uploads\/2025\/04\/image-1.jpg\" width=\"100\" height=\"100\" alt=\"image 1\" itemprop=\"image\" title=\"Les \u00e9toiles montantes du rugby en 2025\"\/><\/p>\n<p>Bruno Lancelle, n\u00e9 en 1986 \u00e0 La Seyne-sur-Mer (Var), aujourd\u2019hui Kin\u00e9sith\u00e9rapeute, est un ancien joueur\u00a0 de rugby \u00e0 XV qui \u00e9voluait au poste de demi d\u2019ouverture, pass\u00e9 par Toulon, Lyon, Provence Rugby, La Seyne-sur-Mer, US bressane, Lille et Hy\u00e8res.<\/p>\n","protected":false},"excerpt":{"rendered":"Dans tous les sports, la jeune g\u00e9n\u00e9ration est bien suivie, \u00e9tant la rel\u00e8ve. Les jeunes talents sont pris\u00e9s&hellip;\n","protected":false},"author":2,"featured_media":344317,"comment_status":"","ping_status":"","sticky":false,"template":"","format":"standard","meta":{"footnotes":""},"categories":[1416],"tags":[1011,27,479,1468,60],"class_list":{"0":"post-344316","1":"post","2":"type-post","3":"status-publish","4":"format-standard","5":"has-post-thumbnail","7":"category-rugby","8":"tag-fr","9":"tag-france","10":"tag-rugby","11":"tag-rugby-football","12":"tag-sports"},"share_on_mastodon":{"url":"https:\/\/pubeurope.com\/@fr\/115093045610118487","error":""},"_links":{"self":[{"href":"https:\/\/www.europesays.com\/fr\/wp-json\/wp\/v2\/posts\/344316","targetHints":{"allow":["GET"]}}],"collection":[{"href":"https:\/\/www.europesays.com\/fr\/wp-json\/wp\/v2\/posts"}],"about":[{"href":"https:\/\/www.europesays.com\/fr\/wp-json\/wp\/v2\/types\/post"}],"author":[{"embeddable":true,"href":"https:\/\/www.europesays.com\/fr\/wp-json\/wp\/v2\/users\/2"}],"replies":[{"embeddable":true,"href":"https:\/\/www.europesays.com\/fr\/wp-json\/wp\/v2\/comments?post=344316"}],"version-history":[{"count":0,"href":"https:\/\/www.europesays.com\/fr\/wp-json\/wp\/v2\/posts\/344316\/revisions"}],"wp:featuredmedia":[{"embeddable":true,"href":"https:\/\/www.europesays.com\/fr\/wp-json\/wp\/v2\/media\/344317"}],"wp:attachment":[{"href":"https:\/\/www.europesays.com\/fr\/wp-json\/wp\/v2\/media?parent=344316"}],"wp:term":[{"taxonomy":"category","embeddable":true,"href":"https:\/\/www.europesays.com\/fr\/wp-json\/wp\/v2\/categories?post=344316"},{"taxonomy":"post_tag","embeddable":true,"href":"https:\/\/www.europesays.com\/fr\/wp-json\/wp\/v2\/tags?post=344316"}],"curies":[{"name":"wp","href":"https:\/\/api.w.org\/{rel}","templated":true}]}}