{"id":344320,"date":"2025-08-26T03:56:12","date_gmt":"2025-08-26T03:56:12","guid":{"rendered":"https:\/\/www.europesays.com\/fr\/344320\/"},"modified":"2025-08-26T03:56:12","modified_gmt":"2025-08-26T03:56:12","slug":"motogp-lexcellente-nouvelle-tombe-pour-quartararo-le-nouveau-v4-sur-le-gp-de-misano","status":"publish","type":"post","link":"https:\/\/www.europesays.com\/fr\/344320\/","title":{"rendered":"MotoGP L&rsquo;excellente nouvelle tombe pour Quartararo, le nouveau V4 sur le GP de Misano !"},"content":{"rendered":"<p>La nouvelle est tomb\u00e9e au lendemain de l\u2019arriv\u00e9e du Grand-Prix de Hongrie de MotoGP 2025. Et elle est d\u2019excellente augure pour Fabio Quartararo, en vue de la saison prochaine. En effet, le nouveau V4 fera bel et bien ses d\u00e9buts en Grand-Prix, cette saison. Yamaha l\u2019a confirm\u00e9 via un post sur X, Augusto Fernandez sera engag\u00e9 avec une wild-card sur le G.P de San Marin, avec le nouveau bloc ! Un test grandeur nature mais \u00e0 double tranchant car, en cas de d\u00e9ception, FB20 pourrait se d\u00e9tourner d\u00e9finitivement de son Team et se chercher une autre \u00e9quipe. A suivre avec attention, donc\u2026<\/p>\n<blockquote class=\"twitter-tweet\">\n<p dir=\"ltr\" lang=\"en\">\ud83c\udded\ud83c\uddfa The Hungarian GP summary &amp; an exciting announcement for Misano \ud83d\udce3<a href=\"https:\/\/twitter.com\/hashtag\/YamahaFactoryRacing?src=hash&amp;ref_src=twsrc%5Etfw\" target=\"_blank\" rel=\"noopener nofollow\">#YamahaFactoryRacing<\/a> | <a href=\"https:\/\/twitter.com\/hashtag\/RevsYourHeart?src=hash&amp;ref_src=twsrc%5Etfw\" target=\"_blank\" rel=\"noopener nofollow\">#RevsYourHeart<\/a> | <a href=\"https:\/\/twitter.com\/hashtag\/MonsterYamaha?src=hash&amp;ref_src=twsrc%5Etfw\" target=\"_blank\" rel=\"noopener nofollow\">#MonsterYamaha<\/a> | <a href=\"https:\/\/twitter.com\/hashtag\/YamahaMotoGP?src=hash&amp;ref_src=twsrc%5Etfw\" target=\"_blank\" rel=\"noopener nofollow\">#YamahaMotoGP<\/a> | <a href=\"https:\/\/twitter.com\/hashtag\/PrimaPramacYamaha?src=hash&amp;ref_src=twsrc%5Etfw\" target=\"_blank\" rel=\"noopener nofollow\">#PrimaPramacYamaha<\/a> | <a href=\"https:\/\/twitter.com\/hashtag\/PramacRacing?src=hash&amp;ref_src=twsrc%5Etfw\" target=\"_blank\" rel=\"noopener nofollow\">#PramacRacing<\/a> | <a href=\"https:\/\/twitter.com\/hashtag\/MotoGP?src=hash&amp;ref_src=twsrc%5Etfw\" target=\"_blank\" rel=\"noopener nofollow\">#MotoGP<\/a> | <a href=\"https:\/\/twitter.com\/hashtag\/BLUCRUPramacYamaha?src=hash&amp;ref_src=twsrc%5Etfw\" target=\"_blank\" rel=\"noopener nofollow\">#BLUCRUPramacYamaha<\/a> | <a href=\"https:\/\/twitter.com\/hashtag\/Moto2?src=hash&amp;ref_src=twsrc%5Etfw\" target=\"_blank\" rel=\"noopener nofollow\">#Moto2<\/a> | <a href=\"https:\/\/twitter.com\/hashtag\/HungarianGP?src=hash&amp;ref_src=twsrc%5Etfw\" target=\"_blank\" rel=\"noopener nofollow\">#HungarianGP<\/a> <a href=\"https:\/\/t.co\/5fqzcNXVcK\" rel=\"nofollow\">pic.twitter.com\/5fqzcNXVcK<\/a><\/p>\n<p>\u2014 Monster Energy Yamaha MotoGP (@YamahaMotoGP) <a href=\"https:\/\/twitter.com\/YamahaMotoGP\/status\/1959960312343375886?ref_src=twsrc%5Etfw\" target=\"_blank\" rel=\"noopener nofollow\">August 25, 2025<\/a><\/p>\n<\/blockquote>\n<p>Article publi\u00e9 le 26\/08\/2025 \u00e0 5h50<\/p>\n<p>                                            <img loading=\"lazy\" alt=\"\" class=\"avatar avatar-100 photo lazyload\" height=\"100\" width=\"100\" decoding=\"async\" src=\"https:\/\/www.europesays.com\/fr\/wp-content\/uploads\/2025\/08\/1756180572_514_ffbb894c35ea5189d599d4ea062c98b86ffb67cc602fa683ebcbf422a80fc47a\"  data-eio-rwidth=\"100\" data-eio-rheight=\"100\"\/><\/p>\n<p class=\"h2\">\n                                            Julien Barthet\n                                        <\/p>\n<p>R\u00e9dacteur professionnel, titulaire de la carte de presse pendant 3 ans. Fondateur\/Directeur et R\u00e9dacteur en chef Le Mag Sport Auto et LeMagJeuxHighTech.com.&#13;<br \/>\nEx-Pilote automobile : 55 courses (Formule Ford, F.Campus, Coupe 206 Sprint et Relais, Saxo, Ford Fiesta Allemagne, Mitjet) 1 Victoire. Essais F3, Nascar Euro, Caterham, F.Renault, etc.<\/p>\n<p>                                                                                                                            <a href=\"https:\/\/lemagsportauto.ouest-france.fr\/author\/lmsa_adm\/\" title=\"Julien Barthet\" rel=\"nofollow noopener\" target=\"_blank\"><br \/>\n                                                Voir les publications de l&rsquo;auteur<br \/>\n                                            <\/a><\/p>\n<p>                                <script async src=\"https:\/\/platform.twitter.com\/widgets.js\" charset=\"utf-8\"><\/script><\/p>\n","protected":false},"excerpt":{"rendered":"La nouvelle est tomb\u00e9e au lendemain de l\u2019arriv\u00e9e du Grand-Prix de Hongrie de MotoGP 2025. Et elle est&hellip;\n","protected":false},"author":2,"featured_media":344321,"comment_status":"","ping_status":"","sticky":false,"template":"","format":"standard","meta":{"footnotes":""},"categories":[1413],"tags":[1680,1011,27,1457,1456,1458,60,4921],"class_list":{"0":"post-344320","1":"post","2":"type-post","3":"status-publish","4":"format-standard","5":"has-post-thumbnail","7":"category-moto","8":"tag-fabio-quartararo","9":"tag-fr","10":"tag-france","11":"tag-moto","12":"tag-motocycle","13":"tag-motogp","14":"tag-sports","15":"tag-yamaha"},"share_on_mastodon":{"url":"https:\/\/pubeurope.com\/@fr\/115093057797630183","error":""},"_links":{"self":[{"href":"https:\/\/www.europesays.com\/fr\/wp-json\/wp\/v2\/posts\/344320","targetHints":{"allow":["GET"]}}],"collection":[{"href":"https:\/\/www.europesays.com\/fr\/wp-json\/wp\/v2\/posts"}],"about":[{"href":"https:\/\/www.europesays.com\/fr\/wp-json\/wp\/v2\/types\/post"}],"author":[{"embeddable":true,"href":"https:\/\/www.europesays.com\/fr\/wp-json\/wp\/v2\/users\/2"}],"replies":[{"embeddable":true,"href":"https:\/\/www.europesays.com\/fr\/wp-json\/wp\/v2\/comments?post=344320"}],"version-history":[{"count":0,"href":"https:\/\/www.europesays.com\/fr\/wp-json\/wp\/v2\/posts\/344320\/revisions"}],"wp:featuredmedia":[{"embeddable":true,"href":"https:\/\/www.europesays.com\/fr\/wp-json\/wp\/v2\/media\/344321"}],"wp:attachment":[{"href":"https:\/\/www.europesays.com\/fr\/wp-json\/wp\/v2\/media?parent=344320"}],"wp:term":[{"taxonomy":"category","embeddable":true,"href":"https:\/\/www.europesays.com\/fr\/wp-json\/wp\/v2\/categories?post=344320"},{"taxonomy":"post_tag","embeddable":true,"href":"https:\/\/www.europesays.com\/fr\/wp-json\/wp\/v2\/tags?post=344320"}],"curies":[{"name":"wp","href":"https:\/\/api.w.org\/{rel}","templated":true}]}}