{"id":344326,"date":"2025-08-26T03:59:10","date_gmt":"2025-08-26T03:59:10","guid":{"rendered":"https:\/\/www.europesays.com\/fr\/344326\/"},"modified":"2025-08-26T03:59:10","modified_gmt":"2025-08-26T03:59:10","slug":"psg-om-lhistoire-se-repete-apres-la-bagarre-il-annonce-des-problemes-avec-la-mere-dadrien-rabiot","status":"publish","type":"post","link":"https:\/\/www.europesays.com\/fr\/344326\/","title":{"rendered":"PSG-OM : L&rsquo;histoire se r\u00e9p\u00e8te apr\u00e8s la bagarre, il annonce \u00abdes probl\u00e8mes\u00bb avec la m\u00e8re d&rsquo;Adrien Rabiot !"},"content":{"rendered":"<p class=\"heading\">Le litige entre l\u2019entourage d\u2019Adrien Rabiot et la direction de l\u2019Olympique de Marseille est l\u2019un des dossier br\u00fblants de cette fin de mercato estival. Et certains ne peuvent pas s\u2019emp\u00eacher de se rem\u00e9morer un pass\u00e9 pas si lointain, lorsque les proches du joueur ont \u00e9galement rencontr\u00e9 des soucis avec les dirigeants du Paris Saint-Germain. <\/p>\n<p>D\u00e9cid\u00e9ment, la s\u00e9r\u00e9nit\u00e9 n\u2019est vraiment pas le fort de Marseille. Alors que tout semblait bien se passer lors de l\u2019intersaison, il n\u2019a pas fallu attendre longtemps avant que la premi\u00e8re pol\u00e9mique n\u2019\u00e9clate. Il s\u2019agit \u00e9videmment de l\u2019\u00e9norme litige qui oppose l\u2019<strong>OM<\/strong> \u00e0 <strong>Adrien Rabiot<\/strong>, mais surtout \u00e0 son entourage. <\/p>\n<p>                                            Les attaques du clan Rabiot <\/p>\n<p>Et par entourage on parle \u00e9videmment de <a href=\"https:\/\/le10sport.com\/football\/mercato\/mercato-om-les-terrifiantes-negociations-avec-veronique-rabiot-755338\" rel=\"nofollow noopener\" target=\"_blank\">V\u00e9ronique Rabiot<\/a>, sa m\u00e8re et agent, qui multiplie les prises de parole depuis une semaine pour d\u00e9zinguer les dirigeants de l\u2019<strong>OM<\/strong>. Plus que tout <strong>Medhi Benatia<\/strong> et <strong>Pablo Longoria<\/strong>, qui en ont pris pour leur grade. \u00ab Au final, je pense que le costume est trop grand pour eux, ils ne sont pas \u00e0 la hauteur \u00bb a-t-elle r\u00e9cemment expliqu\u00e9, \u00e0 La Provence. \u00ab On ne peut pas le croire quand il dit qu&rsquo;il n&rsquo;a jamais vu \u00e7a dans un vestiaire en 18 ans de carri\u00e8re. Il doit faire rire tous les gens du monde du football \u00bb. <\/p>\n<p>                                            \u00ab Elle a eu les m\u00eames probl\u00e8mes au PSG ! \u00bb <\/p>\n<p>Evidemment, ce clash entre la m\u00e8re et agent d\u2019<strong>Adrien Rabiot<\/strong> et son club, \u00e7a a comme un air de d\u00e9j\u00e0-vu. Les circonstances \u00e9taient diff\u00e9rentes \u00e0 l\u2019\u00e9poque, mais certains n\u2019oublient pas que lorsque le milieu \u00e9tait au <strong>PSG<\/strong>, tout n\u2019\u00e9tait pas rose tous les jours. \u00ab V\u00e9ronique Rabiot ? Je veux bien que \u00e7a soit sa maman et pas Adrien Rabiot qui ait fait ces d\u00e9clarations, mais dans tous les cas c\u2019est sa maman qui le conseille depuis X ann\u00e9es. Elle a eu les m\u00eames probl\u00e8mes au PSG ! \u00bb a lanc\u00e9 <strong>J\u00e9r\u00f4me Rothen<\/strong>, dans son \u00e9mission Rothen s\u2019enflamme sur RMC. <\/p>\n","protected":false},"excerpt":{"rendered":"Le litige entre l\u2019entourage d\u2019Adrien Rabiot et la direction de l\u2019Olympique de Marseille est l\u2019un des dossier br\u00fblants&hellip;\n","protected":false},"author":2,"featured_media":344327,"comment_status":"","ping_status":"","sticky":false,"template":"","format":"standard","meta":{"footnotes":""},"categories":[1410],"tags":[63,1011,27,60],"class_list":{"0":"post-344326","1":"post","2":"type-post","3":"status-publish","4":"format-standard","5":"has-post-thumbnail","7":"category-football","8":"tag-football","9":"tag-fr","10":"tag-france","11":"tag-sports"},"share_on_mastodon":{"url":"https:\/\/pubeurope.com\/@fr\/115093069270288898","error":""},"_links":{"self":[{"href":"https:\/\/www.europesays.com\/fr\/wp-json\/wp\/v2\/posts\/344326","targetHints":{"allow":["GET"]}}],"collection":[{"href":"https:\/\/www.europesays.com\/fr\/wp-json\/wp\/v2\/posts"}],"about":[{"href":"https:\/\/www.europesays.com\/fr\/wp-json\/wp\/v2\/types\/post"}],"author":[{"embeddable":true,"href":"https:\/\/www.europesays.com\/fr\/wp-json\/wp\/v2\/users\/2"}],"replies":[{"embeddable":true,"href":"https:\/\/www.europesays.com\/fr\/wp-json\/wp\/v2\/comments?post=344326"}],"version-history":[{"count":0,"href":"https:\/\/www.europesays.com\/fr\/wp-json\/wp\/v2\/posts\/344326\/revisions"}],"wp:featuredmedia":[{"embeddable":true,"href":"https:\/\/www.europesays.com\/fr\/wp-json\/wp\/v2\/media\/344327"}],"wp:attachment":[{"href":"https:\/\/www.europesays.com\/fr\/wp-json\/wp\/v2\/media?parent=344326"}],"wp:term":[{"taxonomy":"category","embeddable":true,"href":"https:\/\/www.europesays.com\/fr\/wp-json\/wp\/v2\/categories?post=344326"},{"taxonomy":"post_tag","embeddable":true,"href":"https:\/\/www.europesays.com\/fr\/wp-json\/wp\/v2\/tags?post=344326"}],"curies":[{"name":"wp","href":"https:\/\/api.w.org\/{rel}","templated":true}]}}