{"id":344328,"date":"2025-08-26T04:00:17","date_gmt":"2025-08-26T04:00:17","guid":{"rendered":"https:\/\/www.europesays.com\/fr\/344328\/"},"modified":"2025-08-26T04:00:17","modified_gmt":"2025-08-26T04:00:17","slug":"les-premiers-portraits-officiels-de-guillaume-et-stephanie-de-luxembourg-en-tant-que-grand-duc-et-grande-duchesse-ont-ete-devoiles","status":"publish","type":"post","link":"https:\/\/www.europesays.com\/fr\/344328\/","title":{"rendered":"Les premiers portraits officiels de Guillaume et St\u00e9phanie de Luxembourg en tant que grand-duc et grande-duchesse ont \u00e9t\u00e9 d\u00e9voil\u00e9s"},"content":{"rendered":"<p>Dans tr\u00e8s exactement 39 jours, le grand-duc Henri abdiquera en faveur de son fils a\u00een\u00e9. Ce 25 ao\u00fbt, la Maison du Grand-Duc a partag\u00e9 les premiers portraits officiels du futur grand-duc Guillaume et de son \u00e9pouse, la future grande-duchesse St\u00e9phanie.<\/p>\n<p><strong>Lire aussi : <a href=\"https:\/\/histoiresroyales.fr\/futur-grand-duc-guillaume-devoile-nouveau-monogramme\/\" target=\"_blank\" rel=\"noopener\">Le futur grand-duc Guillaume d\u00e9voile son nouveau monogramme<\/a><\/strong><\/p>\n<p>Le grand-duc h\u00e9ritier Guillaume d\u00e9j\u00e0 photographi\u00e9 en tant que grand-duc Guillaume de Luxembourg <\/p>\n<p>Dans un peu plus d\u2019un mois, les si\u00e8ges administratifs, certains commerces et autres b\u00e2timents publics d\u00e9crocheront leur portrait du grand-duc Henri de Luxembourg. Durant 20 ans, les portraits du grand-duc Henri sont pendus sur les murs des ambassades et des h\u00f4tels de ville. Le 3 octobre prochain, le grand-duc Henri, 70 ans, abdiquera et l\u2019actuel <a href=\"https:\/\/histoiresroyales.fr\/famille-grand-ducale-luxembourgeoise\/guillaume-de-luxembourg\/\" target=\"_blank\" rel=\"noopener\">grand-duc h\u00e9ritier Guillaume<\/a>, 43 ans, deviendra le nouveau chef d\u2019\u00c9tat luxembourgeois. Les portraits du nouveau souverain remplaceront alors ceux de son p\u00e8re. <\/p>\n<p><img fetchpriority=\"high\" decoding=\"async\" width=\"1120\" height=\"1400\" src=\"https:\/\/www.europesays.com\/fr\/wp-content\/uploads\/2025\/08\/grand-duc-guillaume-de-luxembourg-portrait-officiel-1120x1400.jpg\" alt=\"\" class=\"wp-image-216910 lazyload\" data-  \/>Le premier portrait de Guillaume de Luxembourg en tant que chef d\u2019\u00c9tat a \u00e9t\u00e9 partag\u00e9 un mois avant l\u2019abdication du grand-duc Henri (Photo : Maison du Grand-Duc \/ Kary Barthelmey)<\/p>\n<p><strong>Lire aussi : <a href=\"https:\/\/histoiresroyales.fr\/grand-duc-henri-entoure-famille-lancer-festivites-jubile-dargent\/\" target=\"_blank\" rel=\"noopener\">Le grand-duc Henri entour\u00e9 de sa famille pour lancer les festivit\u00e9s de son jubil\u00e9 d\u2019argent<\/a><\/strong><\/p>\n<p>Ce 25 ao\u00fbt 2025, les pr\u00e9paratifs s\u2019acc\u00e9l\u00e8rent pour la passation de pouvoir qui se d\u00e9roulera en deux temps : le grand-duc Henri signera son acte d\u2019abdication au palais grand-ducal, puis Guillaume se rendra au parlement pour pr\u00eater serment devant la chambre des d\u00e9put\u00e9s. Guillaume deviendra alors le 10e grand-duc de Luxembourg et il sera le septi\u00e8me souverain de la dynastie de Nassau-Weilbourg \u00e0 r\u00e9gner sur le Luxembourg. Le nouveau chef d\u2019\u00c9tat poursuivra-t-il la num\u00e9rotation pour devenir le grand-duc Guillaume V ? Son arri\u00e8re-arri\u00e8re-grand-p\u00e8re, le grand-duc Guillaume IV a r\u00e9gn\u00e9 de 1905 \u00e0 1912. <\/p>\n<p><img loading=\"lazy\" decoding=\"async\" width=\"1300\" height=\"1300\" src=\"https:\/\/www.europesays.com\/fr\/wp-content\/uploads\/2025\/08\/monogramme-grand-duc-guillaume-de-luxembourg.jpg\" alt=\"\" class=\"wp-image-211199 lazyload\" data-  \/>Le nouveau monogramme du futur grand-duc Guillaume de Luxembourg a \u00e9galement \u00e9t\u00e9 d\u00e9voil\u00e9 il y a quelques semaines (Image : Maison du Grand-Duc)<\/p>\n<p><strong>Lire aussi : <a href=\"https:\/\/histoiresroyales.fr\/video-larmes-grande-duchesse-maria-teresa-emotion-grand-duc-henri-te-deum-derniere-fete-nationale\/\" target=\"_blank\" rel=\"noopener\">Les larmes des souverains luxembourgeois envahis par l\u2019\u00e9motion au dernier Te Deum du r\u00e8gne du grand-duc Henri (VID\u00c9O)<\/a><\/strong><\/p>\n<p>Le futur couple grand-ducal luxembourgeois d\u00e9j\u00e0 immortalis\u00e9 un mois avant l\u2019accession au tr\u00f4ne de Guillaume <\/p>\n<p>\u00c0 l\u2019approche de l\u2019av\u00e8nement au tr\u00f4ne de Guillaume, la Maison du Grand-Duc a partag\u00e9 les deux premiers portraits officiels du nouveau Grand-Duc et de la nouvelle Grande-Duchesse. La comtesse belge St\u00e9phanie de Lanoy, 41 ans, connue comme la grande-duchesse h\u00e9riti\u00e8re St\u00e9phanie depuis son mariage en 2012 avec l\u2019h\u00e9ritier du tr\u00f4ne, deviendra la nouvelle grande-duchesse de Luxembourg. St\u00e9phanie sera la deuxi\u00e8me grande-duchesse de Luxembourg d\u2019origine belge apr\u00e8s la grande-duchesse Jos\u00e9phine-Charlotte, s\u0153ur du roi Albert II de Belgique et tante de l\u2019actuel roi Philippe. <\/p>\n<p><img loading=\"lazy\" decoding=\"async\" width=\"1120\" height=\"1400\" src=\"https:\/\/www.europesays.com\/fr\/wp-content\/uploads\/2025\/08\/photos-officielles-grand-duc-guillaume-grande-duchesse-stephanie-luxembourg-premier-portrait-officie.jpeg\" alt=\"\" class=\"wp-image-216912 lazyload\" data-  \/>La Maison du Grand-Duc partage la premi\u00e8re photo officielle du grand-duc Guillaume et de la grande-duchesse St\u00e9phanie, en pr\u00e9vision de l\u2019abdication du grand-duc Henri pr\u00e9vue le 3 octobre (Photo : Maison du Grand-Duc \/ Christian Aschman)<\/p>\n<p>Dans un premier temps, la Maison du Grand-Duc a simplement partag\u00e9 un portrait de Guillaume seul, pris par le photographe luxembourgeois Kary Barthelemey, habitu\u00e9 \u00e0 suivre la famille grand-ducale dans ses d\u00e9placements. La photographie de couple a \u00e9t\u00e9 prise par le photographe luxembourgeois Christian Aschman. La Maison du Grand-Duc promet d\u00e9j\u00e0 la publication d\u2019une troisi\u00e8me photo. Celle-ci repr\u00e9sentera le chef d\u2019\u00c9tat dans sa nouvelle fonction de chef de l\u2019Arm\u00e9e. Pour des raisons de protocole, le clich\u00e9 du nouveau grand-duc Guillaume en tenue militaire ne sera partag\u00e9 qu\u2019apr\u00e8s la nomination officielle de Guillaume au grade de g\u00e9n\u00e9ral.<\/p>\n<p>\t\t\t\t<img loading=\"lazy\" alt=\"Avatar photo\" src=\"https:\/\/www.europesays.com\/fr\/wp-content\/uploads\/2025\/04\/1516945716303-164x164.jpeg\"  class=\"avatar avatar-164 photo lazyload\" height=\"164\" width=\"164\" decoding=\"async\"\/><br \/>\n\t\t<a href=\"https:\/\/histoiresroyales.fr\/author\/royaliste123\/\" target=\"_blank\" rel=\"noopener\">Nicolas Fontaine<\/a><br \/>\n\t\t\t\t\tR\u00e9dacteur en chef<\/p>\n<p>Nicolas Fontaine a \u00e9t\u00e9 concepteur-r\u00e9dacteur et auteur pour de nombreuses marques et m\u00e9dias belges et fran\u00e7ais. Sp\u00e9cialiste de l&rsquo;actualit\u00e9 des familles royales, Nicolas a fond\u00e9 le site Histoires royales dont il est le r\u00e9dacteur en chef.&#13;<br \/>\n&#13;<br \/>\nnicolas@histoiresroyales.fr<\/p>\n<p>\t\t\t\t\t\t\t<a href=\"https:\/\/twitter.com\/ActusRoyales\" class=\"boxed-icon fill twitter\" target=\"_blank\" rel=\"noopener\"><\/a><br \/>\n\t\t\t\t\t\t\t\t\t<a href=\"https:\/\/www.instagram.com\/histoiresroyales.fr\/\" class=\"boxed-icon fill instagram\" target=\"_blank\" rel=\"noopener\"><\/a><\/p>\n<p>\t\t\t\t\t\t\t\t\t\t\t\t\t<script async src=\"https:\/\/platform.twitter.com\/widgets.js\" charset=\"utf-8\"><\/script><script async src=\"\/\/www.instagram.com\/embed.js\"><\/script><\/p>\n","protected":false},"excerpt":{"rendered":"Dans tr\u00e8s exactement 39 jours, le grand-duc Henri abdiquera en faveur de son fils a\u00een\u00e9. Ce 25 ao\u00fbt,&hellip;\n","protected":false},"author":2,"featured_media":344329,"comment_status":"","ping_status":"","sticky":false,"template":"","format":"standard","meta":{"footnotes":""},"categories":[1359],"tags":[58,59,1011,27,48061,973,48062,4853,30108],"class_list":{"0":"post-344328","1":"post","2":"type-post","3":"status-publish","4":"format-standard","5":"has-post-thumbnail","7":"category-people","8":"tag-divertissement","9":"tag-entertainment","10":"tag-fr","11":"tag-france","12":"tag-guillaume-de-luxembourg","13":"tag-people","14":"tag-portrait-officiel","15":"tag-portraits","16":"tag-stu00e9phanie-de-luxembourg"},"share_on_mastodon":{"url":"https:\/\/pubeurope.com\/@fr\/115093073236590573","error":""},"_links":{"self":[{"href":"https:\/\/www.europesays.com\/fr\/wp-json\/wp\/v2\/posts\/344328","targetHints":{"allow":["GET"]}}],"collection":[{"href":"https:\/\/www.europesays.com\/fr\/wp-json\/wp\/v2\/posts"}],"about":[{"href":"https:\/\/www.europesays.com\/fr\/wp-json\/wp\/v2\/types\/post"}],"author":[{"embeddable":true,"href":"https:\/\/www.europesays.com\/fr\/wp-json\/wp\/v2\/users\/2"}],"replies":[{"embeddable":true,"href":"https:\/\/www.europesays.com\/fr\/wp-json\/wp\/v2\/comments?post=344328"}],"version-history":[{"count":0,"href":"https:\/\/www.europesays.com\/fr\/wp-json\/wp\/v2\/posts\/344328\/revisions"}],"wp:featuredmedia":[{"embeddable":true,"href":"https:\/\/www.europesays.com\/fr\/wp-json\/wp\/v2\/media\/344329"}],"wp:attachment":[{"href":"https:\/\/www.europesays.com\/fr\/wp-json\/wp\/v2\/media?parent=344328"}],"wp:term":[{"taxonomy":"category","embeddable":true,"href":"https:\/\/www.europesays.com\/fr\/wp-json\/wp\/v2\/categories?post=344328"},{"taxonomy":"post_tag","embeddable":true,"href":"https:\/\/www.europesays.com\/fr\/wp-json\/wp\/v2\/tags?post=344328"}],"curies":[{"name":"wp","href":"https:\/\/api.w.org\/{rel}","templated":true}]}}