{"id":344330,"date":"2025-08-26T04:01:15","date_gmt":"2025-08-26T04:01:15","guid":{"rendered":"https:\/\/www.europesays.com\/fr\/344330\/"},"modified":"2025-08-26T04:01:15","modified_gmt":"2025-08-26T04:01:15","slug":"groupama-le-batiment-atypique-dun-architecte-visionnaire","status":"publish","type":"post","link":"https:\/\/www.europesays.com\/fr\/344330\/","title":{"rendered":"Groupama, le b\u00e2timent atypique d\u2019un architecte visionnaire"},"content":{"rendered":"<p>Ils sont des milliers, chaque jour, \u00e0 passer devant ses grilles m\u00e9talliques. Des milliers d\u2019automobilistes, reliant Le Pontet \u00e0 la cit\u00e9 des papes, \u00e0 remarquer le grand logo <a href=\"https:\/\/www.laprovence.com\/article\/edition-vaucluse\/4397286\/groupama-une-entreprise-qui-evolue-avec-son-temps.html\" target=\"_blank\" rel=\"noopener\">Groupama <\/a>\u00e0 son entr\u00e9e, qui renseigne sur le pass\u00e9 du b\u00e2timent mais interroge sur son abandon. Les habitants du quartier, eux, ne le remarquent plus, ou presque. Sans doute car il s\u2019int\u00e8gre plut\u00f4t bien dans de ce qui pouvait se faire architecturalement, \u00e0 une certaine \u00e9poque.<\/p>\n<p>Un style de base brut, qui donne la part belle \u00e0 la pierre. On pourrait s\u2019arr\u00eater l\u00e0, mais \u00e7a serait omettre l\u2019incroyable originalit\u00e9 du b\u00e2ti. Sur la fa\u00e7ade de la structure principale, des panneaux de b\u00e9ton moul\u00e9 sont comme sculpt\u00e9s. Ils transforment les devantures des fen\u00eatres en semblants de balcons. Et une immense chemin\u00e9e compos\u00e9e de petits morceaux de pierre reconstitu\u00e9s, autrefois sigl\u00e9e Groupama, sort du toit pour lui donner encore plus de grandeur. Des bizarreries techniques qui n\u2019attirent pas les foules.<\/p>\n<p>Ce jeudi matin du mois d\u2019ao\u00fbt, une seule personne prendra le temps de s\u2019arr\u00eater sur le trottoir d\u2019en face pour d\u00e9gainer son t\u00e9l\u00e9phone. \u00ab\u00a0C\u2019est \u00e9trange ce b\u00e2timent\u00a0\u00bb, confie la touriste anglaise. Un mot parfaitement adapt\u00e9.<\/p>\n<p>Une constructi<\/p>\n","protected":false},"excerpt":{"rendered":"Ils sont des milliers, chaque jour, \u00e0 passer devant ses grilles m\u00e9talliques. Des milliers d\u2019automobilistes, reliant Le Pontet&hellip;\n","protected":false},"author":2,"featured_media":344331,"comment_status":"","ping_status":"","sticky":false,"template":"","format":"standard","meta":{"footnotes":""},"categories":[1358],"tags":[17,1348,1384,1385,39120,6184,4807,1386,58,59,1011,27,40956,48063,5912,21226,16],"class_list":{"0":"post-344330","1":"post","2":"type-post","3":"status-publish","4":"format-standard","5":"has-post-thumbnail","7":"category-arts-et-design","8":"tag-17","9":"tag-arts","10":"tag-arts-and-design","11":"tag-arts-et-design","12":"tag-atypique","13":"tag-avignon","14":"tag-batiment","15":"tag-design","16":"tag-divertissement","17":"tag-entertainment","18":"tag-fr","19":"tag-france","20":"tag-groupama","21":"tag-larchitecte","22":"tag-par","23":"tag-realise","24":"tag-region"},"share_on_mastodon":{"url":"https:\/\/pubeurope.com\/@fr\/115093076931113559","error":""},"_links":{"self":[{"href":"https:\/\/www.europesays.com\/fr\/wp-json\/wp\/v2\/posts\/344330","targetHints":{"allow":["GET"]}}],"collection":[{"href":"https:\/\/www.europesays.com\/fr\/wp-json\/wp\/v2\/posts"}],"about":[{"href":"https:\/\/www.europesays.com\/fr\/wp-json\/wp\/v2\/types\/post"}],"author":[{"embeddable":true,"href":"https:\/\/www.europesays.com\/fr\/wp-json\/wp\/v2\/users\/2"}],"replies":[{"embeddable":true,"href":"https:\/\/www.europesays.com\/fr\/wp-json\/wp\/v2\/comments?post=344330"}],"version-history":[{"count":0,"href":"https:\/\/www.europesays.com\/fr\/wp-json\/wp\/v2\/posts\/344330\/revisions"}],"wp:featuredmedia":[{"embeddable":true,"href":"https:\/\/www.europesays.com\/fr\/wp-json\/wp\/v2\/media\/344331"}],"wp:attachment":[{"href":"https:\/\/www.europesays.com\/fr\/wp-json\/wp\/v2\/media?parent=344330"}],"wp:term":[{"taxonomy":"category","embeddable":true,"href":"https:\/\/www.europesays.com\/fr\/wp-json\/wp\/v2\/categories?post=344330"},{"taxonomy":"post_tag","embeddable":true,"href":"https:\/\/www.europesays.com\/fr\/wp-json\/wp\/v2\/tags?post=344330"}],"curies":[{"name":"wp","href":"https:\/\/api.w.org\/{rel}","templated":true}]}}