{"id":344332,"date":"2025-08-26T04:02:15","date_gmt":"2025-08-26T04:02:15","guid":{"rendered":"https:\/\/www.europesays.com\/fr\/344332\/"},"modified":"2025-08-26T04:02:15","modified_gmt":"2025-08-26T04:02:15","slug":"castres-coulier-fait-sa-rentree-litteraire-avec-christian-authier","status":"publish","type":"post","link":"https:\/\/www.europesays.com\/fr\/344332\/","title":{"rendered":"Castres. Coulier fait sa rentr\u00e9e litt\u00e9raire avec Christian Authier"},"content":{"rendered":"<p>La librairie Coulier a le plaisir de recevoir Christian Authier le samedi 30 ao\u00fbt, de 15h30 \u00e0 19h, \u00e0 l\u2019occasion de la parution de son nouveau roman \u00ab\u00a0Comme un p\u00e8re\u00a0\u00bb, publi\u00e9 aux \u00c9ditions du Rocher.<\/p>\n<p>\u00c0 d\u00e9couvrir : \u00ab\u00a0Jeune homme sans souci, Alexandre voit ressurgir dans sa vie son p\u00e8re vingt ans apr\u00e8s qu\u2019il a quitt\u00e9 sa m\u00e8re, d\u00e9c\u00e9d\u00e9e quelques ann\u00e9es apr\u00e8s son d\u00e9part. Comment faire face \u00e0 celui qui nous a abandonn\u00e9 sans jamais donner la moindre nouvelle ?\u00a0\u00bb La maiison d\u2019\u00e9dition pr\u00e9sente l\u2019ouvrage en ces termes : \u00ab\u00a0Entre les couleurs du printemps et de l\u2019automne, Christian Authier d\u00e9ploie une palette de sentiments, de m\u00e9lodies et de climats dans ce roman autour de la<\/p>\n<p>famille et de ses secrets, de l\u2019amour et de l\u2019amiti\u00e9. Sous les ciels changeants de Toulouse, le soleil de la Costa Brava ou \u00e0 l\u2019ombre des tilleuls du Lot, la m\u00e9lancolie et les regrets ont un go\u00fbt doux-amer.\u00a0\u00bb<\/p>\n<p>Originaire de Toulouse, Christian Authier est journaliste, romancier et essayiste.<\/p>\n<p>Auteur d\u2019une vingtaine d\u2019ouvrages, il a \u00e9t\u00e9 distingu\u00e9 par plusieurs prix litt\u00e9raires prestigieux, dont le prix Renaudot.<\/p>\n<p>\u00c9ditions du Rocher. 10, rue Mercoeur 75011 Paris<\/p>\n<p>Librairie Coulier : 4 rue de la lib\u00e9ration. <\/p>\n","protected":false},"excerpt":{"rendered":"La librairie Coulier a le plaisir de recevoir Christian Authier le samedi 30 ao\u00fbt, de 15h30 \u00e0 19h,&hellip;\n","protected":false},"author":2,"featured_media":344333,"comment_status":"","ping_status":"","sticky":false,"template":"","format":"standard","meta":{"footnotes":""},"categories":[1357],"tags":[1379,58,59,1011,27,1380],"class_list":{"0":"post-344332","1":"post","2":"type-post","3":"status-publish","4":"format-standard","5":"has-post-thumbnail","7":"category-livres","8":"tag-books","9":"tag-divertissement","10":"tag-entertainment","11":"tag-fr","12":"tag-france","13":"tag-livres"},"share_on_mastodon":{"url":"https:\/\/pubeurope.com\/@fr\/115093080899783719","error":""},"_links":{"self":[{"href":"https:\/\/www.europesays.com\/fr\/wp-json\/wp\/v2\/posts\/344332","targetHints":{"allow":["GET"]}}],"collection":[{"href":"https:\/\/www.europesays.com\/fr\/wp-json\/wp\/v2\/posts"}],"about":[{"href":"https:\/\/www.europesays.com\/fr\/wp-json\/wp\/v2\/types\/post"}],"author":[{"embeddable":true,"href":"https:\/\/www.europesays.com\/fr\/wp-json\/wp\/v2\/users\/2"}],"replies":[{"embeddable":true,"href":"https:\/\/www.europesays.com\/fr\/wp-json\/wp\/v2\/comments?post=344332"}],"version-history":[{"count":0,"href":"https:\/\/www.europesays.com\/fr\/wp-json\/wp\/v2\/posts\/344332\/revisions"}],"wp:featuredmedia":[{"embeddable":true,"href":"https:\/\/www.europesays.com\/fr\/wp-json\/wp\/v2\/media\/344333"}],"wp:attachment":[{"href":"https:\/\/www.europesays.com\/fr\/wp-json\/wp\/v2\/media?parent=344332"}],"wp:term":[{"taxonomy":"category","embeddable":true,"href":"https:\/\/www.europesays.com\/fr\/wp-json\/wp\/v2\/categories?post=344332"},{"taxonomy":"post_tag","embeddable":true,"href":"https:\/\/www.europesays.com\/fr\/wp-json\/wp\/v2\/tags?post=344332"}],"curies":[{"name":"wp","href":"https:\/\/api.w.org\/{rel}","templated":true}]}}