{"id":344334,"date":"2025-08-26T04:03:12","date_gmt":"2025-08-26T04:03:12","guid":{"rendered":"https:\/\/www.europesays.com\/fr\/344334\/"},"modified":"2025-08-26T04:03:12","modified_gmt":"2025-08-26T04:03:12","slug":"10-jours-sans-tes-sourires-sa-femme-tiffanie-a-quitte-la-maison-olivier-esposito-familles-nombreuses-deplore-etre-loin-de-leur-bebe-giulia","status":"publish","type":"post","link":"https:\/\/www.europesays.com\/fr\/344334\/","title":{"rendered":"\u00ab\u00a010 jours sans tes sourires\u00a0\u00bb : Sa femme Tiffanie a quitt\u00e9 la maison, Olivier Esposito (Familles nombreuses) d\u00e9plore \u00eatre loin de leur b\u00e9b\u00e9 Giulia"},"content":{"rendered":"<p>            <img loading=\"lazy\" decoding=\"async\" src=\"https:\/\/www.europesays.com\/fr\/wp-content\/uploads\/2025\/04\/144-64f8c016610ee-35x35-1.jpg\" class=\"author-article-picture\" width=\"35\" height=\"35\"\/><\/p>\n<p>                Par<br \/>\n                                    <a class=\"author-article-bio-link\" href=\"https:\/\/www.purepeople.com\/auteur\/louise-martin_a144\" rel=\"nofollow noopener\" target=\"_blank\">Louise Martin<\/a><br \/>\n                                                    | R\u00e9dactrice<\/p>\n<p>\n                Koh Lanta, Les Marseillais mais aussi Mari\u00e9s au Premier regards\u2026 Louise Martin est une t\u00e9l\u00e9vore qui essaye, \u00e0 ses heures perdues, de refaire les g\u00e2teaux qu\u2019elle admire devant le Meilleur P\u00e2tissier\u2026 mais elle ne risque pas de gagner le tablier bleu ! Les r\u00e9seaux sociaux n\u2019ont pas de secret pour elle, les derniers scoops, les derni\u00e8res \u00e9missions, elle les conna\u00eet tous.\n            <\/p>\n<p>\n    Olivier Esposito r\u00e9v\u00e9l\u00e9 gr\u00e2ce \u00e0 l&rsquo;\u00e9mission \u00ab\u00a0Familles nombreuses : la vie en XXL\u00a0\u00bb diffus\u00e9e sur TF1 a connu des jours meilleurs&#8230; Et pour cause, son \u00e9pouse Tiffanie a derni\u00e8rement quitt\u00e9 leur domicile avec leur tribu de sept enfants. Alors que la m\u00e8re de famille continue de rechercher un logement plus adapt\u00e9 pour les siens, l&rsquo;int\u00e9ress\u00e9 &#8211; d\u00e9sempar\u00e9 par la situation &#8211; a pouss\u00e9 un d\u00e9chirant cri du coeur sur ses r\u00e9seaux dimanche 24 ao\u00fbt 2025&#8230;\n<\/p>\n<p>                            <img loading=\"lazy\" decoding=\"async\" class=\"player-thumbnail\" src=\"https:\/\/www.europesays.com\/fr\/wp-content\/uploads\/2025\/08\/c511bd0c3b7ddd2a-580x326-1.jpg\" width=\"580\" height=\"326\"\/><\/p>\n<p>                    \u00ab\u00a010 jours sans tes sourires\u00a0\u00bb : Sa femme Tiffanie a quitt\u00e9 la maison, Olivier Esposito (Familles nombreuses) d\u00e9plore \u00eatre loin de leur b\u00e9b\u00e9 Giulia<\/p>\n<p>La suite apr\u00e8s la publicit\u00e9<\/p>\n<p>En 2023, les fans de Familles nombreuses : la vie en XXL <strong>apprenaient \u00e0 conna\u00eetre les <\/strong><strong>Esposito<\/strong> via la septi\u00e8me saison du programme phare de la Une. Pour rappel, les parents, Tiffanie et Olivier, <strong>sont \u00e0 la t\u00eate d&rsquo;un joli clan compos\u00e9 de sept enfants<\/strong> : les jumelles Kessy et Maylie, Sonny, Tony, Gina sans oublier Jemmy qui a vu le jour 2023. Pour son plus grand grand bonheur en ce d\u00e9but d&rsquo;ann\u00e9e en janvier, le couple a aussi accueilli une adorable petite Giulia. Si leur vie de famille semblait en faire r\u00eaver plus d&rsquo;un, Tiffanie Esposito a r\u00e9v\u00e9l\u00e9 le 19 ao\u00fbt dernier qu&rsquo;ils traversaient actuellement <strong>des \u00ab\u00a0<\/strong><strong>moments compliqu\u00e9s<\/strong>\u00ab\u00a0. Quelques jours apr\u00e8s sa myst\u00e9rieuse publication qui a donn\u00e9 naissance \u00e0 de nombreuses rumeurs, Tiffanie Esposito a confirm\u00e9 <strong>qu&rsquo;elle avait bel et bien quitt\u00e9 leur domicile familial <\/strong>avec l&rsquo;ensemble de sa tribu.<\/p>\n<p>Olivier Esposito (Familles nombreuses) n&rsquo;a pas mis sa femme Tiffanie dehors<\/p>\n<p><strong>\u00ab\u00a0<\/strong><strong>En ce moment je traverse quelque chose de fort, un vrai combat<\/strong>. Mais m\u00eame dans la difficult\u00e9, je garde la t\u00eate haute\u00a0\u00bb, avait rapport\u00e9 l&rsquo;ex-championne de France de taekwondo au milieu des cartons. En pleine temp\u00eate m\u00e9diatique, son \u00e9poux Olivier Esposito avait alors livr\u00e9 sa v\u00e9rit\u00e9 pour \u00e9teindre certains bruits de couloirs : \u00ab\u00a0Je n\u2019ai mis personne dehors. <a href=\"https:\/\/www.purepeople.com\/article\/tiffanie-esposito-familles-nombreuses-quitte-le-domicile-avec-ses-7-enfants-olivier-reagit-elle-a-fait-le-choix-de-partir_a541709\/1\" rel=\"nofollow noopener\" target=\"_blank\">Elle a fait le choix de partir<\/a> (&#8230;).<strong> <\/strong>Nos vies personnelles et nos difficult\u00e9s ne devraient pas \u00eatre expos\u00e9es sur les r\u00e9seaux sociaux, surtout dans des moments pareils. Ce sont nos enfants qui en souffrent le plus. Ils sont jeunes, en pleine scolarit\u00e9 et m\u00e9ritent d&rsquo;\u00eatre prot\u00e9g\u00e9s de cette image n\u00e9gative (&#8230;)\u00a0\u00bb. Au plus mal, le p\u00e8re de famille a fait part <strong>de son plus grand d\u00e9sarroi dimanche 24 ao\u00fbt 2025&#8230;<\/strong><\/p>\n<p><strong>\u00ab\u00a0<\/strong><strong>Le ciel aujourd&rsquo;hui ressemble \u00e0 mon coeur&#8230; Gris, lourd, un peu triste<\/strong><strong>\u00ab\u00a0<\/strong>, a confi\u00e9 Olivier Esposito, l&rsquo;\u00e2me en peine via sa story Instagram avant de publier des images de sa famille. \u00ab\u00a0Ma petite Giulia me manque tellement\u00a0\u00bba-t-il ajout\u00e9. Dans une toute autre publication particuli\u00e8rement poignante, l&rsquo;int\u00e9ress\u00e9 a d&rsquo;ailleurs d\u00e9voil\u00e9 une tendre vid\u00e9o de sa cadette <strong>qu&rsquo;il n&rsquo;aurait pas vu depuis plus d&rsquo;une semaine. <\/strong>\u00ab\u00a010 jours sans ton sourire, sans tes c\u00e2lins, sans tes petits bras autour de mon cou\u00a0\u00bb, a d\u00e9plor\u00e9 celui qui a derni\u00e8rement \u00e9t\u00e9 victime d&rsquo;une \u00ab\u00a0vague de haine\u00a0\u00bb \u00e0 son grand dam. \u00ab\u00a0Tu me manques plus que tout, ma princesse. Tu me manques plus que les mots ne sauraient le dire.\u00a0\u00bb<\/p>\n<p>Une maman courage pr\u00eate \u00e0 tout pour sa famille, Tiffanie Esposito sollicite les internautes<\/p>\n<p>En pleine tourmente, Tiffanie Esposito<strong> s&rsquo;efforce d\u00e9sormais \u00e0 aller de l&rsquo;avant pour les siens. <\/strong>Sur son propre compte Instagram ce lundi, la p\u00e9tillante brune a partag\u00e9 un aper\u00e7u de son nouveau quotidien. Dans une touchante vid\u00e9o qu&rsquo;elle a notamment relay\u00e9e, la m\u00e8re de famille nourrit sa petite derni\u00e8re confortablement install\u00e9e sur ses genoux. En d\u00e9but de journ\u00e9e, la c\u00e9l\u00e8bre matriarche a \u00e9galement lanc\u00e9 une s\u00e9rie de questions\/r\u00e9ponses pour obtenir des informations compl\u00e9mentaires qui pourraient<strong> l&rsquo;aider dans sa d\u00e9licate situation :<\/strong> \u00ab\u00a0Pensez-vous qu&rsquo;une maman de 7 enfants devrait avoir un acc\u00e8s prioritaire \u00e0 un logement d&rsquo;urgence ?\u00a0\u00bb, pouvait-on lire en l\u00e9gende. Affaire \u00e0 suivre&#8230;<\/p>\n","protected":false},"excerpt":{"rendered":"Par Louise Martin | R\u00e9dactrice Koh Lanta, Les Marseillais mais aussi Mari\u00e9s au Premier regards\u2026 Louise Martin est&hellip;\n","protected":false},"author":2,"featured_media":344335,"comment_status":"","ping_status":"","sticky":false,"template":"","format":"standard","meta":{"footnotes":""},"categories":[1356],"tags":[58,59,1011,27,252,1364],"class_list":{"0":"post-344334","1":"post","2":"type-post","3":"status-publish","4":"format-standard","5":"has-post-thumbnail","7":"category-television","8":"tag-divertissement","9":"tag-entertainment","10":"tag-fr","11":"tag-france","12":"tag-television","13":"tag-tv"},"share_on_mastodon":{"url":"https:\/\/pubeurope.com\/@fr\/115093084972889352","error":""},"_links":{"self":[{"href":"https:\/\/www.europesays.com\/fr\/wp-json\/wp\/v2\/posts\/344334","targetHints":{"allow":["GET"]}}],"collection":[{"href":"https:\/\/www.europesays.com\/fr\/wp-json\/wp\/v2\/posts"}],"about":[{"href":"https:\/\/www.europesays.com\/fr\/wp-json\/wp\/v2\/types\/post"}],"author":[{"embeddable":true,"href":"https:\/\/www.europesays.com\/fr\/wp-json\/wp\/v2\/users\/2"}],"replies":[{"embeddable":true,"href":"https:\/\/www.europesays.com\/fr\/wp-json\/wp\/v2\/comments?post=344334"}],"version-history":[{"count":0,"href":"https:\/\/www.europesays.com\/fr\/wp-json\/wp\/v2\/posts\/344334\/revisions"}],"wp:featuredmedia":[{"embeddable":true,"href":"https:\/\/www.europesays.com\/fr\/wp-json\/wp\/v2\/media\/344335"}],"wp:attachment":[{"href":"https:\/\/www.europesays.com\/fr\/wp-json\/wp\/v2\/media?parent=344334"}],"wp:term":[{"taxonomy":"category","embeddable":true,"href":"https:\/\/www.europesays.com\/fr\/wp-json\/wp\/v2\/categories?post=344334"},{"taxonomy":"post_tag","embeddable":true,"href":"https:\/\/www.europesays.com\/fr\/wp-json\/wp\/v2\/tags?post=344334"}],"curies":[{"name":"wp","href":"https:\/\/api.w.org\/{rel}","templated":true}]}}