{"id":344336,"date":"2025-08-26T04:04:10","date_gmt":"2025-08-26T04:04:10","guid":{"rendered":"https:\/\/www.europesays.com\/fr\/344336\/"},"modified":"2025-08-26T04:04:10","modified_gmt":"2025-08-26T04:04:10","slug":"soleil-bleu-de-luiza-qui-se-cache-derriere-le-tube-de-lete-bfmtv","status":"publish","type":"post","link":"https:\/\/www.europesays.com\/fr\/344336\/","title":{"rendered":"&quot;Soleil bleu&quot; de Luiza: qui se cache derri\u00e8re le tube de l&#039;\u00e9t\u00e9? &#8211; BFMTV"},"content":{"rendered":"<ol>\n<li><a href=\"https:\/\/news.google.com\/rss\/articles\/CBMitwFBVV95cUxQRTJzTDBNUUozQnl4dHFHTnNLRVZOTkZ6V3pRdlI0eEN4aDJ1bXBRVkg1TjVPUkE2dU5TXzNOd2p3LVp1SVQ5cklQaGNUYkJUMENWTUFFRFFYTWpSTXhqc2UyNE9HcDB1V2VFUDNpOEJ2eUJtVUxwN05ka0Z6cTZJUjJzT0pobXk1NjJlMThvSmlDR3hScnY0N3hzdkNlSmsweTZKMndNbmxUdElNR2FMbC1hOWlXS1U?oc=5\" target=\"_blank\" rel=\"nofollow noopener\">\u00ab\u00a0Soleil bleu\u00a0\u00bb de Luiza: qui se cache derri\u00e8re le tube de l&rsquo;\u00e9t\u00e9?<\/a>&nbsp;&nbsp;BFMTV<\/li>\n<li><a href=\"https:\/\/news.google.com\/rss\/articles\/CBMi_wFBVV95cUxQOTZ1X0thVVNNV1ZuYkRQTm5Qbnl6dEFSVlYwVnlpYXNtNDh3OGhEZlptdWZSTkdEbFZ5SmphSDZZR3d4R1Rhd1I5bFBlYzktVlF6TDNuX1BpcHpEY2c4YXNkN1lpaWEzc3FEMFlya0VINUE4LUFXUWdkV3JUN3pHMklCS2hXYnNkdDE2aTA1dVBBVHZ1Q3kxUEpoRFM2RzZVVHZyaFlNVG1zcERCeW5SMXJUQVRGN2MydHVtVnJfMUJYd3pLemRqMklVYUc2cEtQZE0xaXhwdTlFSzJSajhnRGk3b0JLbXFYTmQ0dlNpZzBLVXN0d21uTmtCMUI5Qkk?oc=5\" target=\"_blank\" rel=\"nofollow noopener\">\u00ab On n\u2019est pas pr\u00e8s d\u2019oublier ce moment ! \u00bb : ce couple breton a accueilli \u00e0 bord la chanteuse Luiza<\/a>&nbsp;&nbsp;Ouest-France<\/li>\n<li><a href=\"https:\/\/news.google.com\/rss\/articles\/CBMizgFBVV95cUxPcE8ySWhta3JVMm1CQXpYWl9kMl9EckQ1QmtIV3JWbzg0UFo5dVcwS1FjSThwWTljWGx2bXF0UWQyVExiNmZCZWpiQTNDX0M1TzNxRFZQaEdlYTRRdExaLWh0NnFxanVpZFc3bGdNcVFMOXlid0JuSm0xY2VDc0hEdm11enltR3JpcnNJNlQ4aUdjdmRIWU5ORElpalpYTk93R2tGRUZPRWY1VGFQZnNFLW9xOGc3MGw4NjE1ZW9KbEp0cXVQLWxMNGEwczJrZw?oc=5\" target=\"_blank\" rel=\"nofollow noopener\">\u00ab\u00a0Soleil bleu\u00a0\u00bb de Luiza: rencontre avec la chanteuse du tube inattendu de l&rsquo;\u00e9t\u00e9<\/a>&nbsp;&nbsp;Actualit\u00e9s \u2013 Orange<\/li>\n<li><a href=\"https:\/\/news.google.com\/rss\/articles\/CBMi9gFBVV95cUxQNF85cW5ULUNJQzA1a3RCQm5leU9mLVNqSnBxdUF6NzdkUVZhSFc4RDZkem43Tks5Vms0OU1tV3ZzeW1JNGNkUnRwUkdDSjlSaE1UV1JOWG5zelp0WHd6bjFPazdNU1NGR2d3cHkycWF5bnh4dUVxZF9fYldGSDdzNS1FMHRYd2FQY0ZjMkpfZ3N2VmF1TmVKWEkyRTh0bHhzb2tSZU1jR1I0dXZQNVdCalRVQWFrUGFhUFByQThmMnV3YnNCX3U0enZBdENMQ0tKbmpBRWdPeGRKRHdVT1hqNGUzalVycWJpUGZYNHdEd2VpOXpDTFE?oc=5\" target=\"_blank\" rel=\"nofollow noopener\">Un succ\u00e8s \u00ab incroyable \u00bb : la Bretonne Luiza partage les secrets de son tube de l\u2019\u00e9t\u00e9 \u00abSoleil bleu\u00bb<\/a>&nbsp;&nbsp;Maville.com Saint Brieuc<\/li>\n<li><a href=\"https:\/\/news.google.com\/rss\/articles\/CBMimgFBVV95cUxOeG9XVWJsUDdVbUU5OERIeUp3c3A5Uk5WUjNzdGJvQnh0NkVrN2hUYVlJM180NG5QcW5ZRVVmem9WaEhiRVFUQ2pRYVA1dGhESEl2YUxvN1NBSGhOWVlxc3E3eVpvby1FUm81eTN3b29BUGxfZC03VkRPYkVqbmxQSXAtSHRZLTVFRUVfLW9uVmJLMVdpOWdPTTZR?oc=5\" target=\"_blank\" rel=\"nofollow noopener\">Dubplate Story : Luiza &amp; Bleu Soleil x Reggae.fr<\/a>&nbsp;&nbsp;Reggae.fr<\/li>\n<\/ol>\n","protected":false},"excerpt":{"rendered":"\u00ab\u00a0Soleil bleu\u00a0\u00bb de Luiza: qui se cache derri\u00e8re le tube de l&rsquo;\u00e9t\u00e9?&nbsp;&nbsp;BFMTV \u00ab On n\u2019est pas pr\u00e8s d\u2019oublier&hellip;\n","protected":false},"author":2,"featured_media":344337,"comment_status":"","ping_status":"","sticky":false,"template":"","format":"standard","meta":{"footnotes":""},"categories":[1355],"tags":[58,59,1011,27,1361,873],"class_list":{"0":"post-344336","1":"post","2":"type-post","3":"status-publish","4":"format-standard","5":"has-post-thumbnail","7":"category-musique","8":"tag-divertissement","9":"tag-entertainment","10":"tag-fr","11":"tag-france","12":"tag-music","13":"tag-musique"},"share_on_mastodon":{"url":"https:\/\/pubeurope.com\/@fr\/115093088717406633","error":""},"_links":{"self":[{"href":"https:\/\/www.europesays.com\/fr\/wp-json\/wp\/v2\/posts\/344336","targetHints":{"allow":["GET"]}}],"collection":[{"href":"https:\/\/www.europesays.com\/fr\/wp-json\/wp\/v2\/posts"}],"about":[{"href":"https:\/\/www.europesays.com\/fr\/wp-json\/wp\/v2\/types\/post"}],"author":[{"embeddable":true,"href":"https:\/\/www.europesays.com\/fr\/wp-json\/wp\/v2\/users\/2"}],"replies":[{"embeddable":true,"href":"https:\/\/www.europesays.com\/fr\/wp-json\/wp\/v2\/comments?post=344336"}],"version-history":[{"count":0,"href":"https:\/\/www.europesays.com\/fr\/wp-json\/wp\/v2\/posts\/344336\/revisions"}],"wp:featuredmedia":[{"embeddable":true,"href":"https:\/\/www.europesays.com\/fr\/wp-json\/wp\/v2\/media\/344337"}],"wp:attachment":[{"href":"https:\/\/www.europesays.com\/fr\/wp-json\/wp\/v2\/media?parent=344336"}],"wp:term":[{"taxonomy":"category","embeddable":true,"href":"https:\/\/www.europesays.com\/fr\/wp-json\/wp\/v2\/categories?post=344336"},{"taxonomy":"post_tag","embeddable":true,"href":"https:\/\/www.europesays.com\/fr\/wp-json\/wp\/v2\/tags?post=344336"}],"curies":[{"name":"wp","href":"https:\/\/api.w.org\/{rel}","templated":true}]}}