{"id":344338,"date":"2025-08-26T04:05:11","date_gmt":"2025-08-26T04:05:11","guid":{"rendered":"https:\/\/www.europesays.com\/fr\/344338\/"},"modified":"2025-08-26T04:05:11","modified_gmt":"2025-08-26T04:05:11","slug":"bayrou-en-mission-impossible-face-a-une-chute-plus-probable-que-jamais-actualites","status":"publish","type":"post","link":"https:\/\/www.europesays.com\/fr\/344338\/","title":{"rendered":"Bayrou en mission impossible face \u00e0 une chute plus probable que jamais : Actualit\u00e9s"},"content":{"rendered":"<p class=\"lead \">Fran\u00e7ois Bayrou entame mardi devant la CFDT une op\u00e9ration de la derni\u00e8re chance pour tenter d&rsquo;arracher la survie de son gouvernement, plus que jamais menac\u00e9 d&rsquo;\u00eatre renvers\u00e9 par les oppositions lors du vote de confiance du 8 septembre qui inaugure une nouvelle p\u00e9riode d&rsquo;incertitudes.<\/p>\n<p class=\"lead \">Confront\u00e9 au rejet de son plan d&rsquo;\u00e9conomies budg\u00e9taires de pr\u00e8s de 44 milliards d&rsquo;euros d&rsquo;\u00e9conomies, par les opposants comme dans l&rsquo;opinion, ainsi qu&rsquo;\u00e0 des appels \u00e0 bloquer le pays le 10 septembre, le Premier ministre a brandi un va-tout lundi pour sa rentr\u00e9e.<\/p>\n<p class=\"lead \">A sa demande, Emmanuel Macron va ainsi convoquer une session parlementaire extraordinaire le 8 septembre, et M. Bayrou sollicitera le jour-m\u00eame la confiance de l&rsquo;Assembl\u00e9e sur une d\u00e9claration de politique g\u00e9n\u00e9rale. Son espoir: faire valider la n\u00e9cessit\u00e9 d&rsquo;un tel plan de r\u00e9duction du d\u00e9ficit public, avant d&rsquo;en n\u00e9gocier les mesures, dans un second temps.<\/p>\n<p class=\"lead \">Mais les r\u00e9actions des oppositions ont \u00e9t\u00e9 imm\u00e9diates et ne semblent laisser quasiment aucune chance de r\u00e9ussite au gouvernement, priv\u00e9 de majorit\u00e9 depuis sa naissance en d\u00e9cembre.<\/p>\n<p class=\"lead \">Du Rassemblement national \u00e0 La France insoumise en passant par les Ecologistes et les communistes, tous ont promis de voter contre la confiance.<\/p>\n<p class=\"lead \">Matignon esp\u00e9rait peut-\u00eatre trouver un compromis avec le Parti socialiste. Mais \u00ab\u00a0les socialistes voteront contre la confiance\u00a0\u00bb \u00e0 Fran\u00e7ois Bayrou, a tranch\u00e9 leur patron Olivier Faure.<\/p>\n<p class=\"lead \">Sauf revirement, coup de th\u00e9\u00e2tre ou tractations positives d&rsquo;ici l\u00e0, ces oppositions conjugu\u00e9es disent que la France sera virtuellement sans gouvernement dans deux semaines. Un nouveau rebondissement dans l&rsquo;instabilit\u00e9 politique provoqu\u00e9e par la dissolution de l&rsquo;Assembl\u00e9e nationale en juin 2024, qui risque en outre d&rsquo;ouvrir une phase de turbulences financi\u00e8res.<\/p>\n<p class=\"lead \">&#8211; F\u00e9brilit\u00e9 &#8211;<\/p>\n<p class=\"lead \">Signe de f\u00e9brilit\u00e9: la Bourse de Paris a nettement recul\u00e9 lundi et le taux d&rsquo;int\u00e9r\u00eat de la dette fran\u00e7aise a grimp\u00e9, dans la foul\u00e9e de l&rsquo;annonce surprise de Fran\u00e7ois Bayrou.<\/p>\n<p class=\"lead \">A l&rsquo;extr\u00eame droite, Marine Le Pen a r\u00e9it\u00e9r\u00e9 son souhait d&rsquo;une nouvelle dissolution de l&rsquo;Assembl\u00e9e. Un sc\u00e9nario qu&rsquo;Emmanuel Macron a plusieurs fois assur\u00e9 vouloir \u00e9viter.<\/p>\n<p class=\"lead \">A gauche, la secr\u00e9taire nationale des Ecologistes Marine Tondelier a estim\u00e9 que l&rsquo;initiative du Premier ministre \u00e9tait \u00ab\u00a0de fait une d\u00e9mission\u00a0\u00bb. Il a \u00ab\u00a0fait le choix de partir\u00a0\u00bb, c&rsquo;est une \u00ab\u00a0autodissolution\u00a0\u00bb, a abond\u00e9 Olivier Faure.<\/p>\n<p class=\"lead \">PS, Ecologistes et le reste de la gauche unioniste, qui promettent une candidature commune pour 2027 (sans M\u00e9lenchon ni Glucksmann \u00e0 ce stade) se disent\u00a0\u00bb pr\u00eats\u00a0\u00bb \u00e0 prendre la suite du gouvernement Bayrou. <\/p>\n<p class=\"lead \">Apr\u00e8s deux premi\u00e8res conf\u00e9rences de presse et une s\u00e9rie estivale de vid\u00e9os Youtube, Fran\u00e7ois Bayrou se retrouve confront\u00e9 aux vives r\u00e9actions aux mesures envisag\u00e9es pour r\u00e9duire le d\u00e9ficit public, en particulier son projet de suppression de deux jours f\u00e9ri\u00e9s.<\/p>\n<p class=\"lead \">Un d\u00e9bat \u00ab\u00a0d\u00e9voy\u00e9\u00a0\u00bb selon le chef du gouvernement, qui, avant de d\u00e9battre de ces dispositions dans le d\u00e9tail, entend solliciter la confiance sur le diagnostic: \u00ab\u00a0Y a-t-il ou pas urgence nationale \u00e0 r\u00e9\u00e9quilibrer nos comptes publics et \u00e0 \u00e9chapper, parce que c&rsquo;est encore possible, \u00e0 la mal\u00e9diction du surendettement?\u00a0\u00bb, a-t-il pos\u00e9 lundi.<\/p>\n<p class=\"lead \">La date retenue, le 8 septembre, pr\u00e9c\u00e8de de deux jours l&rsquo;appel, lanc\u00e9 sur les r\u00e9seaux sociaux et les messageries, \u00e0 bloquer la France. Un appel soutenu par la gauche, de LFI au PS.<\/p>\n<p class=\"lead \">Les syndicats rejettent aussi les mesures du plan gouvernemental, qui comprennent aussi une ann\u00e9e blanche fiscale et le gel des prestations sociales. Ils s&rsquo;opposent \u00e9galement au projet d&rsquo;une nouvelle r\u00e9forme de l&rsquo;assurance-ch\u00f4mage, et ont re\u00e7u tr\u00e8s frileusement la proposition de la ministre du Travail Astrid Panosyan-Bouvet de permettre la mon\u00e9tisation de la cinqui\u00e8me semaine de cong\u00e9s pay\u00e9s.<\/p>\n<p class=\"lead \">Si elles demeurent circonspectes face aux appels du 10 septembre, les organisations syndicales r\u00e9fl\u00e9chissent aux modes d&rsquo;actions, avant une intersyndicale pr\u00e9vue d\u00e8s ce vendredi. Certaines f\u00e9d\u00e9rations de la CGT et de Solidaires ont d\u00e9j\u00e0 pr\u00e9vu de se mobiliser le 10 septembre.<\/p>\n<p class=\"lead \">C&rsquo;est dans ce contexte que Fran\u00e7ois Bayrou interviendra mardi lors de l&rsquo;\u00e9v\u00e8nement de rentr\u00e9e de la CFDT, initialement pr\u00e9vu \u00e0 la Bourse du Travail \u00e0 Paris et finalement d\u00e9plac\u00e9 \u00e0 Boissy-la-Rivi\u00e8re (Essonne).<\/p>\n<p class=\"lead \">Le Premier ministre a fait du dialogue social un mantra de son bail \u00e0 Matignon. Mais le \u00ab\u00a0conclave\u00a0\u00bb convoqu\u00e9 pour revisiter la r\u00e9forme des retraites de 2023 s&rsquo;est achev\u00e9 sur un \u00e9chec. <\/p>\n<p class=\"lead \">M. Bayrou doit ensuite s&rsquo;exprimer jeudi lors de l&rsquo;\u00e9v\u00e8nement de rentr\u00e9e du Medef. Il est attendu vendredi \u00e0 la Foire de Ch\u00e2lons.<\/p>\n<p class=\"small font-weight-bold text-gray3 \"> publi\u00e9 le 26 ao\u00fbt \u00e0 04h07, AFP<\/p>\n<p>                             Partager<\/p>\n","protected":false},"excerpt":{"rendered":"Fran\u00e7ois Bayrou entame mardi devant la CFDT une op\u00e9ration de la derni\u00e8re chance pour tenter d&rsquo;arracher la survie&hellip;\n","protected":false},"author":2,"featured_media":344339,"comment_status":"","ping_status":"","sticky":false,"template":"","format":"standard","meta":{"footnotes":""},"categories":[1354],"tags":[1003,58,59,1346,590,1011,27,418,1360,1050,316,3427],"class_list":{"0":"post-344338","1":"post","2":"type-post","3":"status-publish","4":"format-standard","5":"has-post-thumbnail","7":"category-films","8":"tag-budget","9":"tag-divertissement","10":"tag-entertainment","11":"tag-films","12":"tag-finance","13":"tag-fr","14":"tag-france","15":"tag-gouvernement","16":"tag-movies","17":"tag-parlement","18":"tag-politique","19":"tag-syndicats"},"share_on_mastodon":{"url":"https:\/\/pubeurope.com\/@fr\/115093092684084580","error":""},"_links":{"self":[{"href":"https:\/\/www.europesays.com\/fr\/wp-json\/wp\/v2\/posts\/344338","targetHints":{"allow":["GET"]}}],"collection":[{"href":"https:\/\/www.europesays.com\/fr\/wp-json\/wp\/v2\/posts"}],"about":[{"href":"https:\/\/www.europesays.com\/fr\/wp-json\/wp\/v2\/types\/post"}],"author":[{"embeddable":true,"href":"https:\/\/www.europesays.com\/fr\/wp-json\/wp\/v2\/users\/2"}],"replies":[{"embeddable":true,"href":"https:\/\/www.europesays.com\/fr\/wp-json\/wp\/v2\/comments?post=344338"}],"version-history":[{"count":0,"href":"https:\/\/www.europesays.com\/fr\/wp-json\/wp\/v2\/posts\/344338\/revisions"}],"wp:featuredmedia":[{"embeddable":true,"href":"https:\/\/www.europesays.com\/fr\/wp-json\/wp\/v2\/media\/344339"}],"wp:attachment":[{"href":"https:\/\/www.europesays.com\/fr\/wp-json\/wp\/v2\/media?parent=344338"}],"wp:term":[{"taxonomy":"category","embeddable":true,"href":"https:\/\/www.europesays.com\/fr\/wp-json\/wp\/v2\/categories?post=344338"},{"taxonomy":"post_tag","embeddable":true,"href":"https:\/\/www.europesays.com\/fr\/wp-json\/wp\/v2\/tags?post=344338"}],"curies":[{"name":"wp","href":"https:\/\/api.w.org\/{rel}","templated":true}]}}