{"id":344356,"date":"2025-08-26T04:15:13","date_gmt":"2025-08-26T04:15:13","guid":{"rendered":"https:\/\/www.europesays.com\/fr\/344356\/"},"modified":"2025-08-26T04:15:13","modified_gmt":"2025-08-26T04:15:13","slug":"ligue-2-vous-etes-supporter-du-gf38-comment-aller-le-soutenir-a-saint-etienne","status":"publish","type":"post","link":"https:\/\/www.europesays.com\/fr\/344356\/","title":{"rendered":"Ligue 2. Vous \u00eates supporter du GF38, comment aller le soutenir \u00e0 Saint-Etienne\u00a0?"},"content":{"rendered":"<p><a title=\"football L2 Clermont - GF38 rebond\" href=\"https:\/\/www.ledauphine.com\/sport\/2025\/08\/23\/ca-peut-arriver-de-demarrer-tres-difficilement-un-debut-de-saison-inquietant-pour-le-gf38\" target=\"_blank\" rel=\"noopener\">Dans le d\u00e9but de saison morose que traverse le Grenoble Foot 38<\/a> (un nul et deux d\u00e9faites, 16e de Ligue 2), c\u2019est un rayon de soleil. Une \u00e9claircie \u00e0 l\u2019horizon, qui donne envie aux supporters de revenir voir leur \u00e9quipe. <a title=\"foot L2 ASSE - GF38 o\u00f9 voir\" href=\"https:\/\/www.ledauphine.com\/sport\/2025\/08\/25\/ligue-2-sur-quelle-chaine-regarder-asse-gf38\" target=\"_blank\" rel=\"noopener\">Samedi 30\u00a0ao\u00fbt, le club dauphinois sera en d\u00e9placement \u00e0 Saint-Etienne<\/a> , pour un des deux derbies r\u00e9gionaux de la saison (avec Annecy) et surtout une des affiches les plus all\u00e9chantes de la saison 2025-2026.<\/p>\n<p>De nombreux Is\u00e9rois effectueront le court voyage jusque dans la Loire, m\u00eame si tous ne pourront pas s\u2019y rendre. Pourquoi\u00a0? D\u00e9j\u00e0 parce que les d\u00e9placements en voiture individuelle de personnes estampill\u00e9es \u201csupporters du GF38\u201d sont interdits par les autorit\u00e9s. Il faudra donc emprunter les cars officiels sp\u00e9cialement affr\u00e9t\u00e9s pour ce match.<\/p>\n<p>Ensuite, parce que le nombre de places r\u00e9serv\u00e9es dans le parcage visiteurs du Chaudron est limit\u00e9. Dans un premier temps, la pr\u00e9fecture de la Loire avait attribu\u00e9 350 places au club grenoblois. Apr\u00e8s insistance de ce dernier, le quota est mont\u00e9 \u00e0 450\u2026 alors que la partie du stade Geoffroy-Guichard pr\u00e9vue \u00e0 cet effet peut en accueillir davantage.<\/p>\n<p><strong><a href=\"https:\/\/www.ledauphine.com\/sport\/calendrier-resultats\/football\/national-ligue-2\" target=\"_blank\" rel=\"noopener\">&gt;&gt; Retrouvez le calendrier, le classement et les r\u00e9sultats de la Ligue 2<\/a><\/strong><\/p>\n<p>  Avec le club ou les groupes de supporters<\/p>\n<p>Ces places grenobloises ont \u00e9t\u00e9 r\u00e9parties entre le club et ses groupes de supporters. D\u00e8s la mi-ao\u00fbt, les Red Kaos 94 ont propos\u00e9 des places aux fans du GF\u00a0; au tarif de 40\u00a0\u20acuros (cartes fid\u00e8les) ou 45\u00a0\u20acuros (non encart\u00e9s). Beaucoup ont d\u00e9j\u00e0 \u00e9t\u00e9 vendus et plusieurs bus ont \u00e9t\u00e9 remplis.<\/p>\n<p>Selon nos informations, il en reste encore quelques-unes \u00e0 la vente. Pour tenter de les r\u00e9cup\u00e9rer, il faut contacter la Tribune Ouest Grenoble sur ses r\u00e9seaux sociaux (X, Facebook et Instagram).<\/p>\n<p><a href=\"https:\/\/gf38.fr\/asse-gf38-prenez-vos-places-pour-le-deplacement\/\" target=\"_blank\" title=\"foot GF38 modalit\u00e9s d\u00e9placement Saint\u00e9\" rel=\"noopener\">L\u2019autre moyen, c\u2019est de passer directement par le GF38<\/a>. Via sa billetterie officielle, sur son site internet, le club propose une formule place +\u00a0bus \u00e0 35\u00a0\u20acuros. Les derniers s\u00e9sames pourront aussi s\u2019acheter lors de la permanence abonnements qui se tiendra mercredi 27\u00a0ao\u00fbt au Stade des Alpes (entre 13\u00a0h \u00e0 19 heures).<\/p>\n<p>Une chose est s\u00fbre\u00a0: les partenaires de Ga\u00ebtan Paquiez ne seront pas seuls, samedi, pour faire face aux Verts, <a href=\"https:\/\/www.ledauphine.com\/sport\/classement\/football\/national-ligue-2\" target=\"_blank\" title=\"foot L2 classement apr\u00e8s J3\" rel=\"noopener\">leaders du championnat de Ligue 2 apr\u00e8s trois journ\u00e9es<\/a>.<\/p>\n<p>Ce contenu est bloqu\u00e9 car vous n&rsquo;avez pas accept\u00e9 les cookies et autres traceurs.<\/p>\n<p>En cliquant sur \u00ab J\u2019accepte \u00bb, les cookies et autres traceurs seront d\u00e9pos\u00e9s et vous pourrez visualiser les contenus  (<a href=\"\" class=\"consentModule_policy\" target=\"_blank\" title=\"Consulter la politique de protection des donn\u00e9es du fournisseur\">plus d&rsquo;informations<\/a>).<\/p>\n<p>En cliquant sur \u00ab J\u2019accepte tous les cookies \u00bb, vous autorisez des d\u00e9p\u00f4ts de cookies et autres traceurs pour le stockage de vos donn\u00e9es sur nos sites et applications \u00e0 des fins de personnalisation et de ciblage publicitaire.<\/p>\n<p class=\"consentModule_secondaryText\">Vous gardez la possibilit\u00e9 de retirer votre consentement \u00e0 tout moment en consultant notre <a href=\"https:\/\/www.ledauphine.com\/protection-des-donnees\" target=\"_blank\" title=\"Consulter notre politique de protection des donn\u00e9es\" rel=\"noopener\">politique de protection des donn\u00e9es<\/a>. <br \/>&#13;<br \/>\n            <a href=\"https:\/\/www.ledauphine.com\/sport\/2025\/08\/26\/javascript:Didomi.notice.show()\" class=\"consentModule_cmp\" target=\"_blank\" rel=\"noopener\">G\u00e9rer mes choix<\/a>&#13;\n        <\/p>\n<p>&#13;<br \/>\n                        J&rsquo;accepte&#13;<br \/>\n            J&rsquo;accepte tous les cookies&#13;\n        <\/p>\n<p class=\"insetTitle\">Le message des supporters \u00e0 la direction du GF38<\/p>\n<p>Lundi matin, quand le personnel et la direction du GF38 sont arriv\u00e9s dans leurs bureaux, au Stade des Alpes, un message les attendait. Les ultras de la tribune Ouest \u2013 habitu\u00e9s \u00e0 ce mode de communication \u2013 avaient d\u00e9pos\u00e9 une banderole\u00a0: \u201cUrgence Mercato. Rosnoblet, des recrues d\u2019exp\u00e9rience pour sauver un d\u00e9but de saison catastrophique. RK94\u201d. Le pr\u00e9sident grenoblois et la direction sportive ont jusqu\u2019au lundi 1er\u00a0septembre (20 heures) pour boucler des \u00e9ventuelles recrues.<\/p>\n","protected":false},"excerpt":{"rendered":"Dans le d\u00e9but de saison morose que traverse le Grenoble Foot 38 (un nul et deux d\u00e9faites, 16e&hellip;\n","protected":false},"author":2,"featured_media":344357,"comment_status":"","ping_status":"","sticky":false,"template":"","format":"standard","meta":{"footnotes":""},"categories":[9653],"tags":[1111,11,9443,2430,112,113,114,1777,674,1701,63,1011,27,12637,2731,2732,108,12636,12,25,4001,517],"class_list":{"0":"post-344356","1":"post","2":"type-post","3":"status-publish","4":"format-standard","5":"has-post-thumbnail","7":"category-saint-etienne","8":"tag-actu","9":"tag-actualites","10":"tag-asse-as-saint-etienne","11":"tag-auvergne-rhone-alpes","12":"tag-edition-grenoble-agglomeration","13":"tag-edition-gresivaudan-oisans","14":"tag-edition-voiron-saint-marcellin","15":"tag-eu","16":"tag-europe","17":"tag-fil-info-sport","18":"tag-football","19":"tag-fr","20":"tag-france","21":"tag-gf38-grenoble-foot-38","22":"tag-grenoble","23":"tag-grenoble-bassin","24":"tag-isere","25":"tag-ligue-2-football","26":"tag-news","27":"tag-republique-francaise","28":"tag-saint-etienne","29":"tag-sport"},"share_on_mastodon":{"url":"https:\/\/pubeurope.com\/@fr\/115093131921559657","error":""},"_links":{"self":[{"href":"https:\/\/www.europesays.com\/fr\/wp-json\/wp\/v2\/posts\/344356","targetHints":{"allow":["GET"]}}],"collection":[{"href":"https:\/\/www.europesays.com\/fr\/wp-json\/wp\/v2\/posts"}],"about":[{"href":"https:\/\/www.europesays.com\/fr\/wp-json\/wp\/v2\/types\/post"}],"author":[{"embeddable":true,"href":"https:\/\/www.europesays.com\/fr\/wp-json\/wp\/v2\/users\/2"}],"replies":[{"embeddable":true,"href":"https:\/\/www.europesays.com\/fr\/wp-json\/wp\/v2\/comments?post=344356"}],"version-history":[{"count":0,"href":"https:\/\/www.europesays.com\/fr\/wp-json\/wp\/v2\/posts\/344356\/revisions"}],"wp:featuredmedia":[{"embeddable":true,"href":"https:\/\/www.europesays.com\/fr\/wp-json\/wp\/v2\/media\/344357"}],"wp:attachment":[{"href":"https:\/\/www.europesays.com\/fr\/wp-json\/wp\/v2\/media?parent=344356"}],"wp:term":[{"taxonomy":"category","embeddable":true,"href":"https:\/\/www.europesays.com\/fr\/wp-json\/wp\/v2\/categories?post=344356"},{"taxonomy":"post_tag","embeddable":true,"href":"https:\/\/www.europesays.com\/fr\/wp-json\/wp\/v2\/tags?post=344356"}],"curies":[{"name":"wp","href":"https:\/\/api.w.org\/{rel}","templated":true}]}}