{"id":344360,"date":"2025-08-26T04:23:21","date_gmt":"2025-08-26T04:23:21","guid":{"rendered":"https:\/\/www.europesays.com\/fr\/344360\/"},"modified":"2025-08-26T04:23:21","modified_gmt":"2025-08-26T04:23:21","slug":"moi-jai-vraiment-tout-aime-six-bonnes-raisons-damener-les-enfants-a-lexpo-soulages-du-musee-fabre-de-montpellier","status":"publish","type":"post","link":"https:\/\/www.europesays.com\/fr\/344360\/","title":{"rendered":"\u00ab\u00a0Moi, j\u2019ai vraiment tout aim\u00e9\u00a0\u00bb\u00a0: six bonnes raisons d\u2019amener les enfants \u00e0 l\u2019expo Soulages du Mus\u00e9e Fabre de Montpellier"},"content":{"rendered":"<p>\n                                                                Livrets-jeux, visites guid\u00e9es adapt\u00e9es aux enfants, ateliers cr\u00e9atifs ou encore immersion en r\u00e9alit\u00e9 virtuelle permettent aux plus jeunes comme aux adultes de d\u00e9couvrir l\u2019univers du peintre.\n                            <\/p>\n<p>On ne va pas se mentir, pour certaines familles, tra\u00eener ses enfants au mus\u00e9e peut s\u2019av\u00e9rer \u00eatre un sacr\u00e9 challenge. Pourtant les petits \u2013 comme les grands \u2013 en ressortent toujours ravis et grandis.<\/p>\n<p>Et avec <a href=\"https:\/\/www.midilibre.fr\/2025\/06\/28\/ses-deux-derniers-noirs-un-blanc-inedit-et-quelque-120-oeuvres-a-la-decouverte-de-lexposition-pierre-soulages-au-musee-fabre-de-montpellier-12790310.php\" target=\"_blank\" rel=\"nofollow noopener\">l\u2019exposition Soulages \u00e0 l\u2019affiche, <\/a>ce serait dommage de ne pas se d\u00e9placer au Mus\u00e9e Fabre et de ne pas en profiter.<\/p>\n<p>Pour ne plus h\u00e9siter \u00e0 franchir le cap, voici une liste \u2013 non exhaustive \u2013 d\u2019arguments qui convaincront s\u00fbrement les plus r\u00e9fractaires.<\/p>\n<p>1. Une chasse aux \u0153uvres<\/p>\n<p>Pour rendre la visite plus attractive et plus ludique, le mus\u00e9e remet un\u00a0livret jeux aux enfants qui savent lire. Gr\u00e2ce \u00e0 ce support, ils peuvent parcourir les diff\u00e9rentes salles \u00e0 la recherche de 8 \u0153uvres et 10 dates. Une petite chasse au tr\u00e9sor qui leur permettra de comprendre le travail de Pierre Soulages, ses inspirations, ses outils\u2026 Une mani\u00e8re pour les parents de profiter de la visite pendant que les plus jeunes s\u2019occupent \u00e0 d\u00e9couvrir l\u2019expo de leur c\u00f4t\u00e9.<\/p>\n<p>2. Des visites guid\u00e9es adapt\u00e9es aux tout-petits<\/p>\n<p>Comme pour toutes les expositions et celle de Soulages ne fait pas exception, le mus\u00e9e Fabre a concoct\u00e9 des visites familles adapt\u00e9es aux enfants suivant leur \u00e2ge. \u00ab\u00a0Silence, \u00e9coutons Soulages\u00a0\u00bb est id\u00e9ale pour les 2-5 ans.<\/p>\n<p>        <img decoding=\"async\" class=\"std-img__img responsive-img\" src=\"https:\/\/www.europesays.com\/fr\/wp-content\/uploads\/2025\/08\/1756182198_176_image.jpg\" alt=\"Les tout-petits aussi ont leur visite.\"\/><\/p>\n<p>                Les tout-petits aussi ont leur visite.<br \/>\n                                    Midi Libre &#8211; GIACOMO ITALIANO<\/p>\n<p>Cette visite permet d\u2019aborder les formes, les couleurs et les outils de l\u2019artiste. \u00ab\u00a0La guide, Floriana, est arriv\u00e9e \u00e0 capter l\u2019attention de ce public pas toujours tr\u00e8s attentif. Ma fille, pourtant timide, a particip\u00e9 avec joie\u00a0\u00bb, explique Cathy qui esp\u00e8re pouvoir revenir pour une visite \u00ab\u00a0plus adulte la prochaine fois.\u00a0\u00bb<\/p>\n<p>        <img decoding=\"async\" class=\"std-img__img responsive-img\" src=\"https:\/\/www.europesays.com\/fr\/wp-content\/uploads\/2025\/08\/1756182199_595_image.jpg\" alt=\"Une installation con\u00e7ue pour les petits.\"\/><\/p>\n<p>                Une installation con\u00e7ue pour les petits.<br \/>\n                                    Midi Libre &#8211; GIACOMO ITALIANO<\/p>\n<p>La visite se termine par un temps au sein de l\u2019installation artistique \u00ab\u00a0Tapis dans la lumi\u00e8re\u00a0\u00bb, mis en place pour ce public sp\u00e9cifique avec des jeux et un tapis d\u2019exploration sensorielle.<\/p>\n<p>3. L\u2019aventure de la lumi\u00e8re pour les 6-10 ans<\/p>\n<p>Cette visite guid\u00e9e est destin\u00e9e aux plus grands. Audrey\u00a0embarque les enfants \u00e0 la recherche de la lumi\u00e8re. Avec humour et quelques astuces, la guide fait grandement participer les jeunes visiteurs.<\/p>\n<p>        <img decoding=\"async\" class=\"std-img__img responsive-img\" src=\"https:\/\/www.europesays.com\/fr\/wp-content\/uploads\/2025\/08\/1756182200_618_image.jpg\" alt=\"Les petits tr\u00e8s attentifs aux explications.\"\/><\/p>\n<p>                Les petits tr\u00e8s attentifs aux explications.<br \/>\n                                    Midi Libre &#8211; GIACOMO ITALIANO<\/p>\n<p>Une petite \u00e9toile qui doit se gorger \u00e0 chaque \u00e9tape de lumi\u00e8re pour devenir un beau soleil \u00e0 la fin de la visite. Ainsi au fil des salles, les enfants vont pouvoir construire un tableau \u00e0 l\u2019aide de toile magn\u00e9tique, reconna\u00eetre les intrus dans les instruments de cr\u00e9ation utilis\u00e9s par l\u2019artiste\u2026<\/p>\n<p>Une visite qui se termine par un atelier, pour que chacun puisse concevoir une petite \u0153uvre dans laquelle le noir r\u00e9v\u00e9lera toutes les facettes de la lumi\u00e8re.<\/p>\n<p>        <img decoding=\"async\" class=\"std-img__img responsive-img\" src=\"https:\/\/www.europesays.com\/fr\/wp-content\/uploads\/2025\/08\/1756182201_662_image.jpg\" alt=\"Des ateliers cr\u00e9atifs en fin de visite bien appr\u00e9ci\u00e9s.\"\/><\/p>\n<p>                Des ateliers cr\u00e9atifs en fin de visite bien appr\u00e9ci\u00e9s.<br \/>\n                                    Midi Libre &#8211; GIACOMO ITALIANO<\/p>\n<p>        <img decoding=\"async\" class=\"std-img__img responsive-img\" src=\"https:\/\/www.europesays.com\/fr\/wp-content\/uploads\/2025\/08\/1756182201_16_image.jpg\" alt=\"\u00c0 chacun sa cr\u00e9ation.\"\/><\/p>\n<p>                \u00c0 chacun sa cr\u00e9ation.<br \/>\n                                    Midi Libre &#8211; GIACOMO ITALIANO<\/p>\n<p>\u00ab\u00a0C\u2019\u00e9tait tr\u00e8s chouette\u00a0\u00bb, confient en ch\u0153ur Karl, Alexis et Isaac. Yendi, 7 ans, est aussi conquise que sa maman\u00a0: \u00ab\u00a0J\u2019ai tout aim\u00e9, tous les tableaux et tout ce qu\u2019on a fait.\u00a0\u00bb Pour \u00c9liott, le plus jeune de la visite, il \u00e9tait particuli\u00e8rement fier de repartir avec sa cr\u00e9ation.<\/p>\n<p>4. Les ateliers<\/p>\n<p>Deux ateliers artistiques sont propos\u00e9s pour d\u00e9couvrir autrement l\u2019\u0153uvre de Pierre Soulages. \u00c9crire la lumi\u00e8re (une journ\u00e9e) et Dans le pli de l\u2019ombre (deux heures) sont ainsi accessibles d\u00e8s 7 ans.<\/p>\n<p>Seul b\u00e9mol\u00a0: comme les visites guid\u00e9es, les r\u00e9servations sont nombreuses. Il faut s\u2019y prendre \u00e0 l\u2019avance.<\/p>\n<p>5. Exp\u00e9rience immersive en r\u00e9alit\u00e9 virtuelle<\/p>\n<p><a href=\"https:\/\/www.midilibre.fr\/2025\/06\/27\/video-on-a-teste-un-voyage-inedit-en-realite-virtuelle-qui-transpose-le-visiteur-dans-la-peau-de-pierre-soulages-au-musee-fabre-de-montpellier-12774434.php\" target=\"_blank\" rel=\"nofollow noopener\">Intitul\u00e9e Outrenoir, l\u2019exp\u00e9rience immersive en r\u00e9alit\u00e9 virtuelle<\/a>\u00a0est un compl\u00e9ment \u00e0 l\u2019expo et est assez ludique par sa forme.\u00a0Pendant dix minutes, le\u00a0visiteur muni d\u2019un casque plonge litt\u00e9ralement dans\u00a0l\u2019univers artistique du peintre, guid\u00e9 par la voix d\u2019Isabelle Huppert. Un\u00a0voyage interactif qui est conseill\u00e9 \u00e0 partir de 10 ans.<\/p>\n<p>    En pratique<\/p>\n<p>Le mus\u00e9e Fabre est ouvert du mardi au dimanche de 11\u00a0h \u00e0 18\u00a0h. Les visites pour enfants peuvent commencer avant l\u2019ouverture du mus\u00e9e.<\/p>\n<p>Tarifs\u00a0: visite libre de 9\u00a0\u20ac \u00e0 12\u00a0\u20ac, visite famille 7\u00a0\u20ac par personne, les ateliers \u00e0 partir de 10\u00a0\u20ac et exp\u00e9rience virtuelle 4\u00a0\u20ac.<\/p>\n<p>R\u00e9servations conseill\u00e9es <a href=\"http:\/\/www.museefabre.fr\/\" target=\"_blank\" rel=\"nofollow noopener\">sur le site<\/a> ou au 04\u00a067\u00a014\u00a083\u00a000.<\/p>\n<p>6. La fra\u00eecheur<\/p>\n<p>Certes ce n\u2019est pas l\u2019argument le plus culturel mais il est \u00e0 prendre en compte. En cas de fortes chaleurs, le mus\u00e9e est un endroit vraiment confortable. La fra\u00eecheur qui y r\u00e8gne est tr\u00e8s recherch\u00e9e. D\u2019ailleurs au vu de la temp\u00e9rature, il est m\u00eame conseill\u00e9 d\u2019apporter sa petite laine. Une visite revigorante et non assommante.<\/p>\n<p>L\u2019argument sert aussi en cas de pluie\u00a0: une sortie en int\u00e9rieur qui permet de divertir les petits \u00e0 l\u2019abri des gouttes.<\/p>\n","protected":false},"excerpt":{"rendered":"Livrets-jeux, visites guid\u00e9es adapt\u00e9es aux enfants, ateliers cr\u00e9atifs ou encore immersion en r\u00e9alit\u00e9 virtuelle permettent aux plus jeunes&hellip;\n","protected":false},"author":2,"featured_media":344361,"comment_status":"","ping_status":"","sticky":false,"template":"","format":"standard","meta":{"footnotes":""},"categories":[9599],"tags":[1111,11,1777,674,1011,27,2208,12,2680,25],"class_list":{"0":"post-344360","1":"post","2":"type-post","3":"status-publish","4":"format-standard","5":"has-post-thumbnail","7":"category-montpellier","8":"tag-actu","9":"tag-actualites","10":"tag-eu","11":"tag-europe","12":"tag-fr","13":"tag-france","14":"tag-montpellier","15":"tag-news","16":"tag-occitanie","17":"tag-republique-francaise"},"share_on_mastodon":{"url":"https:\/\/pubeurope.com\/@fr\/115093163858885870","error":""},"_links":{"self":[{"href":"https:\/\/www.europesays.com\/fr\/wp-json\/wp\/v2\/posts\/344360","targetHints":{"allow":["GET"]}}],"collection":[{"href":"https:\/\/www.europesays.com\/fr\/wp-json\/wp\/v2\/posts"}],"about":[{"href":"https:\/\/www.europesays.com\/fr\/wp-json\/wp\/v2\/types\/post"}],"author":[{"embeddable":true,"href":"https:\/\/www.europesays.com\/fr\/wp-json\/wp\/v2\/users\/2"}],"replies":[{"embeddable":true,"href":"https:\/\/www.europesays.com\/fr\/wp-json\/wp\/v2\/comments?post=344360"}],"version-history":[{"count":0,"href":"https:\/\/www.europesays.com\/fr\/wp-json\/wp\/v2\/posts\/344360\/revisions"}],"wp:featuredmedia":[{"embeddable":true,"href":"https:\/\/www.europesays.com\/fr\/wp-json\/wp\/v2\/media\/344361"}],"wp:attachment":[{"href":"https:\/\/www.europesays.com\/fr\/wp-json\/wp\/v2\/media?parent=344360"}],"wp:term":[{"taxonomy":"category","embeddable":true,"href":"https:\/\/www.europesays.com\/fr\/wp-json\/wp\/v2\/categories?post=344360"},{"taxonomy":"post_tag","embeddable":true,"href":"https:\/\/www.europesays.com\/fr\/wp-json\/wp\/v2\/tags?post=344360"}],"curies":[{"name":"wp","href":"https:\/\/api.w.org\/{rel}","templated":true}]}}