{"id":344362,"date":"2025-08-26T04:24:12","date_gmt":"2025-08-26T04:24:12","guid":{"rendered":"https:\/\/www.europesays.com\/fr\/344362\/"},"modified":"2025-08-26T04:24:12","modified_gmt":"2025-08-26T04:24:12","slug":"deux-livreurs-en-viennent-aux-mains-en-plein-centre-ville-a-montpellier-lun-deux-blesse-avec-un-objet-tranchant","status":"publish","type":"post","link":"https:\/\/www.europesays.com\/fr\/344362\/","title":{"rendered":"Deux livreurs en viennent aux mains en plein centre-ville \u00e0 Montpellier, l\u2019un d\u2019eux bless\u00e9 avec un objet tranchant"},"content":{"rendered":"<p>\n                                                                Un diff\u00e9rend entre deux livreurs de plats cuisin\u00e9s a d\u00e9g\u00e9n\u00e9r\u00e9 en violence physique, samedi 23\u00a0ao\u00fbt dans la soir\u00e9e pr\u00e8s de la gare Saint-Roch \u00e0 Montpellier. Les policiers de la Bac ont interpell\u00e9 l\u2019auteur pr\u00e9sum\u00e9 des violences avec arme.\n                            <\/p>\n<p>Deux jeunes livreurs de plats cuisin\u00e9s \u00e0 domicile ont eu une violente altercation, samedi 23\u00a0ao\u00fbt vers 22\u00a0h, rue Pag\u00e9zy, pr\u00e8s de la gare Saint-Roch. Un diff\u00e9rend autour du vol pr\u00e9sum\u00e9 d\u2019un casque de moto serait \u00e0 l\u2019origine des faits.<\/p>\n<p>Bless\u00e9 \u00e0 la cuisse et \u00e0 l\u2019arcade sourcili\u00e8re<\/p>\n<p>Alert\u00e9s\u00a0gr\u00e2ce aux images de vid\u00e9o-protection urbaine, les policiers de la brigade anti-criminalit\u00e9 sont\u00a0intervenus\u00a0alors que l\u2019un des mis en cause venait d\u2019\u00eatre bless\u00e9 au moyen d\u2019un objet tranchant, \u00e0 la cuisse et \u00e0 l\u2019arcade sourcili\u00e8re.<\/p>\n<p>L\u2019auteur pr\u00e9sum\u00e9 des violences a pris la fuite en direction de la rue Jules-Ferry, avant d\u2019enfourcher un scooter conduit par un autre livreur. Il a finalement \u00e9t\u00e9 interpell\u00e9 dans le quartier Rondelet.<\/p>\n<p>\u00c9tranger en situation irr\u00e9guli\u00e8re<\/p>\n<p>Il s\u2019agit d\u2019un Alg\u00e9rien en situation irr\u00e9guli\u00e8re \u00e2g\u00e9 de 28 ans. Il a \u00e9t\u00e9 conduit au centre de r\u00e9tention administrative de N\u00eemes. La victime n\u2019a pas souhait\u00e9 d\u00e9poser plainte.<\/p>\n","protected":false},"excerpt":{"rendered":"Un diff\u00e9rend entre deux livreurs de plats cuisin\u00e9s a d\u00e9g\u00e9n\u00e9r\u00e9 en violence physique, samedi 23\u00a0ao\u00fbt dans la soir\u00e9e&hellip;\n","protected":false},"author":2,"featured_media":344363,"comment_status":"","ping_status":"","sticky":false,"template":"","format":"standard","meta":{"footnotes":""},"categories":[9599],"tags":[1111,11,1777,674,1011,27,2208,12,2680,25],"class_list":{"0":"post-344362","1":"post","2":"type-post","3":"status-publish","4":"format-standard","5":"has-post-thumbnail","7":"category-montpellier","8":"tag-actu","9":"tag-actualites","10":"tag-eu","11":"tag-europe","12":"tag-fr","13":"tag-france","14":"tag-montpellier","15":"tag-news","16":"tag-occitanie","17":"tag-republique-francaise"},"share_on_mastodon":{"url":"https:\/\/pubeurope.com\/@fr\/115093167293654034","error":""},"_links":{"self":[{"href":"https:\/\/www.europesays.com\/fr\/wp-json\/wp\/v2\/posts\/344362","targetHints":{"allow":["GET"]}}],"collection":[{"href":"https:\/\/www.europesays.com\/fr\/wp-json\/wp\/v2\/posts"}],"about":[{"href":"https:\/\/www.europesays.com\/fr\/wp-json\/wp\/v2\/types\/post"}],"author":[{"embeddable":true,"href":"https:\/\/www.europesays.com\/fr\/wp-json\/wp\/v2\/users\/2"}],"replies":[{"embeddable":true,"href":"https:\/\/www.europesays.com\/fr\/wp-json\/wp\/v2\/comments?post=344362"}],"version-history":[{"count":0,"href":"https:\/\/www.europesays.com\/fr\/wp-json\/wp\/v2\/posts\/344362\/revisions"}],"wp:featuredmedia":[{"embeddable":true,"href":"https:\/\/www.europesays.com\/fr\/wp-json\/wp\/v2\/media\/344363"}],"wp:attachment":[{"href":"https:\/\/www.europesays.com\/fr\/wp-json\/wp\/v2\/media?parent=344362"}],"wp:term":[{"taxonomy":"category","embeddable":true,"href":"https:\/\/www.europesays.com\/fr\/wp-json\/wp\/v2\/categories?post=344362"},{"taxonomy":"post_tag","embeddable":true,"href":"https:\/\/www.europesays.com\/fr\/wp-json\/wp\/v2\/tags?post=344362"}],"curies":[{"name":"wp","href":"https:\/\/api.w.org\/{rel}","templated":true}]}}