{"id":344368,"date":"2025-08-26T04:30:15","date_gmt":"2025-08-26T04:30:15","guid":{"rendered":"https:\/\/www.europesays.com\/fr\/344368\/"},"modified":"2025-08-26T04:30:15","modified_gmt":"2025-08-26T04:30:15","slug":"tous-les-ans-cest-pareil-la-galere-des-etudiants-pour-trouver-un-appartement-a-rennes","status":"publish","type":"post","link":"https:\/\/www.europesays.com\/fr\/344368\/","title":{"rendered":"\u00ab\u00a0Tous les ans, c&rsquo;est pareil\u00a0\u00bb : la gal\u00e8re des \u00e9tudiants pour trouver un appartement \u00e0 Rennes"},"content":{"rendered":"<p>Une semaine avant la rentr\u00e9e, beaucoup d\u2019\u00e9tudiants n\u2019ont toujours pas trouv\u00e9 d\u2019appartement \u00e0 Rennes. Selon les professionnels de l\u2019immobilier, c\u2019est une situation r\u00e9currente en fin d\u2019\u00e9t\u00e9 car il y a plus de demandes que d\u2019offres de logements.\n<\/p>\n<p>Mariama et Baptiste, tous les deux \u00e2g\u00e9s de 21 ans, sont un couple d\u2019\u00e9tudiants. Ils cherchent un appartement \u00e0 Rennes, \u201cde pr\u00e9f\u00e9rence dans le quartier La Courrouze\u201d : Mariama est alternante \u00e0 Saint-Malo, elle a besoin de r\u00e9sider \u00e0 proximit\u00e9 de la rocade pour s\u2019y rendre en voiture. Sauf que leur recherche d\u2019appartement s\u2019est transform\u00e9e en parcours du combattant. <strong>Une semaine avant la rentr\u00e9e, ils n\u2019ont toujours rien trouv\u00e9<\/strong>\u00a0: \u201c\u00e7a fait trois mois qu\u2019on cherche\u201d, confie Baptiste.<\/p>\n<p>\u201cNotre dossier passe apr\u00e8s ceux des autres\u201d<\/p>\n<p>N\u2019ayant pas encore d\u2019emploi, les deux \u00e9tudiants n\u2019ont pas de salaires: \u201c<strong>les propri\u00e9taires choisissent syst\u00e9matiquement d\u2019autres dossiers que le n\u00f4tre<\/strong>, notamment ceux de jeunes actifs qui ont des revenus alors que nous n&rsquo;avons que nos garants\u201d, d\u00e9plore Mariama.<\/p>\n<p>Pas assez de logements<\/p>\n<p>Sol\u00e8ne Fleury, leur charg\u00e9e de location, n\u2019a plus beaucoup d\u2019offres \u00e0 leur proposer\u00a0:\u201cil ne nous reste plus de studios, seulement quelques T2 et T3\u201d. Selon cette professionnelle de l&rsquo;immobilier, <strong>\u00e0 Rennes, les demandes de logements sont plus importantes que les offres<\/strong>\u00a0: \u201cles r\u00e8gles de l\u2019immobilier se durcissent, nous n\u2019avons d\u00e9sormais plus le droit de mettre en location les logements dont le diagnostic \u00e9nerg\u00e9tique est class\u00e9 G. Et il y a de moins en moins d\u2019investissement parce que les prix augmentent\u201d. Elle re\u00e7oit encore des dizaines d\u2019appels concernant des demandes de location\u00a0: \u201cj\u2019en ai tous les jours, toutes les minutes\u00a0!\u201d ironise-t-elle. \u201cTous les ans c\u2019est pareil\u00a0: le logement que je mettrai en location demain ne sera plus disponible apr\u00e8s-demain\u201d.<\/p>\n<p>Faire des concessions pour trouver un logement plus rapidement<\/p>\n<p>A ce stade de l\u2019\u00e9t\u00e9, les \u00e9tudiants en recherche d\u2019appartement doivent donc faire des concessions pour trouver un logement rapidement. L\u2019appartement qui pla\u00eet le plus \u00e0 Baptiste et Mariama n\u2019\u00e9tant disponible qu\u2019\u00e0 la mi-septembre, le couple devra trouver un logement temporaire.<\/p>\n<p>\u00c0 lire aussi   <img decoding=\"async\" src=\"https:\/\/www.europesays.com\/fr\/wp-content\/uploads\/2025\/08\/1756182615_89_560x315\" alt=\"L'Unef demande en urgence des r\u00e9formes structurelles, comme la construction de logements CROUS.\" style=\"--_image-preview:url('data:image\/jpeg;base64,\/9j\/2wBDACgcHiMeGSgjISMtKygwPGRBPDc3PHtYXUlkkYCZlo+AjIqgtObDoKrarYqMyP\/L2u71\/\/\/\/m8H\/\/\/\/6\/+b9\/\/j\/2wBDASstLTw1PHZBQXb4pYyl+Pj4+Pj4+Pj4+Pj4+Pj4+Pj4+Pj4+Pj4+Pj4+Pj4+Pj4+Pj4+Pj4+Pj4+Pj4+Pj4+Pj\/wAARCAAXACoDASIAAhEBAxEB\/8QAGAAAAwEBAAAAAAAAAAAAAAAAAAECAwT\/xAAXEAEBAQEAAAAAAAAAAAAAAAAAAREC\/8QAFgEBAQEAAAAAAAAAAAAAAAAAAgAD\/8QAFhEBAQEAAAAAAAAAAAAAAAAAAAER\/9oADAMBAAIRAxEAPwDPQRw9HDkXIUi5FKsLDxWBpKFjmioAwatOYuAJGQBwX\/\/Z');\" loading=\"lazy\" fetchpriority=\"low\" aria-hidden=\"true\" class=\"svelte-1pnmlwx rounded\" onload=\"this.__e=event\" onerror=\"this.__e=event\"\/><\/p>\n","protected":false},"excerpt":{"rendered":"Une semaine avant la rentr\u00e9e, beaucoup d\u2019\u00e9tudiants n\u2019ont toujours pas trouv\u00e9 d\u2019appartement \u00e0 Rennes. Selon les professionnels de&hellip;\n","protected":false},"author":2,"featured_media":344369,"comment_status":"","ping_status":"","sticky":false,"template":"","format":"standard","meta":{"footnotes":""},"categories":[2821],"tags":[1111,11,829,1777,674,1011,27,12,584,25],"class_list":{"0":"post-344368","1":"post","2":"type-post","3":"status-publish","4":"format-standard","5":"has-post-thumbnail","7":"category-rennes","8":"tag-actu","9":"tag-actualites","10":"tag-bretagne","11":"tag-eu","12":"tag-europe","13":"tag-fr","14":"tag-france","15":"tag-news","16":"tag-rennes","17":"tag-republique-francaise"},"share_on_mastodon":{"url":"https:\/\/pubeurope.com\/@fr\/115093191166263843","error":""},"_links":{"self":[{"href":"https:\/\/www.europesays.com\/fr\/wp-json\/wp\/v2\/posts\/344368","targetHints":{"allow":["GET"]}}],"collection":[{"href":"https:\/\/www.europesays.com\/fr\/wp-json\/wp\/v2\/posts"}],"about":[{"href":"https:\/\/www.europesays.com\/fr\/wp-json\/wp\/v2\/types\/post"}],"author":[{"embeddable":true,"href":"https:\/\/www.europesays.com\/fr\/wp-json\/wp\/v2\/users\/2"}],"replies":[{"embeddable":true,"href":"https:\/\/www.europesays.com\/fr\/wp-json\/wp\/v2\/comments?post=344368"}],"version-history":[{"count":0,"href":"https:\/\/www.europesays.com\/fr\/wp-json\/wp\/v2\/posts\/344368\/revisions"}],"wp:featuredmedia":[{"embeddable":true,"href":"https:\/\/www.europesays.com\/fr\/wp-json\/wp\/v2\/media\/344369"}],"wp:attachment":[{"href":"https:\/\/www.europesays.com\/fr\/wp-json\/wp\/v2\/media?parent=344368"}],"wp:term":[{"taxonomy":"category","embeddable":true,"href":"https:\/\/www.europesays.com\/fr\/wp-json\/wp\/v2\/categories?post=344368"},{"taxonomy":"post_tag","embeddable":true,"href":"https:\/\/www.europesays.com\/fr\/wp-json\/wp\/v2\/tags?post=344368"}],"curies":[{"name":"wp","href":"https:\/\/api.w.org\/{rel}","templated":true}]}}