{"id":34437,"date":"2025-04-18T16:10:16","date_gmt":"2025-04-18T16:10:16","guid":{"rendered":"https:\/\/www.europesays.com\/fr\/34437\/"},"modified":"2025-04-18T16:10:16","modified_gmt":"2025-04-18T16:10:16","slug":"1-000-bouteilles-de-rhum-saisies-par-les-forces-de-police","status":"publish","type":"post","link":"https:\/\/www.europesays.com\/fr\/34437\/","title":{"rendered":"1\u00a0000 bouteilles de rhum saisies par les forces de police"},"content":{"rendered":"<p>En cette p\u00e9riode troubl\u00e9e sur l\u2019avenir du commerce international, et les mesures drastiques qu\u2019entend prendre <a href=\"https:\/\/www.leprogres.fr\/p\/donald-trump\" target=\"_blank\" rel=\"noopener\">Donald Trump<\/a>, c\u2019est une belle op\u00e9ration que viennent de conclure les effectifs de la Direction interd\u00e9partementale de la police nationale (DIPN) de la Loire.<\/p>\n<p>Le mardi 15\u00a0avril, en milieu d\u2019apr\u00e8s-midi, un \u00e9quipage de police secours se trouve en faction dans le quartier du Clapier, \u00e0 Saint-Etienne, quand il aper\u00e7oit deux camions stationn\u00e9s sur un parking \u00e0 quelques encablures du mus\u00e9e de la Mine.<\/p>\n<p>  Une valeur marchande de 27\u00a0000\u00a0euros<\/p>\n<p>Le comportement suspect de deux hommes en train de transvaser des cartons ne manque pas d\u2019attirer leur curiosit\u00e9. Alors que les fonctionnaires se rapprochent, ils constatent que les deux hommes tentent de s\u2019\u00e9loigner.<\/p>\n<p>Mais le flair des policiers les a bel et bien men\u00e9s vers une transaction irr\u00e9guli\u00e8re. Les fonctionnaires ne sont pas au bout de leur surprise et ne d\u00e9couvrent pas moins de 177 cartons de bouteilles de rhum. D\u2019apr\u00e8s une source polici\u00e8re, ces quelque 1\u00a0000 bouteilles repr\u00e9sentent une valeur marchande de pr\u00e8s de 27\u00a0000\u00a0euros.<\/p>\n<p>Les premi\u00e8res investigations men\u00e9es par la brigade financi\u00e8re et la police administrative, en charge des d\u00e9bits de boissons, laissent penser que la marchandise est arriv\u00e9e en provenance du Royaume-Uni, et que les droits de douane n\u2019auraient pas \u00e9t\u00e9 r\u00e9gl\u00e9s par les contrevenants.<\/p>\n<p>  Des droits de douane pas r\u00e9gl\u00e9s<\/p>\n<p>Les deux hommes, originaires de Saint-\u00c9tienne et respectivement \u00e2g\u00e9s de 43 et 26 ans, ont \u00e9t\u00e9 interpell\u00e9s et plac\u00e9s en garde \u00e0 vue. L\u2019infraction qui leur est reproch\u00e9e est la d\u00e9tention en vue de la vente d\u2019alcool fabriqu\u00e9e ou import\u00e9e. Ils se sont vus dresser une contravention pour transaction douani\u00e8re de 7\u00a0500\u00a0euros par personne.<\/p>\n<p>Enfin, il convient de souligner que les bouteilles de rhum ont \u00e9t\u00e9 saisies par les services des douanes. Elles seront prochainement mises en vente aux ench\u00e8res du Domaine.<\/p>\n","protected":false},"excerpt":{"rendered":"En cette p\u00e9riode troubl\u00e9e sur l\u2019avenir du commerce international, et les mesures drastiques qu\u2019entend prendre Donald Trump, c\u2019est&hellip;\n","protected":false},"author":2,"featured_media":34438,"comment_status":"","ping_status":"","sticky":false,"template":"","format":"standard","meta":{"footnotes":""},"categories":[9653],"tags":[1111,11,2430,271,272,2388,33,7539,1777,674,274,1011,27,3367,12,25,4001,7538,104],"class_list":{"0":"post-34437","1":"post","2":"type-post","3":"status-publish","4":"format-standard","5":"has-post-thumbnail","7":"category-saint-etienne","8":"tag-actu","9":"tag-actualites","10":"tag-auvergne-rhone-alpes","11":"tag-crime","12":"tag-delit-et-contravention","13":"tag-droits-de-douane","14":"tag-economie","15":"tag-edition-loire-sud","16":"tag-eu","17":"tag-europe","18":"tag-faits-divers-justice","19":"tag-fr","20":"tag-france","21":"tag-loire","22":"tag-news","23":"tag-republique-francaise","24":"tag-saint-etienne","25":"tag-saint-etienne-ville","26":"tag-societe"},"share_on_mastodon":{"url":"https:\/\/pubeurope.com\/@fr\/114359843100820128","error":""},"_links":{"self":[{"href":"https:\/\/www.europesays.com\/fr\/wp-json\/wp\/v2\/posts\/34437","targetHints":{"allow":["GET"]}}],"collection":[{"href":"https:\/\/www.europesays.com\/fr\/wp-json\/wp\/v2\/posts"}],"about":[{"href":"https:\/\/www.europesays.com\/fr\/wp-json\/wp\/v2\/types\/post"}],"author":[{"embeddable":true,"href":"https:\/\/www.europesays.com\/fr\/wp-json\/wp\/v2\/users\/2"}],"replies":[{"embeddable":true,"href":"https:\/\/www.europesays.com\/fr\/wp-json\/wp\/v2\/comments?post=34437"}],"version-history":[{"count":0,"href":"https:\/\/www.europesays.com\/fr\/wp-json\/wp\/v2\/posts\/34437\/revisions"}],"wp:featuredmedia":[{"embeddable":true,"href":"https:\/\/www.europesays.com\/fr\/wp-json\/wp\/v2\/media\/34438"}],"wp:attachment":[{"href":"https:\/\/www.europesays.com\/fr\/wp-json\/wp\/v2\/media?parent=34437"}],"wp:term":[{"taxonomy":"category","embeddable":true,"href":"https:\/\/www.europesays.com\/fr\/wp-json\/wp\/v2\/categories?post=34437"},{"taxonomy":"post_tag","embeddable":true,"href":"https:\/\/www.europesays.com\/fr\/wp-json\/wp\/v2\/tags?post=34437"}],"curies":[{"name":"wp","href":"https:\/\/api.w.org\/{rel}","templated":true}]}}