{"id":344374,"date":"2025-08-26T04:33:09","date_gmt":"2025-08-26T04:33:09","guid":{"rendered":"https:\/\/www.europesays.com\/fr\/344374\/"},"modified":"2025-08-26T04:33:09","modified_gmt":"2025-08-26T04:33:09","slug":"apres-une-tournee-mondiale-ce-spectacle-xxl-et-inedit-de-drones-debarque-pres-de-nice","status":"publish","type":"post","link":"https:\/\/www.europesays.com\/fr\/344374\/","title":{"rendered":"Apr\u00e8s une tourn\u00e9e mondiale, ce spectacle XXL et in\u00e9dit de drones d\u00e9barque pr\u00e8s de Nice"},"content":{"rendered":"<p>            Par<br \/>\n        <strong><br \/>\n            <a href=\"https:\/\/actu.fr\/auteur\/famenta-news\" title=\"Consulter tous les articles de Florine Amenta\" rel=\"nofollow noopener\" target=\"_blank\">Florine Amenta<\/a><br \/>\n        <\/strong><\/p>\n<p>        Publi\u00e9 le<\/p>\n<p>            26 ao\u00fbt 2025 \u00e0 6h08        <\/p>\n<p>Un nouveau show a\u00e9rien d\u00e9barque pr\u00e8s de <a href=\"https:\/\/actu.fr\/nice\/\" rel=\"nofollow noopener\" target=\"_blank\">Nice<\/a> (<a href=\"https:\/\/actu.fr\/provence-alpes-cote-d-azur\/alpes-maritimes_06\" rel=\"nofollow noopener\" target=\"_blank\">Alpes-Maritimes<\/a>). Apr\u00e8s<strong> le succ\u00e8s du <a href=\"https:\/\/actu.fr\/provence-alpes-cote-d-azur\/nice_06088\/nice-une-foule-monstre-attendue-sur-la-promenade-des-anglais-pour-un-spectacle-inedit_62715100.html\" rel=\"nofollow noopener\" target=\"_blank\">spectacle de drones<\/a> sur la Promenade des Anglais<\/strong> \u00e0 l\u2019occasion du <a href=\"https:\/\/actu.fr\/dossier\/sommet-des-oceans-a-nice-tout-ce-qu-il-faut-savoir-sur-la-conference-de-l-onu_62542007.html\" rel=\"nofollow noopener\" target=\"_blank\">Sommet sur les Oc\u00e9ans<\/a>, en juin dernier, un nouveau rendez-vous est pr\u00e9vu en cette fin d\u2019\u00e9t\u00e9.\u00a0<\/p>\n<p class=\" wall-content\"><strong>Jeudi 28, vendredi 29 et samedi 30 ao\u00fbt 2025, \u00e0 partir de<\/strong>\u00a0<strong>21h<\/strong>, l\u2019hippodrome de la C\u00f4te d\u2019Azur, \u00e0 Cagnes-sur-Mer, accueillera le DroneArt Show.<\/p>\n<p>1 h 15 de show musical<\/p>\n<p class=\" wall-content\">Le spectacle, pr\u00e9sent\u00e9 aux \u00c9tats-Unis, en Espagne, en Australie, \u00e0 Paris et \u00e0 Toulouse, arrive dans le Sud-Est de la France, <strong>sur la C\u00f4te d\u2019Azur.<\/strong><\/p>\n<p class=\" wall-content\">Au programme : <strong>75 minutes de show a\u00e9rien en plein air<\/strong>. C\u2019est bien plus que les quelques minutes des spectacles de drones habituels. Cette prouesse technique est possible gr\u00e2ce \u00e0 un roulement : lorsqu\u2019une partie des appareils sont en l\u2019air, l\u2019autre est en charge au sol.<\/p>\n<p>    <a href=\"https:\/\/www.google.com\/maps\/embed?pb=!1m18!1m12!1m3!1d2886.981939361972!2d7.141447196789554!3d43.6485441!2m3!1f0!2f0!3f0!3m2!1i1024!2i768!4f13.1!3m3!1m2!1s0x12cdd38e06fc793d%3A0x8db49c4a68a21c42!2sHipodromme%20de%20la%20Cot%C3%AA%20d%E2%80%99azur!5e0!3m2!1sfr!2sfr!4v1756136924341!5m2!1sfr!2sfr\" title=\"Ouvrie le lien\" rel=\"nofollow noopener\" target=\"_blank\">Cliquez ici pour visualiser le contenu<\/a><\/p>\n<p>\u00c0 partir de 25 euros<\/p>\n<p class=\" wall-content\">Dans le ciel, les drones volent en harmonie avec la musique classique jou\u00e9e au sol par un quatuor \u00e0 cordes. Sur fond de<strong> Tcha\u00efkovski ou de Vivaldi<\/strong>, les musiciens seront install\u00e9s au milieu de milliers de bougies LED, sous un ciel anim\u00e9 par <strong>plus de 500 drones<\/strong>.\u00a0\u00a0<\/p>\n<p class=\" wall-content\">Synchronis\u00e9s au rythme des morceaux, les appareils vacilleront en repr\u00e9sentant diff\u00e9rentes sc\u00e8nes avec des visages, des animaux, des fleurs, des \u00e9toiles\u2026\u00a0<\/p>\n<p>Votre r\u00e9gion, votre actu !<\/p>\n<p>Recevez chaque jour les infos qui comptent pour vous.<\/p>\n<p>\t<a href=\"https:\/\/actu.fr\/newsletter\" class=\"ac-btn ac-btn--corner ac-btn--medium ac-btn--blue800\" rel=\"nofollow noopener\" target=\"_blank\">S&rsquo;incrire<\/a><\/p>\n<p class=\" wall-content\">Les billets, tout public, sont affich\u00e9s <strong>d\u00e8s 25 euros <\/strong>et sont disponibles en ligne, sur <a href=\"https:\/\/thedroneartshow.com\/nice\/\" rel=\"nofollow noopener\" target=\"_blank\">thedroneartshow.com\/nice\/.<\/a> Certaines soir\u00e9es affichent d\u00e9j\u00e0 <strong>complet<\/strong>.\u00a0<\/p>\n<p class=\" wall-content\">Personnalisez votre actualit\u00e9 en ajoutant vos villes et m\u00e9dias en favori avec <a href=\"https:\/\/moncompte.actu.fr\" title=\"D\u00e9couvez Mon Actu\" rel=\"nofollow noopener\" data-trk=\"{&quot;cta&quot;:{&quot;action&quot;:&quot;https:\\\/\\\/moncompte.actu.fr&quot;,&quot;category&quot;:&quot;mon compte&quot;,&quot;from&quot;:&quot;article footer&quot;,&quot;name&quot;:&quot;Mon actu&quot;,&quot;type&quot;:&quot;cta&quot;}}\" target=\"_blank\">Mon Actu<\/a>.<\/p>\n","protected":false},"excerpt":{"rendered":"Par Florine Amenta Publi\u00e9 le 26 ao\u00fbt 2025 \u00e0 6h08 Un nouveau show a\u00e9rien d\u00e9barque pr\u00e8s de Nice&hellip;\n","protected":false},"author":2,"featured_media":344375,"comment_status":"","ping_status":"","sticky":false,"template":"","format":"standard","meta":{"footnotes":""},"categories":[2819],"tags":[1111,11,1777,674,1011,27,1305,12,2401,882,25,853],"class_list":{"0":"post-344374","1":"post","2":"type-post","3":"status-publish","4":"format-standard","5":"has-post-thumbnail","7":"category-nice","8":"tag-actu","9":"tag-actualites","10":"tag-eu","11":"tag-europe","12":"tag-fr","13":"tag-france","14":"tag-lifestyle","15":"tag-news","16":"tag-nice","17":"tag-provence-alpes-cote-dazur","18":"tag-republique-francaise","19":"tag-spectacles"},"share_on_mastodon":{"url":"https:\/\/pubeurope.com\/@fr\/115093202794911524","error":""},"_links":{"self":[{"href":"https:\/\/www.europesays.com\/fr\/wp-json\/wp\/v2\/posts\/344374","targetHints":{"allow":["GET"]}}],"collection":[{"href":"https:\/\/www.europesays.com\/fr\/wp-json\/wp\/v2\/posts"}],"about":[{"href":"https:\/\/www.europesays.com\/fr\/wp-json\/wp\/v2\/types\/post"}],"author":[{"embeddable":true,"href":"https:\/\/www.europesays.com\/fr\/wp-json\/wp\/v2\/users\/2"}],"replies":[{"embeddable":true,"href":"https:\/\/www.europesays.com\/fr\/wp-json\/wp\/v2\/comments?post=344374"}],"version-history":[{"count":0,"href":"https:\/\/www.europesays.com\/fr\/wp-json\/wp\/v2\/posts\/344374\/revisions"}],"wp:featuredmedia":[{"embeddable":true,"href":"https:\/\/www.europesays.com\/fr\/wp-json\/wp\/v2\/media\/344375"}],"wp:attachment":[{"href":"https:\/\/www.europesays.com\/fr\/wp-json\/wp\/v2\/media?parent=344374"}],"wp:term":[{"taxonomy":"category","embeddable":true,"href":"https:\/\/www.europesays.com\/fr\/wp-json\/wp\/v2\/categories?post=344374"},{"taxonomy":"post_tag","embeddable":true,"href":"https:\/\/www.europesays.com\/fr\/wp-json\/wp\/v2\/tags?post=344374"}],"curies":[{"name":"wp","href":"https:\/\/api.w.org\/{rel}","templated":true}]}}