{"id":344376,"date":"2025-08-26T04:34:13","date_gmt":"2025-08-26T04:34:13","guid":{"rendered":"https:\/\/www.europesays.com\/fr\/344376\/"},"modified":"2025-08-26T04:34:13","modified_gmt":"2025-08-26T04:34:13","slug":"lombre-des-arbres-et-cette-vue-grandiose-la-colline-du-chateau-est-votre-nouveau-lieu-prefere-a-nice","status":"publish","type":"post","link":"https:\/\/www.europesays.com\/fr\/344376\/","title":{"rendered":"\u00ab\u00a0L\u2019ombre des arbres et cette vue grandiose\u00a0\u00bb: la colline du ch\u00e2teau est votre nouveau \u00ab\u00a0lieu pr\u00e9f\u00e9r\u00e9\u00a0\u00bb \u00e0 Nice"},"content":{"rendered":"<p>La sentence est tomb\u00e9e: les Ni\u00e7ois ont choisi leur lieu pr\u00e9f\u00e9r\u00e9.<\/p>\n<p>Apr\u00e8s plusieurs semaines de votes opposant huit sites embl\u00e9matiques \u2014 la promenade des Anglais, la coul\u00e9e verte, les ar\u00e8nes de Cimiez, le port, le quartier Garibaldi-Bonaparte, l\u2019axe Jean-M\u00e9decin-Mass\u00e9na, le Vieux-Nice et la colline du Ch\u00e2teau \u2014 le verdict est clair. Avec plus de 70% des suffrages, c\u2019est la colline du Ch\u00e2teau qui s\u2019impose.<\/p>\n<p>Lieu de balade dominicale, terrain de jeux d\u2019enfance, spot de coucher de soleil ou simple respiration au-dessus de la ville, il a largement devanc\u00e9 les ruelles anim\u00e9es du Vieux-Nice lors d\u2019une finale qui paraissait pourtant ind\u00e9cise. Pour comprendre ce lien si fort, nous avons pass\u00e9 une matin\u00e9e sur la colline, au c\u0153ur du site \u00ab\u00a0favori\u00a0\u00bb de nos lecteurs, ce lundi 25 ao\u00fbt. \u00c9trange paradoxe des lieux: pl\u00e9biscit\u00e9 par les Ni\u00e7ois, mais arpent\u00e9 en majorit\u00e9 par des visiteurs venus des quatre coins du monde.<\/p>\n<p>\u00ab\u00a0<b\/>Apr\u00e8s Monaco et \u00c8ze, c\u2019\u00e9tait impossible de rater le ch\u00e2teau<b\/>\u00a0\u00bb<\/p>\n<p>Il est encore t\u00f4t, mais d\u00e9j\u00e0 deux ascenseurs d\u00e9versent un flot de touristes sur la colline. L\u2019air est plus frais qu\u2019en bas, et les langues s\u2019entrem\u00ealent: anglais, italien, allemand. Deux amies venues de Strasbourg, Fleur et Ninon, s\u2019\u00e9merveillent. \u00ab\u00a0Apr\u00e8s Monaco et \u00c8ze, c\u2019\u00e9tait impossible de rater le ch\u00e2teau\u00a0\u00bb, confie Fleur. Elle raconte la mont\u00e9e comme une petite aventure, entre les ruelles du Vieux-Nice, les escaliers et la r\u00e9compense finale: \u00ab\u00a0L\u2019ombre des arbres et cette vue grandiose\u00a0\u00bb. Ninon, elle, insiste sur la surprise de \u00ab\u00a0voir autant de verdure au c\u0153ur d\u2019une grande ville\u00a0\u00bb.<\/p>\n<p>\u00c0 quelques m\u00e8tres, un touriste italien d\u00e9ploie son drone pour capturer le panorama, les enfants fascin\u00e9s par ce petit appareil volant. Plus loin, une m\u00e8re est \u00e9pat\u00e9e, en d\u00e9couvrant la terrasse Nietzsche avec sa fille. Elle l\u00e2che presque sans faire expr\u00e8s un \u00ab\u00a0so romantic\u00a0\u00bb \u2014 non pas pour le spectacle a\u00e9rien, mais pour ce lieu digne d\u2019un rendez-vous galant. Une id\u00e9e que partage sur un banc, deux amoureux se tenant la main, plong\u00e9s dans une bulle hors du temps. Quelques pas plus loin, une jeune femme gratte sa guitare. Sa m\u00e9lodie se fond dans le bruissement des arbres, donnant l\u2019impression que la colline suspend un instant le cours de la ville en contrebas.<\/p>\n<p>\u00ab\u00a0La photo inoubliable\u00a0\u00bb<\/p>\n<p>Certains s\u2019improvisent m\u00eame photographe, tant le lieu fait r\u00eaver. Une jeune Ukrainienne propose des photos \u00e0 d\u2019autres touristes contre quelques pi\u00e8ces en pourboires: \u00ab\u00a0Un joli cadre\u00a0\u00bb, dit-elle dans un anglais maladroit. Pour d\u2019autres, les t\u00e9l\u00e9phones sont d\u00e9j\u00e0 d\u00e9gain\u00e9s et multiplient les shoots \u00e0 deux, trois ou en solitaire pour ne surtout pas repartir de Nice sans \u00ab\u00a0la photo inoubliable\u00a0\u00bb.<\/p>\n<p>Au centre du site, au snack du Comptoir des Anges, Valentin, saisonnier de 22 ans venu de Tours, s\u2019active derri\u00e8re le bar. \u00ab\u00a0C\u2019est incroyable de se lever le matin et d\u2019\u00eatre pay\u00e9 pour travailler ici. Et puis, il fait plus frais qu\u2019en ville\u00a0\u00bb, glisse-t-il tout sourire. Sa coll\u00e8gue Clara, elle, savoure surtout l\u2019occasion de pratiquer son anglais \u00ab\u00a0en continu\u00a0\u00bb, tout en profitant d\u2019un d\u00e9cor qui, pour elle, repr\u00e9sente l\u2019un des lieux les plus embl\u00e9matiques de Nice.<\/p>\n","protected":false},"excerpt":{"rendered":"La sentence est tomb\u00e9e: les Ni\u00e7ois ont choisi leur lieu pr\u00e9f\u00e9r\u00e9. Apr\u00e8s plusieurs semaines de votes opposant huit&hellip;\n","protected":false},"author":2,"featured_media":344377,"comment_status":"","ping_status":"","sticky":false,"template":"","format":"standard","meta":{"footnotes":""},"categories":[2819],"tags":[1111,11,1777,674,1011,27,12,2401,882,25,3366],"class_list":{"0":"post-344376","1":"post","2":"type-post","3":"status-publish","4":"format-standard","5":"has-post-thumbnail","7":"category-nice","8":"tag-actu","9":"tag-actualites","10":"tag-eu","11":"tag-europe","12":"tag-fr","13":"tag-france","14":"tag-news","15":"tag-nice","16":"tag-provence-alpes-cote-dazur","17":"tag-republique-francaise","18":"tag-vie-locale"},"share_on_mastodon":{"url":"https:\/\/pubeurope.com\/@fr\/115093206637229427","error":""},"_links":{"self":[{"href":"https:\/\/www.europesays.com\/fr\/wp-json\/wp\/v2\/posts\/344376","targetHints":{"allow":["GET"]}}],"collection":[{"href":"https:\/\/www.europesays.com\/fr\/wp-json\/wp\/v2\/posts"}],"about":[{"href":"https:\/\/www.europesays.com\/fr\/wp-json\/wp\/v2\/types\/post"}],"author":[{"embeddable":true,"href":"https:\/\/www.europesays.com\/fr\/wp-json\/wp\/v2\/users\/2"}],"replies":[{"embeddable":true,"href":"https:\/\/www.europesays.com\/fr\/wp-json\/wp\/v2\/comments?post=344376"}],"version-history":[{"count":0,"href":"https:\/\/www.europesays.com\/fr\/wp-json\/wp\/v2\/posts\/344376\/revisions"}],"wp:featuredmedia":[{"embeddable":true,"href":"https:\/\/www.europesays.com\/fr\/wp-json\/wp\/v2\/media\/344377"}],"wp:attachment":[{"href":"https:\/\/www.europesays.com\/fr\/wp-json\/wp\/v2\/media?parent=344376"}],"wp:term":[{"taxonomy":"category","embeddable":true,"href":"https:\/\/www.europesays.com\/fr\/wp-json\/wp\/v2\/categories?post=344376"},{"taxonomy":"post_tag","embeddable":true,"href":"https:\/\/www.europesays.com\/fr\/wp-json\/wp\/v2\/tags?post=344376"}],"curies":[{"name":"wp","href":"https:\/\/api.w.org\/{rel}","templated":true}]}}