{"id":344378,"date":"2025-08-26T04:37:11","date_gmt":"2025-08-26T04:37:11","guid":{"rendered":"https:\/\/www.europesays.com\/fr\/344378\/"},"modified":"2025-08-26T04:37:11","modified_gmt":"2025-08-26T04:37:11","slug":"une-primaire-a-droite-pour-designer-un-candidat-les-republicains-a-la-mairie-de-nantes","status":"publish","type":"post","link":"https:\/\/www.europesays.com\/fr\/344378\/","title":{"rendered":"Une primaire \u00e0 droite pour d\u00e9signer un candidat Les R\u00e9publicains \u00e0 la mairie de Nantes."},"content":{"rendered":"<p class=\"article__intro\">Les adh\u00e9rents LR devront d\u00e9partager Julien Bainvel et Foulques Chombart de Lauwe par un vote \u00e9lectronique pr\u00e9vu les 30 et 31 ao\u00fbt.<\/p>\n<p>\n      L\u2019actu des r\u00e9gions\n    <\/p>\n<p>\n      Chaque jour, un tour d\u2019horizon des principales infos de toutes les r\u00e9gions.\n    <\/p>\n<p>    France T\u00e9l\u00e9visions utilise votre adresse e-mail afin de vous envoyer la newsletter \u00ab\u00a0L\u2019actu des r\u00e9gions\u00a0\u00bb. Vous pouvez vous d\u00e9sinscrire \u00e0 tout moment via le lien en bas de cette newsletter. <a target=\"_blank\" href=\"https:\/\/www.francetelevisions.fr\/groupe\/confidentialite\/politique-de-confidentialite\/politique-de-confidentialite-de-france-televisions-6503\" rel=\"nofollow noopener\">Notre politique de confidentialit\u00e9<\/a><\/p>\n<p>\u00ab\u00a0Depuis pr\u00e8s de 40 ans, on est d\u00e9sunis au 1er tour et on perd\u00a0\u00bb. Julien Bainvel n&rsquo;y va pas par quatre chemins : la droite a besoin d&rsquo;un candidat unique avec le centre aux prochaines municipales en mars 2026 \u00e0 Nantes si elle veut prendre la place de la maire socialiste sortante Johanna Rolland. Mais il n&rsquo;est pas le seul \u00e0 se voir aux commandes de la ville. Dans le r\u00f4le du challenger, il a face \u00e0 lui Foulques Chombart de Lauwe, \u00e9lectron libre de l&rsquo;opposition municipale de droite, \u00e9lu en 2020. L&rsquo;homme se montre tr\u00e8s d\u00e9termin\u00e9 : \u00ab\u00a0Je veux virer Johanna Rolland\u00a0\u00bb.<\/p>\n<p>\u00ab\u00a0Je suis aux R\u00e9publicains depuis 25 ans\u00a0\u00bb. Pour se d\u00e9marquer, Julien Bainvel rappelle son ancrage historique. Il souhaite que sa famille politique reste unie. Et l&rsquo;union \u00e0 droite, il la voit \u00ab\u00a0avec le soutien de l&rsquo;UDI, du Nouveau Centre, de Renaissance, avec Horizons et le Modem\u00a0\u00bb d\u00e8s le premier tour avec la rumeur insistante d&rsquo;un ticket avec Sarah El Ha\u00efry, actuelle Haut-Commissaire \u00e0 l&rsquo;enfance et \u00e9galement conseill\u00e8re municipale Modem d&rsquo;opposition.<\/p>\n<p>\u00ab\u00a0Je pense que Julien Bainvel a d\u00e9cid\u00e9 de faire une campagne assez centriste, soutenue par des macronistes de gauche.\u00a0\u00bb Foulques Chombart de Lauwe assume et revendique une campagne LR. \u00ab\u00a0Je saurais parler bien s\u00fbr avec des partenaires du centre\u00a0\u00bb mais c&rsquo;est bien aux militants R\u00e9publicains qu&rsquo;il veut s&rsquo;adresser en priorit\u00e9.<\/p>\n<p>\u00ab\u00a0On a des histoires, des styles, des parcours diff\u00e9rents\u00a0\u00bb. Julien Bainvel fait partie du paysage politique local avec entre autres choses sa place d&rsquo;\u00e9lu \u00e0 la mairie de Nantes depuis 17 ans. Il a aussi un mandat de conseiller r\u00e9gional en charge des mobilit\u00e9s.<\/p>\n<p>\u00ab\u00a0Moi, j&rsquo;ai travaill\u00e9 15 ans \u00e0 l&rsquo;international et j&rsquo;ai une sensibilit\u00e9 \u00e9colo de droite\u00a0\u00bb. Foulques Chombart de Lauwe sait qu&rsquo;il intrigue par son parcours et son franc-parler. Il est en campagne depuis 2 ans. \u00ab\u00a0Je ne suis pas un apparatchik, je ne vis pas de la politique\u00a0\u00bb.<\/p>\n<p>Ils sont concurrents mais d&rsquo;accord sur un point : le respect du r\u00e9sultat de la primaire. Julien Bainvel met en avant le besoin d&rsquo;une union large d\u00e8s le premier tour : \u00ab\u00a0Les adh\u00e9rents LR nantais vont choisir leur t\u00eate de liste pour qu&rsquo;on soit op\u00e9rationnel et en ordre de marche d\u00e8s le 1er septembre\u00a0\u00bb. Pour Foulques Chombart de Lauwe, la primaire qu&rsquo;il r\u00e9clamait depuis des mois et qu&rsquo;il a impos\u00e9e d&rsquo;une certaine fa\u00e7on \u00e0 son parti, va permettre \u00e0 la droite de d\u00e9signer \u00ab\u00a0un leader l\u00e9gitime\u00a0\u00bb. Il s&rsquo;est engag\u00e9 par \u00e9crit \u00e0 suivre les conclusions du vote : \u00ab\u00a0Si c&rsquo;est Julien Bainvel qui l&#8217;emporte, je me rangerai derri\u00e8re lui.\u00a0\u00bb Et il ajoute : \u00ab\u00a0je trouve qu&rsquo;\u00e0 7 mois des municipales, cette primaire est une bonne nouvelle, c&rsquo;est une occasion de clarification.\u00a0\u00bb<\/p>\n<p>C&rsquo;est d\u00e8s samedi 30 ao\u00fbt \u00e0 8 heures que les adh\u00e9rents LR pourront voter. Ils sont pr\u00e8s d&rsquo;un millier \u00e0 Nantes. Le vote \u00e9lectronique sera clos le lendemain dimanche \u00e0 17 heures.<\/p>\n","protected":false},"excerpt":{"rendered":"Les adh\u00e9rents LR devront d\u00e9partager Julien Bainvel et Foulques Chombart de Lauwe par un vote \u00e9lectronique pr\u00e9vu les&hellip;\n","protected":false},"author":2,"featured_media":344379,"comment_status":"","ping_status":"","sticky":false,"template":"","format":"standard","meta":{"footnotes":""},"categories":[2818],"tags":[1111,11,1777,674,1011,27,766,12,2636,25],"class_list":{"0":"post-344378","1":"post","2":"type-post","3":"status-publish","4":"format-standard","5":"has-post-thumbnail","7":"category-nantes","8":"tag-actu","9":"tag-actualites","10":"tag-eu","11":"tag-europe","12":"tag-fr","13":"tag-france","14":"tag-nantes","15":"tag-news","16":"tag-pays-de-la-loire","17":"tag-republique-francaise"},"share_on_mastodon":{"url":"https:\/\/pubeurope.com\/@fr\/115093218455700996","error":""},"_links":{"self":[{"href":"https:\/\/www.europesays.com\/fr\/wp-json\/wp\/v2\/posts\/344378","targetHints":{"allow":["GET"]}}],"collection":[{"href":"https:\/\/www.europesays.com\/fr\/wp-json\/wp\/v2\/posts"}],"about":[{"href":"https:\/\/www.europesays.com\/fr\/wp-json\/wp\/v2\/types\/post"}],"author":[{"embeddable":true,"href":"https:\/\/www.europesays.com\/fr\/wp-json\/wp\/v2\/users\/2"}],"replies":[{"embeddable":true,"href":"https:\/\/www.europesays.com\/fr\/wp-json\/wp\/v2\/comments?post=344378"}],"version-history":[{"count":0,"href":"https:\/\/www.europesays.com\/fr\/wp-json\/wp\/v2\/posts\/344378\/revisions"}],"wp:featuredmedia":[{"embeddable":true,"href":"https:\/\/www.europesays.com\/fr\/wp-json\/wp\/v2\/media\/344379"}],"wp:attachment":[{"href":"https:\/\/www.europesays.com\/fr\/wp-json\/wp\/v2\/media?parent=344378"}],"wp:term":[{"taxonomy":"category","embeddable":true,"href":"https:\/\/www.europesays.com\/fr\/wp-json\/wp\/v2\/categories?post=344378"},{"taxonomy":"post_tag","embeddable":true,"href":"https:\/\/www.europesays.com\/fr\/wp-json\/wp\/v2\/tags?post=344378"}],"curies":[{"name":"wp","href":"https:\/\/api.w.org\/{rel}","templated":true}]}}