{"id":344386,"date":"2025-08-26T04:41:11","date_gmt":"2025-08-26T04:41:11","guid":{"rendered":"https:\/\/www.europesays.com\/fr\/344386\/"},"modified":"2025-08-26T04:41:11","modified_gmt":"2025-08-26T04:41:11","slug":"ca-va-bouchonner-partout-circulation-a-toulouse-ou-seront-les-points-noirs-a-la-rentree-de-septembre","status":"publish","type":"post","link":"https:\/\/www.europesays.com\/fr\/344386\/","title":{"rendered":"\u00ab\u00a0\u00c7a va bouchonner partout\u2026\u00a0\u00bb Circulation \u00e0 Toulouse\u00a0: o\u00f9 seront les points noirs \u00e0 la rentr\u00e9e de septembre"},"content":{"rendered":"<p>\n                                                                    l&rsquo;essentiel<br \/>\n                                                                Route de Revel, route d\u2019Albi, C\u00e9pi\u00e8re, Grand rue Saint-Michel\u2026 Plusieurs axes de Toulouse vont encore\u00a0\u00eatre satur\u00e9s \u00e0 la rentr\u00e9e de septembre. De quoi inqui\u00e9ter automobilistes, cyclistes et commer\u00e7ants. Tour d\u2019horizon.\n                            <\/p>\n<p>Sur la route de Revel, plusieurs mises \u00e0 sens unique et r\u00e9ductions de voies sont programm\u00e9es jusqu\u2019\u00e0 la fin de l\u2019ann\u00e9e. Vers l\u2019avenue Saint-Exup\u00e9ry notamment, les embouteillages persistent \u00e0 toute heure de la journ\u00e9e. Le chantier de r\u00e9am\u00e9nagement des nouvelles pistes cyclables dans le cadre du r\u00e9seau express v\u00e9lo (REV) occupe toute une voie. Une circulation altern\u00e9e a \u00e9t\u00e9 instaur\u00e9e, compliquant \u00e0 la fois l\u2019activit\u00e9 \u00e9conomique et le quotidien des habitants.\u00a0\u00ab\u00a0On a perdu un passage, une accessibilit\u00e9 et une client\u00e8le\u00a0\u00bb, explique Anthony, responsable de magasin. \u00ab\u00a0Tous nos acc\u00e8s sont compliqu\u00e9s, matin et soir, du p\u00e9riph\u00e9rique pour Montaudran \u00e0 Lab\u00e8ge.\u00a0\u00bb<\/p>\n<p>        <img decoding=\"async\" class=\"std-img__img responsive-img\" src=\"https:\/\/www.europesays.com\/fr\/wp-content\/uploads\/2025\/08\/1756183271_754_image.jpg\" alt=\"La route de Revel est en travaux depuis janvier\u00a02025 pour accueillir le r\u00e9seau REV.\"\/><\/p>\n<p>                La route de Revel est en travaux depuis janvier\u00a02025 pour accueillir le r\u00e9seau REV.<br \/>\n                                    DDM &#8211; NATHALIE SAINT AFFRE<\/p>\n<p>Pour les cyclistes aussi, la circulation reste difficile. Alice, qui emprunte quotidiennement la route de Revel, d\u00e9nonce un manque d\u2019information de la part de la mairie. \u00ab\u00a0Les pistes cyclables sont r\u00e9guli\u00e8rement interrompues, parfois un jour sur deux\u00a0\u00bb, d\u00e9clare-t-elle. La jeune femme reste pourtant positive\u00a0: \u00ab\u00a0C\u2019est une gal\u00e8re, mais je me dis que tout cela apportera une meilleure fluidification de la circulation.\u00a0\u00bb<\/p>\n<p class=\"std-elt__inline\">\n        <strong>\u00c0 lire aussi :<\/strong><br \/>\n        <a href=\"https:\/\/www.ladepeche.fr\/2025\/06\/19\/interview-a-toulouse-lia-doit-servir-chaque-carrefour-la-metropole-teste-une-revolution-contre-les-bouchons-12769868.php\" rel=\"nofollow noopener\" target=\"_blank\">ENTRETIEN. \u201c\u00c0 Toulouse, l\u2019IA doit servir chaque carrefour\u201d\u00a0: la m\u00e9tropole teste une r\u00e9volution contre les bouchons<\/a>\n    <\/p>\n<p>Romain et Baptiste, deux coll\u00e8gues de travail, sont \u00e9puis\u00e9s par le rallongement du temps de trajet que g\u00e9n\u00e8rent les travaux. \u00ab\u00a0C\u2019est super casse-pieds pour venir au travail\u00a0\u00bb, r\u00e2le l\u2019un d\u2019eux. \u00ab\u00a0On est pass\u00e9 d\u2019une vingtaine de minutes de route \u00e0 au moins 35 minutes et encore, ce sont les vacances. Apr\u00e8s l\u2019\u00e9t\u00e9 ce sera pire\u00a0\u00bb, compl\u00e8te un autre.<\/p>\n<p>Saturation des axes routiers li\u00e9e \u00e0 l\u2019extension des pistes cyclables<\/p>\n<p>Le quartier de La C\u00e9pi\u00e8re, notamment au niveau du rond-point, est lui aussi concern\u00e9 par une saturation des voies routi\u00e8res suite aux travaux du r\u00e9seau express v\u00e9lo n\u00b0\u00a05. Les avenues L\u00e9on Blum et Georges-Pompidou sont \u00e9galement bloqu\u00e9es par le chantier du REV n\u00b0\u00a018, et cela jusqu\u2019au 26\u00a0septembre prochain.<\/p>\n<p>Dans d\u2019autres secteurs de la Ville rose, c\u2019est l\u2019ensemble des voies qui sont ferm\u00e9es. Sur la Grand\u00a0rue Saint-Michel, les travaux d\u2019embellissement et de pi\u00e9tonnisation ont compl\u00e8tement ferm\u00e9 la circulation automobile entre 9\u00a0h et 16\u00a0h. Les d\u00e9viations actuelles n\u2019\u00e9vitent pas les embouteillages, qui devraient persister jusqu\u2019\u00e0 la fin de l\u2019ann\u00e9e.<\/p>\n<p class=\"std-elt__inline\">\n        <strong>\u00c0 lire aussi :<\/strong><br \/>\n        <a href=\"https:\/\/www.ladepeche.fr\/2025\/08\/11\/on-espere-la-fin-des-bouchons-dans-ce-quartier-de-toulouse-une-nouvelle-voie-pour-desengorger-la-circulation-12864891.php\" rel=\"nofollow noopener\" target=\"_blank\">\u00ab\u00a0On esp\u00e8re la fin des bouchons\u00a0\u00bb, dans ce quartier de Toulouse, une nouvelle voie pour d\u00e9sengorger la circulation<\/a>\n    <\/p>\n<p>La route d\u2019Albi repr\u00e9sente elle aussi un point noir routier pour la rentr\u00e9e. Au c\u0153ur du quartier Croix-Daurade, la rue barr\u00e9e et la circulation altern\u00e9e mises en place depuis des mois engendrent des complications suppl\u00e9mentaires pour les riverains et les commer\u00e7ants. Celles-ci devraient d\u2019ailleurs se prolonger jusqu\u2019en avril\u00a02026.<br \/>\u00ab\u00a0Trois commerces ont d\u00e9j\u00e0 ferm\u00e9 leurs portes\u00a0\u00bb, expose Alexandre, propri\u00e9taire d\u2019un bureau de tabac. Le vendeur d\u00e9nonce une accumulation des travaux, dont une prochaine installation de pistes cyclables au d\u00e9triment de plusieurs stationnements pourtant essentiels.<br \/>\u00ab\u00a0Ce sera s\u00fbrement b\u00e9n\u00e9fique \u00e0 terme, mais aujourd\u2019hui, cela menace notre activit\u00e9\u00a0\u00bb, d\u00e9plore-t-il. Situ\u00e9 juste \u00e0 c\u00f4t\u00e9 d\u2019une \u00e9cole primaire, Alexandre est cat\u00e9gorique\u00a0: \u00ab\u00a0Avec la rentr\u00e9e, \u00e7a va bouchonner de partout.\u00a0\u00bb<\/p>\n<p class=\"std-elt__inline\">\n        <strong>\u00c0 lire aussi :<\/strong><br \/>\n        <a href=\"https:\/\/www.ladepeche.fr\/2025\/05\/14\/travaux-et-bouchons-monstres-a-toulouse-jusqua-45-minutes-entre-empalot-et-la-cepiere-louest-du-peripherique-asphyxie-par-les-bouchons-ce-mercredi-12695077.php\" rel=\"nofollow noopener\" target=\"_blank\">Travaux et bouchons monstres \u00e0 Toulouse\u00a0: jusqu\u2019\u00e0 45 minutes entre Empalot et La C\u00e9pi\u00e8re, l\u2019ouest du p\u00e9riph\u00e9rique asphyxi\u00e9 par les bouchons ce mercredi matin<\/a>\n    <\/p>\n<p>D\u2019autres zones devront attendre un an de plus avant de voir les routes se d\u00e9gager. C\u2019est le cas de l\u2019int\u00e9rieur du p\u00e9riph\u00e9rique de Saint-Simon, qui subira potentiellement une circulation altern\u00e9e jusqu\u2019en septembre\u00a02026.<\/p>\n<p>    Les chantiers termin\u00e9s au 1er\u00a0septembre 2025<\/p>\n<p>Plusieurs travaux de r\u00e9am\u00e9nagement prendront fin d\u2019ici la rentr\u00e9e de septembre\u00a02025, pour le plus grand bonheur des automobilistes et cyclistes.\u00a0Partag\u00e9es dans un communiqu\u00e9 de la mairie, certaines voies routi\u00e8res seront enti\u00e8rement rouvertes avant le 1er\u00a0septembre. Il s\u2019agit du boulevard Netwiller (d\u00e9j\u00e0 termin\u00e9), de la route de Lab\u00e8ge M16 et du chemin de Fondargent \u2013 situ\u00e9 \u00e0 Saint-Orens M2 \u2013 (pr\u00e9vu le 28\u00a0ao\u00fbt). La place de l\u2019\u00e9glise Saint-Simon, sur le chemin de Basso-Cambo, rouvre quant \u00e0 elle le 29\u00a0ao\u00fbt. La rue Fermat \u2013 Perchepinte pr\u00e9voit une fin des travaux de la couche de roulement le 31\u00a0ao\u00fbt.\u00a0Au 1er\u00a0septembre, la route de Launaguet, la rue \u00c9tienne-Billi\u00e8re et le quartier des 7 Derniers retrouveront \u00e9galement une circulation plus fluide. Il en sera de m\u00eame pour l\u2019avenue Louis-Bazerque et l\u2019avenue des Ar\u00e8nes Romaines, qui accueilleront toutes deux de toutes nouvelles pistes cyclables. Ces deux projets, organis\u00e9s par la m\u00e9tropole toulousaine, s\u2019inscrivent dans le plan d\u2019am\u00e9nagement du R\u00e9seau Express V\u00e9lo (REV).<\/p>\n","protected":false},"excerpt":{"rendered":"l&rsquo;essentiel Route de Revel, route d\u2019Albi, C\u00e9pi\u00e8re, Grand rue Saint-Michel\u2026 Plusieurs axes de Toulouse vont encore\u00a0\u00eatre satur\u00e9s \u00e0&hellip;\n","protected":false},"author":2,"featured_media":344387,"comment_status":"","ping_status":"","sticky":false,"template":"","format":"standard","meta":{"footnotes":""},"categories":[2816],"tags":[1111,11,1777,674,1011,27,12,2680,25,2312],"class_list":{"0":"post-344386","1":"post","2":"type-post","3":"status-publish","4":"format-standard","5":"has-post-thumbnail","7":"category-toulouse","8":"tag-actu","9":"tag-actualites","10":"tag-eu","11":"tag-europe","12":"tag-fr","13":"tag-france","14":"tag-news","15":"tag-occitanie","16":"tag-republique-francaise","17":"tag-toulouse"},"share_on_mastodon":{"url":"https:\/\/pubeurope.com\/@fr\/115093234561575805","error":""},"_links":{"self":[{"href":"https:\/\/www.europesays.com\/fr\/wp-json\/wp\/v2\/posts\/344386","targetHints":{"allow":["GET"]}}],"collection":[{"href":"https:\/\/www.europesays.com\/fr\/wp-json\/wp\/v2\/posts"}],"about":[{"href":"https:\/\/www.europesays.com\/fr\/wp-json\/wp\/v2\/types\/post"}],"author":[{"embeddable":true,"href":"https:\/\/www.europesays.com\/fr\/wp-json\/wp\/v2\/users\/2"}],"replies":[{"embeddable":true,"href":"https:\/\/www.europesays.com\/fr\/wp-json\/wp\/v2\/comments?post=344386"}],"version-history":[{"count":0,"href":"https:\/\/www.europesays.com\/fr\/wp-json\/wp\/v2\/posts\/344386\/revisions"}],"wp:featuredmedia":[{"embeddable":true,"href":"https:\/\/www.europesays.com\/fr\/wp-json\/wp\/v2\/media\/344387"}],"wp:attachment":[{"href":"https:\/\/www.europesays.com\/fr\/wp-json\/wp\/v2\/media?parent=344386"}],"wp:term":[{"taxonomy":"category","embeddable":true,"href":"https:\/\/www.europesays.com\/fr\/wp-json\/wp\/v2\/categories?post=344386"},{"taxonomy":"post_tag","embeddable":true,"href":"https:\/\/www.europesays.com\/fr\/wp-json\/wp\/v2\/tags?post=344386"}],"curies":[{"name":"wp","href":"https:\/\/api.w.org\/{rel}","templated":true}]}}