{"id":344390,"date":"2025-08-26T04:45:10","date_gmt":"2025-08-26T04:45:10","guid":{"rendered":"https:\/\/www.europesays.com\/fr\/344390\/"},"modified":"2025-08-26T04:45:10","modified_gmt":"2025-08-26T04:45:10","slug":"delta-festival-2025-circulation-interdite-bus-et-metros-devies-une-immense-foule-attendue-a-marseille","status":"publish","type":"post","link":"https:\/\/www.europesays.com\/fr\/344390\/","title":{"rendered":"Delta Festival 2025. Circulation interdite, bus et m\u00e9tros d\u00e9vi\u00e9s&#8230; Une immense foule attendue \u00e0 Marseille"},"content":{"rendered":"<p>            Par<br \/>\n        <strong><br \/>\n            <a href=\"https:\/\/actu.fr\/auteur\/thibault-nadal-actu-fr\" title=\"Consulter tous les articles de Thibault Nadal\" target=\"_blank\" rel=\"noopener\">Thibault Nadal<\/a><br \/>\n        <\/strong><\/p>\n<p>        Publi\u00e9 le<\/p>\n<p>            26 ao\u00fbt 2025 \u00e0 6h04        <\/p>\n<p>C\u2019est l\u2019\u00e9v\u00e9nement musical de l\u2019ann\u00e9e \u00e0 <a href=\"https:\/\/actu.fr\/marseille\/\" target=\"_blank\" rel=\"noopener\">Marseille<\/a>. Comme chaque \u00e9t\u00e9 depuis plus de dix ans, le Delta Festival se tient sur <a href=\"https:\/\/actu.fr\/tag\/plage-du-prado\" target=\"_blank\" rel=\"noopener\">les plages du Prado<\/a> dans le 8e arrondissement. Pour cette nouvelle \u00e9dition programm\u00e9e <strong>du mercredi\u00a027 au dimanche 31\u00a0ao\u00fbt 2025<\/strong>, plus de 250 artistes, dont SDM, Bob Sinclar ou Bon Entendeur, sont attendus, ainsi que <strong>175\u2009000 festivaliers<\/strong>.<\/p>\n<p>    <a href=\"https:\/\/www.google.com\/maps\/embed?pb=!1m18!1m12!1m3!1d11623.303002507779!2d5.363161273701592!3d43.25507361588784!2m3!1f0!2f0!3f0!3m2!1i1024!2i768!4f13.1!3m3!1m2!1s0x12c9c76ccecfb6d5%3A0x17f2517923877d35!2sPlages%20du%20Prado!5e0!3m2!1sfr!2sfr!4v1756129171976!5m2!1sfr!2sfr\" title=\"Ouvrie le lien\" target=\"_blank\" rel=\"noopener\">Cliquez ici pour visualiser le contenu<\/a><\/p>\n<p>Le m\u00e9tro prolong\u00e9, plusieurs arr\u00eats de bus non desservis<\/p>\n<p class=\" wall-content\">Mais pour assurer le bon d\u00e9roul\u00e9 du festival et \u00e9viter la pagaille, <a href=\"https:\/\/actu.fr\/tag\/rtm\" target=\"_blank\" rel=\"noopener\">la R\u00e9gie des transports m\u00e9tropolitains<\/a> (RTM) a d\u00e9cid\u00e9 <strong>\u00ab\u2009d\u2019adapter et de prolonger\u2009\u00bb son service<\/strong> durant cinq jours.<\/p>\n<p class=\" wall-content\"><strong>Un service de navette<\/strong> sera notamment mis en place entre le Rond-Point du Prado et la statue du David, \u00ab\u2009avec une fr\u00e9quence de sept minutes, de 21h \u00e0 la fin de service du m\u00e9tro\u2009\u00bb. Ces bus circuleront de 21h \u00e0 1h du matin mercredi\u00a027 et jeudi, de 21h \u00e0 3h du matin de vendredi \u00e0 samedi et de 21h \u00e0 minuit dimanche.<\/p>\n<p>Voici les d\u00e9tails\u2009:<\/p>\n<p class=\" wall-content\"><strong>M1 et M2<\/strong>\u2009:<\/p>\n<ul class=\" wall-content\">\n<li>Mercredi\u00a027 et jeudi 28\u00a0ao\u00fbt\u2009: dernier d\u00e9part des 4 terminus\u2009: 1h.<\/li>\n<li>Vendredi\u00a029 et samedi 30\u00a0ao\u00fbt\u2009: dernier d\u00e9part des 4 terminus\u2009: 4h.<\/li>\n<li>Dimanche 31\u00a0ao\u00fbt\u2009: service normal.<\/li>\n<\/ul>\n<p class=\" wall-content\"><strong>Bus 19<\/strong>\u2009:<\/p>\n<p>Votre r\u00e9gion, votre actu !<\/p>\n<p>Recevez chaque jour les infos qui comptent pour vous.<\/p>\n<p>\t<a href=\"https:\/\/actu.fr\/newsletter\" class=\"ac-btn ac-btn--corner ac-btn--medium ac-btn--blue800\" target=\"_blank\" rel=\"noopener\">S&rsquo;incrire<\/a><\/p>\n<ul class=\" wall-content\">\n<li>Huit arr\u00eats non desservis dans les deux sens\u2009: M\u00e9tro Rond Point du Prado, Prado St Giniez, Prado Saint-Exup\u00e9ry, Prado Tunis, Parc Bor\u00e9ly, Plage du Prado, Plage de l\u2019Huveaune et Escale Bor\u00e9ly.<\/li>\n<li>D\u00e9viation dans les deux sens \u00e0 partir du Rond-Point du Prado par bd Michelet, avenue de Mazargues, avenue de Bonneveine, avenue Pierre Mendes France comme suit\u2009: mercredi\u00a027 et jeudi 28\u00a0ao\u00fbt de 22h30 \u00e0 la fin de service, vendredi\u00a029 et samedi 30\u00a0ao\u00fbt de 23h30 \u00e0 la fin de service et dimanche 31\u00a0ao\u00fbt de 21h30 \u00e0 la fin de service.<\/li>\n<\/ul>\n<p class=\" wall-content\"><strong>Bus 19B<\/strong>\u2009:<\/p>\n<ul class=\" wall-content\">\n<li>Huit arr\u00eats non desservis\u2009: M\u00e9tro Rond Point du Prado, Prado St Giniez, Prado Saint-Exup\u00e9ry, Prado Tunis, Parc Bor\u00e9ly, Plage du Prado, Plage de l\u2019Huveaune et Escale Bor\u00e9ly\/<\/li>\n<li>Terminus M\u00e9tro Rond Point du Prado d\u00e9plac\u00e9 \u00e0 Gare d\u2019\u00e9change Rd-pt du Prado avec d\u00e9viation dans les 2 sens par bd Michelet, av Alexandre Dumas et av de Bonneveine, comme suit\u2009: mercredi\u00a027 et jeudi 28\u00a0ao\u00fbt de 22h30 \u00e0 la fin de service, vendredi\u00a029 et samedi 30\u00a0ao\u00fbt de 23h30 \u00e0 la fin de service et dimanche 31\u00a0ao\u00fbt de 21h30 \u00e0 la fin de service.<\/li>\n<\/ul>\n<p>Des restrictions de circulation<\/p>\n<p class=\" wall-content\">Sur les routes, il sera difficile de circuler tout le long des plages du Prado, entre le Rond-point du David vers le Rond-point Henri Frenay.<\/p>\n<p class=\" wall-content\">Aucun arr\u00eat\u00e9 n\u2019a officiellement \u00e9t\u00e9 promulgu\u00e9 pour le moment. Mais les organisateurs expliquent \u00e0 actu Marseille que la circulation \u00ab\u2009sera ferm\u00e9e \u00e0 l\u2019heure de sortie des festivaliers pour des questions de s\u00e9curit\u00e9 et aussi pour \u00e9viter la foire aux klaxons pour le voisinage\u2009\u00bb.<\/p>\n<p class=\" wall-content\">Personnalisez votre actualit\u00e9 en ajoutant vos villes et m\u00e9dias en favori avec <a href=\"https:\/\/moncompte.actu.fr\" title=\"D\u00e9couvez Mon Actu\" rel=\"nofollow noopener\" data-trk=\"{&quot;cta&quot;:{&quot;action&quot;:&quot;https:\\\/\\\/moncompte.actu.fr&quot;,&quot;category&quot;:&quot;mon compte&quot;,&quot;from&quot;:&quot;article footer&quot;,&quot;name&quot;:&quot;Mon actu&quot;,&quot;type&quot;:&quot;cta&quot;}}\" target=\"_blank\">Mon Actu<\/a>.<\/p>\n","protected":false},"excerpt":{"rendered":"Par Thibault Nadal Publi\u00e9 le 26 ao\u00fbt 2025 \u00e0 6h04 C\u2019est l\u2019\u00e9v\u00e9nement musical de l\u2019ann\u00e9e \u00e0 Marseille. Comme&hellip;\n","protected":false},"author":2,"featured_media":344391,"comment_status":"","ping_status":"","sticky":false,"template":"","format":"standard","meta":{"footnotes":""},"categories":[2814],"tags":[1111,11,1777,674,1011,27,884,12,5448,882,25,10783,104,2803],"class_list":{"0":"post-344390","1":"post","2":"type-post","3":"status-publish","4":"format-standard","5":"has-post-thumbnail","7":"category-marseille","8":"tag-actu","9":"tag-actualites","10":"tag-eu","11":"tag-europe","12":"tag-fr","13":"tag-france","14":"tag-marseille","15":"tag-news","16":"tag-plage-du-prado","17":"tag-provence-alpes-cote-dazur","18":"tag-republique-francaise","19":"tag-rtm","20":"tag-societe","21":"tag-transport"},"share_on_mastodon":{"url":"https:\/\/pubeurope.com\/@fr\/115093249969733716","error":""},"_links":{"self":[{"href":"https:\/\/www.europesays.com\/fr\/wp-json\/wp\/v2\/posts\/344390","targetHints":{"allow":["GET"]}}],"collection":[{"href":"https:\/\/www.europesays.com\/fr\/wp-json\/wp\/v2\/posts"}],"about":[{"href":"https:\/\/www.europesays.com\/fr\/wp-json\/wp\/v2\/types\/post"}],"author":[{"embeddable":true,"href":"https:\/\/www.europesays.com\/fr\/wp-json\/wp\/v2\/users\/2"}],"replies":[{"embeddable":true,"href":"https:\/\/www.europesays.com\/fr\/wp-json\/wp\/v2\/comments?post=344390"}],"version-history":[{"count":0,"href":"https:\/\/www.europesays.com\/fr\/wp-json\/wp\/v2\/posts\/344390\/revisions"}],"wp:featuredmedia":[{"embeddable":true,"href":"https:\/\/www.europesays.com\/fr\/wp-json\/wp\/v2\/media\/344391"}],"wp:attachment":[{"href":"https:\/\/www.europesays.com\/fr\/wp-json\/wp\/v2\/media?parent=344390"}],"wp:term":[{"taxonomy":"category","embeddable":true,"href":"https:\/\/www.europesays.com\/fr\/wp-json\/wp\/v2\/categories?post=344390"},{"taxonomy":"post_tag","embeddable":true,"href":"https:\/\/www.europesays.com\/fr\/wp-json\/wp\/v2\/tags?post=344390"}],"curies":[{"name":"wp","href":"https:\/\/api.w.org\/{rel}","templated":true}]}}